{"id":18583,"date":"2022-11-12T17:03:36","date_gmt":"2022-11-12T20:03:36","guid":{"rendered":"https:\/\/revistaepocadigital.com.ar\/?p=18583"},"modified":"2022-11-14T09:00:45","modified_gmt":"2022-11-14T12:00:45","slug":"kick-boxing-en-capilla-del-senor","status":"publish","type":"post","link":"https:\/\/revistaepocadigital.com.ar\/?p=18583","title":{"rendered":"Kick Boxing.   Lemuel Nassivera gan\u00f3 el torneo y clasific\u00f3 para Cataratasc y para Mundial\u00a0en\u00a0Espa\u00f1a"},"content":{"rendered":"<p>Actualizaci\u00f3n:<\/p>\n<p>El pibe capillense Lemuel Nassivera gan\u00f3 la medalla de oro y clasificaci\u00f3n concretada para el certamen sudamericano en Cataratas y al Mundial 2023 en Espa\u00f1a.<\/p>\n<hr \/>\n<p>&nbsp;<\/p>\n<p style=\"text-align: center;\"><img loading=\"lazy\" decoding=\"async\" class=\"aligncenter size-full wp-image-18584\" src=\"https:\/\/revistaepocadigital.com.ar\/wp-content\/uploads\/2022\/11\/07210b4c-d16c-4b1e-840e-f60852510c95.jpg\" alt=\"\" width=\"794\" height=\"1123\" srcset=\"https:\/\/revistaepocadigital.com.ar\/wp-content\/uploads\/2022\/11\/07210b4c-d16c-4b1e-840e-f60852510c95.jpg 794w, https:\/\/revistaepocadigital.com.ar\/wp-content\/uploads\/2022\/11\/07210b4c-d16c-4b1e-840e-f60852510c95-212x300.jpg 212w, https:\/\/revistaepocadigital.com.ar\/wp-content\/uploads\/2022\/11\/07210b4c-d16c-4b1e-840e-f60852510c95-768x1086.jpg 768w, https:\/\/revistaepocadigital.com.ar\/wp-content\/uploads\/2022\/11\/07210b4c-d16c-4b1e-840e-f60852510c95-696x984.jpg 696w, https:\/\/revistaepocadigital.com.ar\/wp-content\/uploads\/2022\/11\/07210b4c-d16c-4b1e-840e-f60852510c95-297x420.jpg 297w, https:\/\/revistaepocadigital.com.ar\/wp-content\/uploads\/2022\/11\/07210b4c-d16c-4b1e-840e-f60852510c95-594x840.jpg 594w\" sizes=\"auto, (max-width: 794px) 100vw, 794px\" \/><br \/>\nEste torneo tiene lugar por primera vez en capilla del se\u00f1or el domingo pr\u00f3ximo 20\/11\/22 en len campo de deported municipal estadio Arnaldo Nene Sosa.<\/p>\n<h2 style=\"text-align: center;\">Torneo para clasificaci\u00f3n a campeonatos en Cataratas y al mundial en Espa\u00f1a<\/h2>\n<p><img loading=\"lazy\" decoding=\"async\" class=\"aligncenter size-full wp-image-18590\" src=\"https:\/\/revistaepocadigital.com.ar\/wp-content\/uploads\/2022\/11\/dde9fd1e-da12-489a-8d65-911cb7270ee7-e1668283879875.jpg\" alt=\"\" width=\"720\" height=\"896\" srcset=\"https:\/\/revistaepocadigital.com.ar\/wp-content\/uploads\/2022\/11\/dde9fd1e-da12-489a-8d65-911cb7270ee7-e1668283879875.jpg 720w, https:\/\/revistaepocadigital.com.ar\/wp-content\/uploads\/2022\/11\/dde9fd1e-da12-489a-8d65-911cb7270ee7-e1668283879875-241x300.jpg 241w, https:\/\/revistaepocadigital.com.ar\/wp-content\/uploads\/2022\/11\/dde9fd1e-da12-489a-8d65-911cb7270ee7-e1668283879875-696x866.jpg 696w, https:\/\/revistaepocadigital.com.ar\/wp-content\/uploads\/2022\/11\/dde9fd1e-da12-489a-8d65-911cb7270ee7-e1668283879875-338x420.jpg 338w, https:\/\/revistaepocadigital.com.ar\/wp-content\/uploads\/2022\/11\/dde9fd1e-da12-489a-8d65-911cb7270ee7-e1668283879875-675x840.jpg 675w\" sizes=\"auto, (max-width: 720px) 100vw, 720px\" \/><\/p>\n<p>Todos ellos pelean ma\u00f1ana para clasificar para Espa\u00f1a y para Cataratas, todos son del Mi\u00f1o Team Dojo Serpiente Capilla del Se\u00f1or<\/p>\n","protected":false},"excerpt":{"rendered":"<p>Actualizaci\u00f3n: El pibe capillense Lemuel Nassivera gan\u00f3 la medalla de oro y clasificaci\u00f3n concretada para el certamen sudamericano en Cataratas y al Mundial 2023 en Espa\u00f1a. &nbsp; Este torneo tiene lugar por primera vez en capilla del se\u00f1or el domingo pr\u00f3ximo 20\/11\/22 en len campo de deported municipal estadio Arnaldo Nene Sosa. Torneo para clasificaci\u00f3n [&hellip;]<\/p>\n","protected":false},"author":3,"featured_media":18594,"comment_status":"open","ping_status":"open","sticky":false,"template":"","format":"standard","meta":{"footnotes":"","jetpack_publicize_message":"","jetpack_publicize_feature_enabled":true,"jetpack_social_post_already_shared":false,"jetpack_social_options":{"image_generator_settings":{"template":"highway","default_image_id":0,"font":"","enabled":false},"version":2}},"categories":[14],"tags":[],"class_list":["post-18583","post","type-post","status-publish","format-standard","has-post-thumbnail","hentry","category-la-gente"],"jetpack_publicize_connections":[],"jetpack_featured_media_url":"https:\/\/revistaepocadigital.com.ar\/wp-content\/uploads\/2022\/11\/kb.jpg","jetpack_likes_enabled":true,"_links":{"self":[{"href":"https:\/\/revistaepocadigital.com.ar\/index.php?rest_route=\/wp\/v2\/posts\/18583","targetHints":{"allow":["GET"]}}],"collection":[{"href":"https:\/\/revistaepocadigital.com.ar\/index.php?rest_route=\/wp\/v2\/posts"}],"about":[{"href":"https:\/\/revistaepocadigital.com.ar\/index.php?rest_route=\/wp\/v2\/types\/post"}],"author":[{"embeddable":true,"href":"https:\/\/revistaepocadigital.com.ar\/index.php?rest_route=\/wp\/v2\/users\/3"}],"replies":[{"embeddable":true,"href":"https:\/\/revistaepocadigital.com.ar\/index.php?rest_route=%2Fwp%2Fv2%2Fcomments&post=18583"}],"version-history":[{"count":0,"href":"https:\/\/revistaepocadigital.com.ar\/index.php?rest_route=\/wp\/v2\/posts\/18583\/revisions"}],"wp:featuredmedia":[{"embeddable":true,"href":"https:\/\/revistaepocadigital.com.ar\/index.php?rest_route=\/wp\/v2\/media\/18594"}],"wp:attachment":[{"href":"https:\/\/revistaepocadigital.com.ar\/index.php?rest_route=%2Fwp%2Fv2%2Fmedia&parent=18583"}],"wp:term":[{"taxonomy":"category","embeddable":true,"href":"https:\/\/revistaepocadigital.com.ar\/index.php?rest_route=%2Fwp%2Fv2%2Fcategories&post=18583"},{"taxonomy":"post_tag","embeddable":true,"href":"https:\/\/revistaepocadigital.com.ar\/index.php?rest_route=%2Fwp%2Fv2%2Ftags&post=18583"}],"curies":[{"name":"wp","href":"https:\/\/api.w.org\/{rel}","templated":true}]}}