{"id":18586,"date":"2022-11-12T17:08:46","date_gmt":"2022-11-12T20:08:46","guid":{"rendered":"https:\/\/revistaepocadigital.com.ar\/?p=18586"},"modified":"2022-11-12T17:08:46","modified_gmt":"2022-11-12T20:08:46","slug":"semana-de-la-prevencion-y-el-cuidado-de-la-diabetes","status":"publish","type":"post","link":"https:\/\/revistaepocadigital.com.ar\/?p=18586","title":{"rendered":"SEMANA DE LA PREVENCI\u00d3N Y EL CUIDADO DE LA DIABETES"},"content":{"rendered":"<p><span class=\"x193iq5w xeuugli x13faqbe x1vvkbs x1xmvt09 x1lliihq x1s928wv xhkezso x1gmr53x x1cpjm7i x1fgarty x1943h6x xudqn12 x3x7a5m x6prxxf xvq8zen xo1l8bm xzsf02u\" dir=\"auto\"><img loading=\"lazy\" decoding=\"async\" class=\"aligncenter size-full wp-image-18587\" src=\"https:\/\/revistaepocadigital.com.ar\/wp-content\/uploads\/2022\/11\/programa.jpg\" alt=\"\" width=\"897\" height=\"960\" srcset=\"https:\/\/revistaepocadigital.com.ar\/wp-content\/uploads\/2022\/11\/programa.jpg 897w, https:\/\/revistaepocadigital.com.ar\/wp-content\/uploads\/2022\/11\/programa-280x300.jpg 280w, https:\/\/revistaepocadigital.com.ar\/wp-content\/uploads\/2022\/11\/programa-768x822.jpg 768w, https:\/\/revistaepocadigital.com.ar\/wp-content\/uploads\/2022\/11\/programa-696x745.jpg 696w, https:\/\/revistaepocadigital.com.ar\/wp-content\/uploads\/2022\/11\/programa-392x420.jpg 392w, https:\/\/revistaepocadigital.com.ar\/wp-content\/uploads\/2022\/11\/programa-785x840.jpg 785w\" sizes=\"auto, (max-width: 897px) 100vw, 897px\" \/>El d\u00eda de la diabetes se conmemora cada 14 de noviembre y durante toda la semana se realizar\u00e1n diversas actividades de prevenci\u00f3n y cuidado, con el fin de concientizar acerca de las causas y el tratamiento de esta enfermedad en constante aumento.<\/p>\n<p>La diabetes es una enfermedad cr\u00f3nica que aparece cuando el p\u00e1ncreas no produce insulina suficiente o cuando el organismo no utiliza eficazmente la insulina que produce, siendo esta una hormona que regula el az\u00facar en la sangre.<\/p>\n<p>Con el paso del tiempo, la diabetes puede da\u00f1ar los ojos, ri\u00f1ones y nervios, causar enfermedades card\u00edacas, derrames cerebrales o causar da\u00f1os en las extremidades, que pueden llevar a la necesidad de amputaci\u00f3n<\/span><\/p>\n","protected":false},"excerpt":{"rendered":"<p>El d\u00eda de la diabetes se conmemora cada 14 de noviembre y durante toda la semana se realizar\u00e1n diversas actividades de prevenci\u00f3n y cuidado, con el fin de concientizar acerca de las causas y el tratamiento de esta enfermedad en constante aumento. La diabetes es una enfermedad cr\u00f3nica que aparece cuando el p\u00e1ncreas no produce [&hellip;]<\/p>\n","protected":false},"author":3,"featured_media":18587,"comment_status":"open","ping_status":"open","sticky":false,"template":"","format":"standard","meta":{"footnotes":"","jetpack_publicize_message":"","jetpack_publicize_feature_enabled":true,"jetpack_social_post_already_shared":false,"jetpack_social_options":{"image_generator_settings":{"template":"highway","default_image_id":0,"font":"","enabled":false},"version":2}},"categories":[13],"tags":[],"class_list":["post-18586","post","type-post","status-publish","format-standard","has-post-thumbnail","hentry","category-interes-general"],"jetpack_publicize_connections":[],"jetpack_featured_media_url":"https:\/\/revistaepocadigital.com.ar\/wp-content\/uploads\/2022\/11\/programa.jpg","jetpack_likes_enabled":true,"_links":{"self":[{"href":"https:\/\/revistaepocadigital.com.ar\/index.php?rest_route=\/wp\/v2\/posts\/18586","targetHints":{"allow":["GET"]}}],"collection":[{"href":"https:\/\/revistaepocadigital.com.ar\/index.php?rest_route=\/wp\/v2\/posts"}],"about":[{"href":"https:\/\/revistaepocadigital.com.ar\/index.php?rest_route=\/wp\/v2\/types\/post"}],"author":[{"embeddable":true,"href":"https:\/\/revistaepocadigital.com.ar\/index.php?rest_route=\/wp\/v2\/users\/3"}],"replies":[{"embeddable":true,"href":"https:\/\/revistaepocadigital.com.ar\/index.php?rest_route=%2Fwp%2Fv2%2Fcomments&post=18586"}],"version-history":[{"count":0,"href":"https:\/\/revistaepocadigital.com.ar\/index.php?rest_route=\/wp\/v2\/posts\/18586\/revisions"}],"wp:featuredmedia":[{"embeddable":true,"href":"https:\/\/revistaepocadigital.com.ar\/index.php?rest_route=\/wp\/v2\/media\/18587"}],"wp:attachment":[{"href":"https:\/\/revistaepocadigital.com.ar\/index.php?rest_route=%2Fwp%2Fv2%2Fmedia&parent=18586"}],"wp:term":[{"taxonomy":"category","embeddable":true,"href":"https:\/\/revistaepocadigital.com.ar\/index.php?rest_route=%2Fwp%2Fv2%2Fcategories&post=18586"},{"taxonomy":"post_tag","embeddable":true,"href":"https:\/\/revistaepocadigital.com.ar\/index.php?rest_route=%2Fwp%2Fv2%2Ftags&post=18586"}],"curies":[{"name":"wp","href":"https:\/\/api.w.org\/{rel}","templated":true}]}}