{"id":18596,"date":"2022-11-14T19:19:49","date_gmt":"2022-11-14T22:19:49","guid":{"rendered":"https:\/\/revistaepocadigital.com.ar\/?p=18596"},"modified":"2022-11-14T19:38:16","modified_gmt":"2022-11-14T22:38:16","slug":"impacto-politico-gambra-ganador-en-las-internas-radicales-y-nuevo-presidente-de-la-ucr","status":"publish","type":"post","link":"https:\/\/revistaepocadigital.com.ar\/?p=18596","title":{"rendered":"Impacto pol\u00edtico.  Gambra ganador en las internas radicales y nuevo presidente de la UCR"},"content":{"rendered":"<p><img loading=\"lazy\" decoding=\"async\" class=\"aligncenter size-full wp-image-18597\" src=\"https:\/\/revistaepocadigital.com.ar\/wp-content\/uploads\/2022\/11\/eb2d52da-6552-4255-85a7-016f8eb897ab.jpg\" alt=\"\" width=\"915\" height=\"499\" srcset=\"https:\/\/revistaepocadigital.com.ar\/wp-content\/uploads\/2022\/11\/eb2d52da-6552-4255-85a7-016f8eb897ab.jpg 915w, https:\/\/revistaepocadigital.com.ar\/wp-content\/uploads\/2022\/11\/eb2d52da-6552-4255-85a7-016f8eb897ab-300x164.jpg 300w, https:\/\/revistaepocadigital.com.ar\/wp-content\/uploads\/2022\/11\/eb2d52da-6552-4255-85a7-016f8eb897ab-768x419.jpg 768w, https:\/\/revistaepocadigital.com.ar\/wp-content\/uploads\/2022\/11\/eb2d52da-6552-4255-85a7-016f8eb897ab-696x380.jpg 696w, https:\/\/revistaepocadigital.com.ar\/wp-content\/uploads\/2022\/11\/eb2d52da-6552-4255-85a7-016f8eb897ab-770x420.jpg 770w\" sizes=\"auto, (max-width: 915px) 100vw, 915px\" \/>En las caldeadas internas radicales con el gui\u00f1o muy notorio de la gesti\u00f3n municipal Iv\u00e1n Gambra le gan\u00f3 al sector oficial de la UCR que postul\u00f3 a Jos\u00e9 Shmidt. Sobre un padr\u00f3n de 2035 afiliados la cantidad de votantes fue muy pobre. Gambra apenas 208 votos y Shmidt tan solo 100. Ante el respaldo de la administraci\u00f3n municipal a la lista 123 y su triunfo se abrieron grandes interrogantes en la UCR y su alianza con Juntos liderado por R\u00e1ul Sancho de cara a las elecciones de 2023. Recrudeci\u00f3 el fort\u00edsimo malestar y enfrentamiento del sector de la lista 114 a la 123 y al intendente Nanni por lo ocurrido en el proceso interno. Qu\u00e9 pasar\u00e1 ahora?<\/p>\n","protected":false},"excerpt":{"rendered":"<p>En las caldeadas internas radicales con el gui\u00f1o muy notorio de la gesti\u00f3n municipal Iv\u00e1n Gambra le gan\u00f3 al sector oficial de la UCR que postul\u00f3 a Jos\u00e9 Shmidt. Sobre un padr\u00f3n de 2035 afiliados la cantidad de votantes fue muy pobre. Gambra apenas 208 votos y Shmidt tan solo 100. Ante el respaldo de [&hellip;]<\/p>\n","protected":false},"author":3,"featured_media":18598,"comment_status":"open","ping_status":"open","sticky":false,"template":"","format":"standard","meta":{"footnotes":"","jetpack_publicize_message":"","jetpack_publicize_feature_enabled":true,"jetpack_social_post_already_shared":false,"jetpack_social_options":{"image_generator_settings":{"template":"highway","default_image_id":0,"font":"","enabled":false},"version":2}},"categories":[17],"tags":[],"class_list":["post-18596","post","type-post","status-publish","format-standard","has-post-thumbnail","hentry","category-politica"],"jetpack_publicize_connections":[],"jetpack_featured_media_url":"https:\/\/revistaepocadigital.com.ar\/wp-content\/uploads\/2022\/11\/49d55745-029e-4a4f-a9ab-b3861c6d9b6e.jpg","jetpack_likes_enabled":true,"_links":{"self":[{"href":"https:\/\/revistaepocadigital.com.ar\/index.php?rest_route=\/wp\/v2\/posts\/18596","targetHints":{"allow":["GET"]}}],"collection":[{"href":"https:\/\/revistaepocadigital.com.ar\/index.php?rest_route=\/wp\/v2\/posts"}],"about":[{"href":"https:\/\/revistaepocadigital.com.ar\/index.php?rest_route=\/wp\/v2\/types\/post"}],"author":[{"embeddable":true,"href":"https:\/\/revistaepocadigital.com.ar\/index.php?rest_route=\/wp\/v2\/users\/3"}],"replies":[{"embeddable":true,"href":"https:\/\/revistaepocadigital.com.ar\/index.php?rest_route=%2Fwp%2Fv2%2Fcomments&post=18596"}],"version-history":[{"count":0,"href":"https:\/\/revistaepocadigital.com.ar\/index.php?rest_route=\/wp\/v2\/posts\/18596\/revisions"}],"wp:featuredmedia":[{"embeddable":true,"href":"https:\/\/revistaepocadigital.com.ar\/index.php?rest_route=\/wp\/v2\/media\/18598"}],"wp:attachment":[{"href":"https:\/\/revistaepocadigital.com.ar\/index.php?rest_route=%2Fwp%2Fv2%2Fmedia&parent=18596"}],"wp:term":[{"taxonomy":"category","embeddable":true,"href":"https:\/\/revistaepocadigital.com.ar\/index.php?rest_route=%2Fwp%2Fv2%2Fcategories&post=18596"},{"taxonomy":"post_tag","embeddable":true,"href":"https:\/\/revistaepocadigital.com.ar\/index.php?rest_route=%2Fwp%2Fv2%2Ftags&post=18596"}],"curies":[{"name":"wp","href":"https:\/\/api.w.org\/{rel}","templated":true}]}}