{"id":18614,"date":"2023-02-03T11:02:09","date_gmt":"2023-02-03T14:02:09","guid":{"rendered":"https:\/\/revistaepocadigital.com.ar\/?p=18614"},"modified":"2023-03-01T00:56:01","modified_gmt":"2023-03-01T03:56:01","slug":"anses-informa","status":"publish","type":"post","link":"https:\/\/revistaepocadigital.com.ar\/?p=18614","title":{"rendered":"ANSES. AUMENTOS PARA JUBILADOS DOCENTES Y JUBILADOS DOCENTES UNIVERSITARIOS"},"content":{"rendered":"<div class=\"msg-body P_wpofO mq_AS\" data-test-id=\"message-view-body-content\">\n<div class=\"jb_0 X_6MGW N_6Fd5\">\n<div id=\"yiv3532060106\">\n<div class=\"yiv3532060106WordSection1\">\n<p class=\"yiv9571322594MsoNormal\"><strong>COMUNIC\u00d3 ANSES<\/strong>.<strong><!--more--><\/strong><\/p>\n<p class=\"yiv5974447850MsoNormal\">El primer aumento de 2023 para los\u00a0<b>jubilados docentes<\/b> ser\u00e1 del 18,69 por ciento, se aplicar\u00e1 en este mes de marzo y beneficiar\u00e1 a m\u00e1s de 160 mil personas. El pr\u00f3ximo ser\u00e1 en junio.<\/p>\n<p class=\"yiv5974447850MsoNormal\">En tanto, el primer incremento para\u00a0<b>jubilados docentes universitarios<\/b>\u00a0ser\u00e1 del 21,57 por ciento para el pr\u00f3ximo mes y beneficiar\u00e1 a m\u00e1s de 9 mil personas.<\/p>\n<p class=\"yiv5974447850MsoNormal\">Por decisi\u00f3n del Gobierno nacional, a fines de 2022 se trimestraliz\u00f3 la movilidad del R\u00e9gimen Especial para Docentes (Resoluci\u00f3n 1567\/2022) y del R\u00e9gimen Previsional Especial para el Personal Docente de las Universidades P\u00fablicas Nacionales (Resoluci\u00f3n 1566\/2022). A partir de esta movilidad, tendr\u00e1n cuatro aumentos por a\u00f1o.<\/p>\n<p>&nbsp;<\/p>\n<hr \/>\n<p class=\"yiv9571322594MsoNormal\">NOTA ANTERIOR<\/p>\n<p class=\"yiv9571322594MsoNormal\">Comenzaron los pagos de jubilaciones y pensiones m\u00ednimas, Asignaci\u00f3n Universal por Hija e Hijo (AUH) y Asignaci\u00f3n Familiar por Hija e Hijo.<\/p>\n<p class=\"yiv9571322594MsoNormal\">En tanto, los jubilados y pensionados reciben su haber junto a la tercera cuota el refuerzo de ingresos de 10 mil pesos, por lo que ninguna jubilaci\u00f3n queda por debajo de los 60 mil pesos.<\/p>\n<p class=\"yiv9571322594MsoNormal\">Cronogramas de pagos:<\/p>\n<p><strong>Jubilaciones y pensiones que no superen un haber m\u00ednimo<\/strong><\/p>\n<p><strong>\u00b7\u00a0\u00a0\u00a0\u00a0\u00a0\u00a0\u00a0\u00a0<\/strong><strong>DNI terminados en 0: 8 de febrero<\/strong><\/p>\n<p><strong>\u00b7\u00a0\u00a0\u00a0\u00a0\u00a0\u00a0\u00a0\u00a0<\/strong><strong>DNI terminados en 1: 9 de febrero<\/strong><\/p>\n<p><strong>\u00b7\u00a0\u00a0\u00a0\u00a0\u00a0\u00a0\u00a0\u00a0<\/strong><strong>DNI terminados en 2: 10 de febrero<\/strong><\/p>\n<p><strong>\u00b7\u00a0\u00a0\u00a0\u00a0\u00a0\u00a0\u00a0\u00a0<\/strong><strong>DNI terminados en 3: 13 de febrero<\/strong><\/p>\n<p><strong>\u00b7\u00a0\u00a0\u00a0\u00a0\u00a0\u00a0\u00a0\u00a0<\/strong><strong>DNI terminados en 4: 14 de febrero<\/strong><\/p>\n<p><strong>\u00b7\u00a0\u00a0\u00a0\u00a0\u00a0\u00a0\u00a0\u00a0<\/strong><strong>DNI terminados en 5: 15 de febrero<\/strong><\/p>\n<p><strong>\u00b7\u00a0\u00a0\u00a0\u00a0\u00a0\u00a0\u00a0\u00a0<\/strong><strong>DNI terminados en 6: 15 de febrero<\/strong><\/p>\n<p><strong>\u00b7\u00a0\u00a0\u00a0\u00a0\u00a0\u00a0\u00a0\u00a0<\/strong><strong>DNI terminados en 7: 16 de febrero<\/strong><\/p>\n<p><strong>\u00b7\u00a0\u00a0\u00a0\u00a0\u00a0\u00a0\u00a0\u00a0<\/strong><strong>DNI terminados en 8: 16 de febrero<\/strong><\/p>\n<p><strong>\u00b7\u00a0\u00a0\u00a0\u00a0\u00a0\u00a0\u00a0\u00a0<\/strong><strong>DNI terminados en 9: 17 de febrero<\/strong><\/p>\n<p><strong>\u00a0<\/strong><\/p>\n<p><strong>Asignaci\u00f3n Universal y Asignaci\u00f3n Familiar por Hijo<\/strong><\/p>\n<p><strong>\u00b7\u00a0\u00a0\u00a0\u00a0\u00a0\u00a0\u00a0\u00a0<\/strong><strong>DNI terminados en 0: 8 de febrero<\/strong><\/p>\n<p><strong>\u00b7\u00a0\u00a0\u00a0\u00a0\u00a0\u00a0\u00a0\u00a0<\/strong><strong>DNI terminados en 1: 9 de febrero<\/strong><\/p>\n<p><strong>\u00b7\u00a0\u00a0\u00a0\u00a0\u00a0\u00a0\u00a0\u00a0<\/strong><strong>DNI terminados en 2: 10 de febrero<\/strong><\/p>\n<p><strong>\u00b7\u00a0\u00a0\u00a0\u00a0\u00a0\u00a0\u00a0\u00a0<\/strong><strong>DNI terminados en 3: 13 de febrero<\/strong><\/p>\n<p><strong>\u00b7\u00a0\u00a0\u00a0\u00a0\u00a0\u00a0\u00a0\u00a0<\/strong><strong>DNI terminados en 4: 14 de febrero<\/strong><\/p>\n<p><strong>\u00b7\u00a0\u00a0\u00a0\u00a0\u00a0\u00a0\u00a0\u00a0<\/strong><strong>DNI terminados en 5: 15 de febrero<\/strong><\/p>\n<p><strong>\u00b7\u00a0\u00a0\u00a0\u00a0\u00a0\u00a0\u00a0\u00a0<\/strong><strong>DNI terminados en 6: 16 de febrero<\/strong><\/p>\n<p><strong>\u00b7\u00a0\u00a0\u00a0\u00a0\u00a0\u00a0\u00a0\u00a0<\/strong><strong>DNI terminados en 7: 17 de febrero<\/strong><\/p>\n<p><strong>\u00b7\u00a0\u00a0\u00a0\u00a0\u00a0\u00a0\u00a0\u00a0<\/strong><strong>DNI terminados en 8: 22 de febrero<\/strong><\/p>\n<p><strong>\u00b7\u00a0\u00a0\u00a0\u00a0\u00a0\u00a0\u00a0\u00a0<\/strong><strong>DNI terminados en 9: 23 de febrero<\/strong><\/p>\n<p><strong>\u00a0<\/strong><\/p>\n<p class=\"yiv3532060106MsoNormal\"><strong>\u00ba\u00ba\u00ba\u00ba\u00ba\u00ba\u00ba\u00ba\u00ba\u00ba\u00ba\u00ba\u00ba\u00ba\u00ba\u00ba\u00ba\u00ba\u00ba\u00ba\u00ba\u00ba\u00ba\u00ba\u00ba\u00ba\u00ba\u00ba\u00ba\u00ba\u00ba\u00ba\u00ba\u00ba\u00ba\u00ba\u00ba\u00ba\u00ba\u00ba\u00ba\u00ba\u00ba\u00ba\u00ba\u00ba\u00ba\u00ba\u00ba\u00ba\u00ba\u00ba\u00ba\u00ba\u00ba\u00ba\u00ba\u00ba\u00ba\u00ba\u00ba\u00ba\u00ba\u00ba\u00ba\u00ba\u00ba\u00ba\u00ba\u00ba\u00ba\u00ba\u00ba\u00ba<\/strong><\/p>\n<p>nota anterior<\/p>\n<p class=\"yiv3532060106MsoNormal\"><strong>ANSES inform\u00f3.<!--more--><\/strong><\/p>\n<p><strong>Los calendarios de pagos de <\/strong><strong>febrero<\/strong><strong>\u00a0para jubiladas, jubilados, pensionadas, pensionados, Pensiones No Contributivas y titulares de la Asignaci\u00f3n Universal por Hijo, Asignaci\u00f3n por Embarazo, Asignaciones Familiares, Pago \u00danico (Matrimonio, Nacimiento y Adopci\u00f3n) y Prestaci\u00f3n por Desempleo.<\/strong><\/p>\n<p><strong>Jubilaciones y pensiones que no superen un haber m\u00ednimo<\/strong><\/p>\n<p><strong>\u00b7\u00a0\u00a0\u00a0\u00a0\u00a0\u00a0\u00a0\u00a0<\/strong><strong>DNI terminados en 0: 8 de febrero<\/strong><\/p>\n<p><strong>\u00b7\u00a0\u00a0\u00a0\u00a0\u00a0\u00a0\u00a0\u00a0<\/strong><strong>DNI terminados en 1: 9 de febrero<\/strong><\/p>\n<p><strong>\u00b7\u00a0\u00a0\u00a0\u00a0\u00a0\u00a0\u00a0\u00a0<\/strong><strong>DNI terminados en 2: 10 de febrero<\/strong><\/p>\n<p><strong>\u00b7\u00a0\u00a0\u00a0\u00a0\u00a0\u00a0\u00a0\u00a0<\/strong><strong>DNI terminados en 3: 13 de febrero<\/strong><\/p>\n<p><strong>\u00b7\u00a0\u00a0\u00a0\u00a0\u00a0\u00a0\u00a0\u00a0<\/strong><strong>DNI terminados en 4: 14 de febrero<\/strong><\/p>\n<p><strong>\u00b7\u00a0\u00a0\u00a0\u00a0\u00a0\u00a0\u00a0\u00a0<\/strong><strong>DNI terminados en 5: 15 de febrero<\/strong><\/p>\n<p><strong>\u00b7\u00a0\u00a0\u00a0\u00a0\u00a0\u00a0\u00a0\u00a0<\/strong><strong>DNI terminados en 6: 15 de febrero<\/strong><\/p>\n<p><strong>\u00b7\u00a0\u00a0\u00a0\u00a0\u00a0\u00a0\u00a0\u00a0<\/strong><strong>DNI terminados en 7: 16 de febrero<\/strong><\/p>\n<p><strong>\u00b7\u00a0\u00a0\u00a0\u00a0\u00a0\u00a0\u00a0\u00a0<\/strong><strong>DNI terminados en 8: 16 de febrero<\/strong><\/p>\n<p><strong>\u00b7\u00a0\u00a0\u00a0\u00a0\u00a0\u00a0\u00a0\u00a0<\/strong><strong>DNI terminados en 9: 17 de febrero<\/strong><\/p>\n<p><strong>\u00a0<\/strong><\/p>\n<p><strong>Jubilaciones y pensiones que superen un haber m\u00ednimo<\/strong><\/p>\n<p><strong>\u00b7\u00a0\u00a0\u00a0\u00a0\u00a0\u00a0\u00a0\u00a0<\/strong><strong>DNI terminados en 0 y 1: 22 de febrero<\/strong><\/p>\n<p><strong>\u00b7\u00a0\u00a0\u00a0\u00a0\u00a0\u00a0\u00a0\u00a0<\/strong><strong>DNI terminados en 2 y 3: 23 de febrero<\/strong><\/p>\n<p><strong>\u00b7\u00a0\u00a0\u00a0\u00a0\u00a0\u00a0\u00a0\u00a0<\/strong><strong>DNI terminados en 4 y 5: 24 de febrero<\/strong><\/p>\n<p><strong>\u00b7\u00a0\u00a0\u00a0\u00a0\u00a0\u00a0\u00a0\u00a0<\/strong><strong>DNI terminados en 6 y 7: 27 de febrero<\/strong><\/p>\n<p><strong>\u00b7\u00a0\u00a0\u00a0\u00a0\u00a0\u00a0\u00a0\u00a0<\/strong><strong>DNI terminados en 8 y 9: 28 de febrero<\/strong><\/p>\n<p><strong>\u00a0<\/strong><\/p>\n<p><strong>Asignaci\u00f3n Universal por Hijo y Asignaci\u00f3n Familiar por Hijo<\/strong><\/p>\n<p><strong>\u00b7\u00a0\u00a0\u00a0\u00a0\u00a0\u00a0\u00a0\u00a0<\/strong><strong>DNI terminados en 0: 8 de febrero<\/strong><\/p>\n<p><strong>\u00b7\u00a0\u00a0\u00a0\u00a0\u00a0\u00a0\u00a0\u00a0<\/strong><strong>DNI terminados en 1: 9 de febrero<\/strong><\/p>\n<p><strong>\u00b7\u00a0\u00a0\u00a0\u00a0\u00a0\u00a0\u00a0\u00a0<\/strong><strong>DNI terminados en 2: 10 de febrero<\/strong><\/p>\n<p><strong>\u00b7\u00a0\u00a0\u00a0\u00a0\u00a0\u00a0\u00a0\u00a0<\/strong><strong>DNI terminados en 3: 13 de febrero<\/strong><\/p>\n<p><strong>\u00b7\u00a0\u00a0\u00a0\u00a0\u00a0\u00a0\u00a0\u00a0<\/strong><strong>DNI terminados en 4: 14 de febrero<\/strong><\/p>\n<p><strong>\u00b7\u00a0\u00a0\u00a0\u00a0\u00a0\u00a0\u00a0\u00a0<\/strong><strong>DNI terminados en 5: 15 de febrero<\/strong><\/p>\n<p><strong>\u00b7\u00a0\u00a0\u00a0\u00a0\u00a0\u00a0\u00a0\u00a0<\/strong><strong>DNI terminados en 6: 16 de febrero<\/strong><\/p>\n<p><strong>\u00b7\u00a0\u00a0\u00a0\u00a0\u00a0\u00a0\u00a0\u00a0<\/strong><strong>DNI terminados en 7: 17 de febrero<\/strong><\/p>\n<p><strong>\u00b7\u00a0\u00a0\u00a0\u00a0\u00a0\u00a0\u00a0\u00a0<\/strong><strong>DNI terminados en 8: 22 de febrero<\/strong><\/p>\n<p><strong>\u00b7\u00a0\u00a0\u00a0\u00a0\u00a0\u00a0\u00a0\u00a0<\/strong><strong>DNI terminados en 9: 23 de febrero<\/strong><\/p>\n<p><strong>\u00a0<\/strong><\/p>\n<p><strong>Asignaci\u00f3n por Embarazo<\/strong><\/p>\n<p><strong>\u00b7\u00a0\u00a0\u00a0\u00a0\u00a0\u00a0\u00a0\u00a0<\/strong><strong>DNI terminados en 0: 10 de febrero<\/strong><\/p>\n<p><strong>\u00b7\u00a0\u00a0\u00a0\u00a0\u00a0\u00a0\u00a0\u00a0<\/strong><strong>DNI terminados en 1: 13 de febrero<\/strong><\/p>\n<p><strong>\u00b7\u00a0\u00a0\u00a0\u00a0\u00a0\u00a0\u00a0\u00a0<\/strong><strong>DNI terminados en 2: 14 de febrero<\/strong><\/p>\n<p><strong>\u00b7\u00a0\u00a0\u00a0\u00a0\u00a0\u00a0\u00a0\u00a0<\/strong><strong>DNI terminados en 3: 15 de febrero<\/strong><\/p>\n<p><strong>\u00b7\u00a0\u00a0\u00a0\u00a0\u00a0\u00a0\u00a0\u00a0<\/strong><strong>DNI terminados en 4: 16 de febrero<\/strong><\/p>\n<p><strong>\u00b7\u00a0\u00a0\u00a0\u00a0\u00a0\u00a0\u00a0\u00a0<\/strong><strong>DNI terminados en 5: 17 de febrero<\/strong><\/p>\n<p><strong>\u00b7\u00a0\u00a0\u00a0\u00a0\u00a0\u00a0\u00a0\u00a0<\/strong><strong>DNI terminados en 6: 22 de febrero<\/strong><\/p>\n<p><strong>\u00b7\u00a0\u00a0\u00a0\u00a0\u00a0\u00a0\u00a0\u00a0<\/strong><strong>DNI terminados en 7: 23 de febrero<\/strong><\/p>\n<p><strong>\u00b7\u00a0\u00a0\u00a0\u00a0\u00a0\u00a0\u00a0\u00a0<\/strong><strong>DNI terminados en 8: 24 de febrero<\/strong><\/p>\n<p><strong>\u00b7\u00a0\u00a0\u00a0\u00a0\u00a0\u00a0\u00a0\u00a0<\/strong><strong>DNI terminados en 9: 27 de febrero<\/strong><\/p>\n<p><strong>\u00a0<\/strong><\/p>\n<p><strong>Asignaci\u00f3n por Prenatal y Maternidad<\/strong><\/p>\n<p><strong>\u00b7\u00a0\u00a0\u00a0\u00a0\u00a0\u00a0\u00a0\u00a0<\/strong><strong>DNI terminados en 0 y 1: 9 de febrero<\/strong><\/p>\n<p><strong>\u00b7\u00a0\u00a0\u00a0\u00a0\u00a0\u00a0\u00a0\u00a0<\/strong><strong>DNI terminados en 2 y 3: 10 de febrero<\/strong><\/p>\n<p><strong>\u00b7\u00a0\u00a0\u00a0\u00a0\u00a0\u00a0\u00a0\u00a0<\/strong><strong>DNI terminados en 4 y 5: 13 de febrero<\/strong><\/p>\n<p><strong>\u00b7\u00a0\u00a0\u00a0\u00a0\u00a0\u00a0\u00a0\u00a0<\/strong><strong>DNI terminados en 6 y 7: 14 de febrero<\/strong><\/p>\n<p><strong>\u00b7\u00a0\u00a0\u00a0\u00a0\u00a0\u00a0\u00a0\u00a0<\/strong><strong>DNI terminados en 8 y 9: 15 de febrero<\/strong><\/p>\n<p><strong>\u00a0<\/strong><\/p>\n<p><strong>Asignaciones Pago \u00danico<\/strong><\/p>\n<p><strong>\u00b7\u00a0\u00a0\u00a0\u00a0\u00a0\u00a0\u00a0\u00a0<\/strong><strong>Todas las terminaciones de documentos: 3 de febrero a 9 de marzo<\/strong><\/p>\n<p><strong>\u00a0<\/strong><\/p>\n<p><strong>Pensiones No Contributivas<\/strong><\/p>\n<p><strong>\u00b7\u00a0\u00a0\u00a0\u00a0\u00a0\u00a0\u00a0\u00a0<\/strong><strong>DNI terminados en 0 y 1: 1 de febrero<\/strong><\/p>\n<p><strong>\u00b7\u00a0\u00a0\u00a0\u00a0\u00a0\u00a0\u00a0\u00a0<\/strong><strong>DNI terminados en 2 y 3: 2 de febrero<\/strong><\/p>\n<p><strong>\u00b7\u00a0\u00a0\u00a0\u00a0\u00a0\u00a0\u00a0\u00a0<\/strong><strong>DNI terminados en 4 y 5: 3 de febrero<\/strong><\/p>\n<p><strong>\u00b7\u00a0\u00a0\u00a0\u00a0\u00a0\u00a0\u00a0\u00a0<\/strong><strong>DNI terminados en 6 y 7: 6 de febrero<\/strong><\/p>\n<p><strong>\u00b7\u00a0\u00a0\u00a0\u00a0\u00a0\u00a0\u00a0\u00a0<\/strong><strong>DNI terminados en 8 y 9: 7 de febrero<\/strong><\/p>\n<p><strong>\u00a0<\/strong><\/p>\n<p><strong>Asignaciones Familiares de Pensiones No Contributivas<\/strong><\/p>\n<p><strong>\u00b7\u00a0\u00a0\u00a0\u00a0\u00a0\u00a0\u00a0\u00a0<\/strong><strong>Todas las terminaciones de documentos: 8 de febrero a 9 de marzo<\/strong><\/p>\n<p><strong>\u00a0<\/strong><\/p>\n<p><strong>Desempleo<\/strong><\/p>\n<p><strong>\u00b7\u00a0\u00a0\u00a0\u00a0\u00a0\u00a0\u00a0\u00a0<\/strong><strong>DNI terminados en 0 y 1: 23 de febrero<\/strong><\/p>\n<p><strong>\u00b7\u00a0\u00a0\u00a0\u00a0\u00a0\u00a0\u00a0\u00a0<\/strong><strong>DNI terminados en 2 y 3: 24 de febrero<\/strong><\/p>\n<p><strong>\u00b7\u00a0\u00a0\u00a0\u00a0\u00a0\u00a0\u00a0\u00a0<\/strong><strong>DNI terminados en 4 y 5: 27 de febrero<\/strong><\/p>\n<p><strong>\u00b7\u00a0\u00a0\u00a0\u00a0\u00a0\u00a0\u00a0\u00a0<\/strong><strong>DNI terminados en 6 y 7: 28 de febrero<\/strong><\/p>\n<p><strong>\u00b7\u00a0\u00a0\u00a0\u00a0\u00a0\u00a0\u00a0\u00a0<\/strong><strong>DNI terminados en 8 y 9: 1 de marzo<\/strong><\/p>\n<p align=\"center\"><strong>\u00a0<\/strong><\/p>\n<p align=\"right\"><strong>\u00a0<\/strong><\/p>\n<p>&nbsp;<\/p>\n<hr \/>\n<p>&nbsp;<\/p>\n<p class=\"yiv3532060106MsoNormal\">nota anterior<\/p>\n<div class=\"I_ZkbNhI D_FY W_6D6F\" data-test-id=\"message-view-body\">\n<div class=\"msg-body P_wpofO mq_AS\" data-test-id=\"message-view-body-content\">\n<div class=\"jb_0 X_6MGW N_6Fd5\">\n<div>\n<div id=\"yiv7813039462\">\n<div>\n<div class=\"yiv7813039462WordSection1\">\n<p>Las titulares de la <b><a href=\"https:\/\/www.cronista.com\/tema\/auh\/\" target=\"_blank\" rel=\"noopener\">AUH ANSES<\/a><\/b> cobrar\u00e1n desde el martes 10 de enero de 2023, un haber bruto general de $ 9792,77, seg\u00fan la terminaci\u00f3n del DNI.<\/p>\n<div class=\"zone \">\n<aside class=\"piece banner standard\">\n<div class=\"adbanner\" data-type=\"dfp\">\n<div id=\"54299349-ecc-intext2-notas\" data-dfp-banner-display=\"1\" data-dfp-path=\"\/54299349\/ECC_INTEXT2_NOTAS\" data-dfp-type=\"mid468Notas\" data-dfp-id=\"54299349-ecc-intext2-notas\"><\/div>\n<\/div>\n<\/aside>\n<\/div>\n<p>Adem\u00e1s, mediante el convenio existente con el <b><a href=\"https:\/\/www.cronista.com\/tema\/ministerio-de-desarrollo-social\/\" target=\"_blank\" rel=\"noopener\">Ministerio de Desarrollo Social<\/a><\/b>, se activa la liquidaci\u00f3n de hasta $ 25.000 correspondientes a la Prestaci\u00f3n Alimentar<b> (exTarjeta Alimentar)<\/b>.<\/p>\n<p>&nbsp;<\/p>\n<p>&nbsp;<\/p>\n<p class=\"yiv7813039462MsoNormal\">&#8212;&#8212;&#8212;&#8212;&#8212;&#8212;&#8212;&#8212;&#8212;&#8212;&#8212;&#8211;<\/p>\n<p class=\"yiv7813039462MsoNormal\">nota anterior.<\/p>\n<p class=\"yiv7813039462MsoNormal\">ANSES record\u00f3 que <b>hasta el 31 de diciembre<\/b>\u00a0hay tiempo para presentar completa la Libreta de la Asignaci\u00f3n Universal por Hija e Hijo (AUH)\u00a0<b>sin turno\u00a0<\/b>en cualquier oficina del organismo.<\/p>\n<p class=\"yiv7813039462MsoNormal\">El tr\u00e1mite permite acreditar la condici\u00f3n de alumno regular y los controles de salud de las ni\u00f1as, ni\u00f1os y adolescentes que la perciben, adem\u00e1s del cobro del 20 por ciento acumulado del a\u00f1o anterior.<\/p>\n<p class=\"yiv7813039462MsoNormal\">Para ello, se debe descargar el formulario\u00a0Libreta (<a href=\"https:\/\/www.anses.gob.ar\/sites\/default\/files\/formulario\/2022-08\/Formulario%20Libreta%20AUH%201.47.pdf\" target=\"_blank\" rel=\"nofollow noopener noreferrer\">PS.1.47<\/a>)\u00a0desde\u00a0<a href=\"http:\/\/www.anses.gob.ar\/\" target=\"_blank\" rel=\"nofollow noopener noreferrer\">www.anses.gob.ar<\/a>,\u00a0<i>mi ANSES<\/i>, con la Clave de la Seguridad Social. Luego, imprimirlo o retirarlo en la oficina de ANSES m\u00e1s cercana al domicilio, llevarlo al centro de salud y a la escuela para que sea cumplimentado y firmado. Por \u00faltimo, presentarlo completo junto al DNI del titular y grupo familiar.<\/p>\n<p class=\"yiv7813039462MsoNormal\">Es importante resaltar que, si este a\u00f1o ya se present\u00f3 la Libreta, no es necesario volver a hacer el tr\u00e1mite.<\/p>\n<p class=\"yiv7813039462MsoNormal\">Para m\u00e1s informaci\u00f3n, ingresar\u00a0<a href=\"https:\/\/www.anses.gob.ar\/sites\/default\/files\/formulario\/2022-10\/Formulario-Libreta-1.47%28version1.3%29.pdf\" target=\"_blank\" rel=\"nofollow noopener noreferrer\">aqu\u00ed<\/a>.<\/p>\n<p class=\"yiv7813039462MsoNormal\"><b>\u00a0<\/b><\/p>\n<p class=\"yiv7813039462MsoNormal\" style=\"text-align: center;\"><strong>&#8212;&#8212;&#8212;&#8212;&#8212;&#8212;&#8212;&#8212;&#8212;&#8212;&#8212;&#8212;&#8212;&#8212;&#8212;&#8212;&#8212;&#8212;-<\/strong><\/p>\n<\/div>\n<\/div>\n<\/div>\n<\/div>\n<\/div>\n<\/div>\n<div class=\"jb_0 X_6MGW N_6Fd5\">\n<div class=\"P_0 je_fq7\">\n<ul>\n<li style=\"list-style-type: none;\">\n<ul>\n<li style=\"list-style-type: none;\">\n<ul class=\"hd_n D_F eo_HB M_gQyVX P_0\">\n<li class=\"E_6Fd5 Y_6LEV\" data-test-id=\"attachment-tray-list-item\">\n<div class=\"W_3n93F p_R\" data-test-id=\"attachment-item\">\n<div class=\"I_Z1gjdlg k_w H_7yHc p_R o_h\" data-test-id=\"attachment-container\"><\/div>\n<div class=\"A_6Eb4 i_6FIA J_x D_F r_P\">\n<div class=\"en_0\">\n<div class=\"u_dzD A_6DUj\"><strong>REFUERZO ALIMENTARIO.<\/strong><\/div>\n<\/div>\n<\/div>\n<\/div>\n<\/li>\n<\/ul>\n<\/li>\n<\/ul>\n<\/li>\n<\/ul>\n<\/div>\n<\/div>\n<\/div>\n<div class=\"H_7jIs D_F ab_C Q_69H5 E_36RhU\" data-test-id=\"toolbar-hover-area\">\n<div class=\"D_F W_6D6F r_BN gl_C\" data-test-id=\"card-toolbar\">El lunes 12 de diciembre, comenz\u00f3 el pago de la segunda cuota del <i>Refuerzo Alimentario para adultos sin ingresos<\/i>, seg\u00fan terminaci\u00f3n de DNI.<\/div>\n<\/div>\n<p class=\"yiv3532060106MsoNormal\">En tanto, quienes ya tienen su inscripci\u00f3n aprobada en el aplicativo, pero no percibieron el pago en el calendario anterior, este mes cobrar\u00e1n las dos cuotas juntas correspondientes al Refuerzo.<\/p>\n<p class=\"yiv3532060106MsoNormal\">Asimismo, ANSES comunicar\u00e1 desde sus canales oficiales a las personas que realizaron un reclamo en las oficinas del organismo (y hayan tenido una respuesta favorable) para informarles la fecha de cobro.<\/p>\n<p class=\"yiv3532060106MsoNormal\">El cronograma de pago qued\u00f3 conformado de la siguiente manera:<\/p>\n<p class=\"yiv3532060106MsoListParagraphCxSpFirst\">\u00b7\u00a0\u00a0\u00a0\u00a0\u00a0\u00a0\u00a0\u00a0DNI terminado en 0: 12 de diciembre<\/p>\n<p class=\"yiv3532060106MsoListParagraphCxSpMiddle\">\u00b7\u00a0\u00a0\u00a0\u00a0\u00a0\u00a0\u00a0\u00a0DNI terminado en 1: 13 de diciembre<\/p>\n<p class=\"yiv3532060106MsoListParagraphCxSpMiddle\">\u00b7\u00a0\u00a0\u00a0\u00a0\u00a0\u00a0\u00a0\u00a0DNI terminado en 2: 14 de diciembre<\/p>\n<p class=\"yiv3532060106MsoListParagraphCxSpMiddle\">\u00b7\u00a0\u00a0\u00a0\u00a0\u00a0\u00a0\u00a0\u00a0DNI terminado en 3: 15 de diciembre<\/p>\n<p class=\"yiv3532060106MsoListParagraphCxSpMiddle\">\u00b7\u00a0\u00a0\u00a0\u00a0\u00a0\u00a0\u00a0\u00a0DNI terminado en 4: 16 de diciembre<\/p>\n<p class=\"yiv3532060106MsoListParagraphCxSpMiddle\">\u00b7\u00a0\u00a0\u00a0\u00a0\u00a0\u00a0\u00a0\u00a0DNI terminado en 5: 19 de diciembre<\/p>\n<p class=\"yiv3532060106MsoListParagraphCxSpMiddle\">\u00b7\u00a0\u00a0\u00a0\u00a0\u00a0\u00a0\u00a0\u00a0DNI terminado en 6: 20 de diciembre<\/p>\n<p class=\"yiv3532060106MsoListParagraphCxSpMiddle\">\u00b7\u00a0\u00a0\u00a0\u00a0\u00a0\u00a0\u00a0\u00a0DNI terminado en 7: 21 de diciembre<\/p>\n<p class=\"yiv3532060106MsoListParagraphCxSpMiddle\">\u00b7\u00a0\u00a0\u00a0\u00a0\u00a0\u00a0\u00a0\u00a0DNI terminado en 8: 22 de diciembre<\/p>\n<p class=\"yiv3532060106MsoListParagraphCxSpLast\">\u00b7\u00a0\u00a0\u00a0\u00a0\u00a0\u00a0\u00a0\u00a0DNI terminado en 9: 23 de diciembre<\/p>\n<p class=\"yiv3532060106MsoNormal\">Es importante destacar que todas las personas que se hayan inscripto van a poder conocer su fecha de cobro ingresando\u00a0<a href=\"https:\/\/www.anses.gob.ar\/consulta\/fecha-y-lugar-de-cobro\" target=\"_blank\" rel=\"nofollow noopener noreferrer\">aqu\u00ed<\/a>\u00a0a partir del 7 de diciembre.<\/p>\n<p class=\"yiv3532060106MsoNormal\"><b>\u00a0<\/b><\/p>\n<\/div>\n<\/div>\n<\/div>\n<\/div>\n<p><!--more--><\/p>\n<div class=\"jb_0 X_6MGW N_6Fd5\">\n<div class=\"P_0 je_fq7\">\n<div class=\"W_3n93F p_R\" data-test-id=\"attachment-item\">\n<div class=\"I_Z1gjdlg k_w H_7yHc p_R o_h\" data-test-id=\"attachment-container\">\n<div><\/div>\n<div class=\"D_F ab_C gl_C H_6D6F\">&#8212;&#8212;&#8212;&#8212;&#8212;&#8212;&#8212;&#8212;&#8212;&#8212;&#8212;&#8212;&#8212;&#8212;&#8212;&#8212;&#8212;&#8212;&#8212;&#8212;&#8212;&#8212;&#8212;&#8212;&#8212;&#8212;&#8211;<\/div>\n<div class=\"D_F ab_C gl_C H_6D6F\"><strong>Inicio del pago del Refuerzo Alimentario<\/strong><\/div>\n<\/div>\n<\/div>\n<\/div>\n<\/div>\n<p>Es para adultos sin ingresos cuyas solicitudes fueron aprobadas hasta el 7 de noviembre inclusive. En ese sentido, seg\u00fan el cronograma previsto, hoy tienen depositada la primera cuota de 22.500 pesos en la cuenta bancaria informada los titulares con n\u00famero de documento finalizado en 0.<\/p>\n<p>Cabe destacar que la inscripci\u00f3n continuar\u00e1 abierta durante todo noviembre (de forma presencial y sin turno en las oficinas de ANSES, por la web o en los operativos m\u00f3viles) para quienes a\u00fan no hayan realizado la solicitud. En estos casos, quienes cumplan los requisitos, percibir\u00e1n las dos cuotas juntas en un solo pago de 45.000 pesos con el calendario de diciembre.<\/p>\n<p>El cronograma de pago en esta primera etapa alcanza a 1.020.000 personas que hoy empezaron a percibir el Refuerzo Alimentario y contin\u00faa en los pr\u00f3ximos d\u00edas, de la siguiente manera:<\/p>\n<p>DNI terminado en 1: 15 de noviembre<\/p>\n<p>\u00b7 DNI terminado en 2: 16 de noviembre<br \/>\n\u00b7 DNI terminado en 3: 17 de noviembre<br \/>\n\u00b7 DNI terminado en 4: 18 de noviembre<br \/>\n\u00b7 DNI terminado en 5: 22 de noviembre<br \/>\n\u00b7 DNI terminado en 6: 23 de noviembre<br \/>\n\u00b7 DNI terminado en 7: 24 de noviembre<br \/>\n\u00b7 DNI terminado en 8: 25 de noviembre<br \/>\n\u00b7 DNI terminado en 9: 28 de noviembre<\/p>\n<p>Requisitos para acceder<\/p>\n<p>\u00b7 Tener entre 18 y 64 a\u00f1os.<br \/>\n\u00b7 No poseer trabajo registrado ni ingresos de ning\u00fan tipo (en relaci\u00f3n de dependencia, aut\u00f3nomos, de casas particulares, monotributistas o monotributistas sociales).<br \/>\n\u00b7 No ser titular de ninguna prestaci\u00f3n (jubilaci\u00f3n, pensi\u00f3n, Asignaci\u00f3n Universal por Hijo, Asignaci\u00f3n por Embarazo, Asignaciones Familiares, Progresar, Desempleo, Potenciar Trabajo, entre otra).<br \/>\n\u00b7 No contar con Obra Social o Prepaga.<br \/>\n\u00b7 No ser titular de programas sociales (tanto nacionales como provinciales o municipales) o quienes tengan hijas e hijos que perciban la Asignaci\u00f3n Universal por Hija e Hijo o Salario\u00a0Familiar.<\/p>\n","protected":false},"excerpt":{"rendered":"<p>COMUNIC\u00d3 ANSES.<\/p>\n","protected":false},"author":3,"featured_media":19054,"comment_status":"open","ping_status":"open","sticky":false,"template":"","format":"standard","meta":{"footnotes":"","jetpack_publicize_message":"","jetpack_publicize_feature_enabled":true,"jetpack_social_post_already_shared":false,"jetpack_social_options":{"image_generator_settings":{"template":"highway","default_image_id":0,"font":"","enabled":false},"version":2}},"categories":[81],"tags":[21,1192,37,142],"class_list":["post-18614","post","type-post","status-publish","format-standard","has-post-thumbnail","hentry","category-anses","tag-anses","tag-aumento","tag-destacada","tag-pagos"],"jetpack_publicize_connections":[],"jetpack_featured_media_url":"https:\/\/revistaepocadigital.com.ar\/wp-content\/uploads\/2022\/12\/ANSES-Libreta-AUH-3.png","jetpack_likes_enabled":true,"_links":{"self":[{"href":"https:\/\/revistaepocadigital.com.ar\/index.php?rest_route=\/wp\/v2\/posts\/18614","targetHints":{"allow":["GET"]}}],"collection":[{"href":"https:\/\/revistaepocadigital.com.ar\/index.php?rest_route=\/wp\/v2\/posts"}],"about":[{"href":"https:\/\/revistaepocadigital.com.ar\/index.php?rest_route=\/wp\/v2\/types\/post"}],"author":[{"embeddable":true,"href":"https:\/\/revistaepocadigital.com.ar\/index.php?rest_route=\/wp\/v2\/users\/3"}],"replies":[{"embeddable":true,"href":"https:\/\/revistaepocadigital.com.ar\/index.php?rest_route=%2Fwp%2Fv2%2Fcomments&post=18614"}],"version-history":[{"count":0,"href":"https:\/\/revistaepocadigital.com.ar\/index.php?rest_route=\/wp\/v2\/posts\/18614\/revisions"}],"wp:featuredmedia":[{"embeddable":true,"href":"https:\/\/revistaepocadigital.com.ar\/index.php?rest_route=\/wp\/v2\/media\/19054"}],"wp:attachment":[{"href":"https:\/\/revistaepocadigital.com.ar\/index.php?rest_route=%2Fwp%2Fv2%2Fmedia&parent=18614"}],"wp:term":[{"taxonomy":"category","embeddable":true,"href":"https:\/\/revistaepocadigital.com.ar\/index.php?rest_route=%2Fwp%2Fv2%2Fcategories&post=18614"},{"taxonomy":"post_tag","embeddable":true,"href":"https:\/\/revistaepocadigital.com.ar\/index.php?rest_route=%2Fwp%2Fv2%2Ftags&post=18614"}],"curies":[{"name":"wp","href":"https:\/\/api.w.org\/{rel}","templated":true}]}}