{"id":18628,"date":"2022-11-17T19:58:10","date_gmt":"2022-11-17T22:58:10","guid":{"rendered":"https:\/\/revistaepocadigital.com.ar\/?p=18628"},"modified":"2022-11-17T22:09:28","modified_gmt":"2022-11-18T01:09:28","slug":"gambra-ganador-de-la-furiosa-interna-radical","status":"publish","type":"post","link":"https:\/\/revistaepocadigital.com.ar\/?p=18628","title":{"rendered":"Gambra ganador de la furiosa interna radical"},"content":{"rendered":"<p>El m\u00e9dico Ivan Gambra (en la foto junto a su hijo) encabez\u00f3 la lista 123 en las recientes tortuosas internas radicales inundadas de reproches, cr\u00edticas y denuncias. Hablo con \u00c9poca y mando se\u00f1ales psra leer con atenci\u00f3n<\/p>\n<p><strong>&#8211; Se produjo un resultado in\u00e9dito en las internas radicales. La oposici\u00f3n desaloj\u00f3 al hist\u00f3rico oficialismo del poder partidario. A que lo atribuy\u00f3?<\/strong><br \/>\n-Lo atribuyo a la propuesta que hicimos , Fue una propuesta de crecimiento de integridad ,transparencia y participaci\u00f3n.<br \/>\n<strong>-Si bien el resultado en las urnas les otorg\u00f3 la victoria, la cantidad de votantes sobre 2035 afiliados fue pauperrima. Apenas poco m\u00e1s de 300 votantes. Da lugar a determinadas lecturas. Cu\u00e1l es la suya?<\/strong><br \/>\n-No creo que haya sido paup\u00e9rrima dado que hasta ahora el oficialismo partidario hab\u00eda llegado a ese cargo con 90 votos y con mucho mas afiliados , fue una elecci\u00f3n de participaci\u00f3n de mas del 15 % del padr\u00f3n , es hist\u00f3rico en el partido y de esperar a nivel general provincial.<br \/>\n<strong>&#8211; En funci\u00f3n de la estrategia fijada al momento del radicalismo local. De cara a 2023 como visualiza la alianza con Juntos? Continuar\u00e1 o existen riesgos de ruptura?<\/strong><br \/>\n&#8211; De cara al 2023 no existen riesgos de rotura claro esta teniendo en cuenta que el radicalismo es un partido y una opci\u00f3n y no el edecan de una alianza , el respeto y la concideracion sin prepotencia es la base de todo entendimiento.<br \/>\n<strong>-Las internas alcanzaron un clima virulento con fuertes acusaciones cruzadas entre lista 114 y 123 por usted encabezada. Se puede reencauzar la crisis interna? Como?<\/strong><br \/>\n-El clima virulento de haber exisitido fue unilateral ,acusando infundadamente de oficialista a nuestra lista , de nuestra parte siempre hubo clima conciliador , hasta el ultimo momento.ellos jamas quisieron la lista de unidad , donde jamas le pusimos en objeci\u00f3n la conducci\u00f3n del comit\u00e9.<br \/>\n<strong>-El d\u00eda de la elecci\u00f3n se hizo ostensible la presencia de supuestos afiliados radicales muy allegados a la gesti\u00f3n municipal, trabajando para reclutar votos una de los fuertes cuestionamientos de la lista 114. La injerencia de la actual gesti\u00f3n municipal se corporizo incluso con reiterados llamados telef\u00f3nicos de personal municipal algunos slgo encumbrados, interesando a afiliados de la ucr a votar por la lista que usted encabez\u00f3. Los vecinos de exaltaci\u00f3n de la Cruz est\u00e1n interesados en conocer lo sucedido<\/strong><br \/>\n-El afiliado radical voto por convicci\u00f3n y por ganas a un cambio, en la conducci\u00f3n del partido radical y un cambio en exaltaci\u00f3n de la cruz. Todo lo dem\u00e1s que se diga o piense corresponde a cada persona.<br \/>\n<strong>&#8211; La UCR exaltacruce\u00f1a se ha encolumado luego de su resonante triunfo con el kirchnerismo?<\/strong><br \/>\n-En tanto yo sea el presidente del comit\u00e9 local la UCR jamas estar\u00e1 encolumnada con el kirchnerismo y\/o La Campora, somos radicales antes , ahora y siempre.<br \/>\n<strong>&#8211; La concejal Dreir escindida de Juntos aunque ud lo negara en la entrevista concedida a Epoca tom\u00f3 partido por la lista 123<\/strong><br \/>\n-La concejal Dreier es radical, afiliada , de hecho la \u00fanica con cargo , ella puede decidir votar y a quien votar, ella se ha hecho cargo de sus decisiones y lo maneja de acuerdo a sus posibilidades, en lo personal nuestras familias son amigas desde hace 50 a\u00f1os, que clase de persona seria si por lo ocurrido la negar\u00eda como amiga, sin que ello tenga nada que ver con las decisiones politicas de cada persona.<br \/>\n<strong>-Cual es su percepci\u00f3n acerca de la integraci\u00f3n de la lista ucr para \u201cnegociar \u201c con Juntos?<\/strong><br \/>\n-La mejor intenci\u00f3n y predisposici\u00f3n , todo depende del respeto y la concideracion al momento del hablar.<br \/>\n<strong>&#8211; Que opina de Ra\u00fal Sancho al momento referente de Juntos?<\/strong><br \/>\n-Perdon, insisto , Es referente del PRO no de Juntos. Y si es considerado de Juntos, ha sido entonce por la decisi\u00f3n de la conducci\u00f3n actual del radicalismo.<br \/>\nNo tengo nada que decir del Dr Raul Sancho , est\u00e1 en el lugar que merece y supo ganarse , nunca hemos trabajado juntos en pol\u00edtica y veremos como nos encolumnamos. Nadie es due\u00f1o del espacio.<br \/>\nPor ultimo quiero agradecer a todos los afiliados que votaron a ambas listas ,al equipo que construimos y fundamentalmente tambi\u00e9n al diputado JULIO PASCUALIN y a MAXIMILIANO ABAD que gracias a su apoyo pudimos llegar a esta instancia<\/p>\n<h6>Carlos Saavedra<\/h6>\n","protected":false},"excerpt":{"rendered":"<p>El m\u00e9dico Ivan Gambra (en la foto junto a su hijo) encabez\u00f3 la lista 123 en las recientes tortuosas internas radicales inundadas de reproches, cr\u00edticas y denuncias. Hablo con \u00c9poca y mando se\u00f1ales psra leer con atenci\u00f3n &#8211; Se produjo un resultado in\u00e9dito en las internas radicales. La oposici\u00f3n desaloj\u00f3 al hist\u00f3rico oficialismo del poder [&hellip;]<\/p>\n","protected":false},"author":3,"featured_media":18632,"comment_status":"open","ping_status":"open","sticky":false,"template":"","format":"standard","meta":{"footnotes":"","jetpack_publicize_message":"","jetpack_publicize_feature_enabled":true,"jetpack_social_post_already_shared":false,"jetpack_social_options":{"image_generator_settings":{"template":"highway","default_image_id":0,"font":"","enabled":false},"version":2}},"categories":[17],"tags":[],"class_list":["post-18628","post","type-post","status-publish","format-standard","has-post-thumbnail","hentry","category-politica"],"jetpack_publicize_connections":[],"jetpack_featured_media_url":"https:\/\/revistaepocadigital.com.ar\/wp-content\/uploads\/2022\/11\/gambra.jpg","jetpack_likes_enabled":true,"_links":{"self":[{"href":"https:\/\/revistaepocadigital.com.ar\/index.php?rest_route=\/wp\/v2\/posts\/18628","targetHints":{"allow":["GET"]}}],"collection":[{"href":"https:\/\/revistaepocadigital.com.ar\/index.php?rest_route=\/wp\/v2\/posts"}],"about":[{"href":"https:\/\/revistaepocadigital.com.ar\/index.php?rest_route=\/wp\/v2\/types\/post"}],"author":[{"embeddable":true,"href":"https:\/\/revistaepocadigital.com.ar\/index.php?rest_route=\/wp\/v2\/users\/3"}],"replies":[{"embeddable":true,"href":"https:\/\/revistaepocadigital.com.ar\/index.php?rest_route=%2Fwp%2Fv2%2Fcomments&post=18628"}],"version-history":[{"count":0,"href":"https:\/\/revistaepocadigital.com.ar\/index.php?rest_route=\/wp\/v2\/posts\/18628\/revisions"}],"wp:featuredmedia":[{"embeddable":true,"href":"https:\/\/revistaepocadigital.com.ar\/index.php?rest_route=\/wp\/v2\/media\/18632"}],"wp:attachment":[{"href":"https:\/\/revistaepocadigital.com.ar\/index.php?rest_route=%2Fwp%2Fv2%2Fmedia&parent=18628"}],"wp:term":[{"taxonomy":"category","embeddable":true,"href":"https:\/\/revistaepocadigital.com.ar\/index.php?rest_route=%2Fwp%2Fv2%2Fcategories&post=18628"},{"taxonomy":"post_tag","embeddable":true,"href":"https:\/\/revistaepocadigital.com.ar\/index.php?rest_route=%2Fwp%2Fv2%2Ftags&post=18628"}],"curies":[{"name":"wp","href":"https:\/\/api.w.org\/{rel}","templated":true}]}}