{"id":18636,"date":"2022-11-17T00:45:45","date_gmt":"2022-11-17T03:45:45","guid":{"rendered":"https:\/\/revistaepocadigital.com.ar\/?p=18636"},"modified":"2022-11-18T19:52:42","modified_gmt":"2022-11-18T22:52:42","slug":"shmidt-no-vamos-a-integrar-el-nuevo-comite-nunca-podriamos-estar-de-acuerdo-con-el-kirchnerismo-local","status":"publish","type":"post","link":"https:\/\/revistaepocadigital.com.ar\/?p=18636","title":{"rendered":"Shmidt. \u201c No vamos a integrar el nuevo comit\u00e9, nunca podr\u00edamos estar de acuerdo con el kirchnerismo local\u201d."},"content":{"rendered":"<p>Luego del rev\u00e9s electoral en las<br \/>\nelecciones internas radicales , Jos\u00e9 Shmidt. Quien<br \/>\nencabez\u00f3 por el oficiacialismo partidario reatifico que<br \/>\nlas fuertes diferencias persisten.<\/p>\n<p>\u201cNosotros como Evoluci\u00f3n Radical , no vamos a integrar la minor\u00eda del comit\u00e9 , ni\u00a0 acompa\u00f1aremos al nuevo. Eso si, una aclaraci\u00f3n, no compartiremos minor\u00eda, significa que la mayor\u00eda de nosotros decidio no integrarla, despu\u00e9s si alguien lo hace corre por su cuenta sus acciones\u201d.<br \/>\n\u201cQued\u00f3 claramente demostrado la afiliaci\u00f3n al oficialismo local (aludiendo a la lista ganadora) , y fiel a nuestros votantes nunca podr\u00edamos estar de acuerdo al KIRCHNERISMO LOCAL (enfatiz\u00f3)\u201d<br \/>\n\u201cNosotros representamos al Radicalismo opositor a Nanni, con lo cual estamos convencidos que la UCR local est\u00e1 fracturada, apoyaremos a Juntos y en Juntos participaremos, no desde el nuevo comit\u00e9.\u201d<br \/>\n\u201c206 votos a 122 votos fue el resultado, c\u00f3mo lo dije antes, sus votos siempre votan al oficialismo Kirchneristas local, en cambio los nuestros votan a la oposici\u00f3n, c\u00f3mo lo fue en las P.A.S.O. 2021\u201d. \u201cA ellos nos debemos, queremos un cambio de rumbo en este<br \/>\nmunicipio, no romper Juntos para que siga el KIRCHNERISMO de Nanni&#8230;\u201d , termin\u00f3 diciendo<br \/>\nShimidt, ahora ex titular del radicalismo de Exaltaci\u00f3n de la Cruz a \u00c9POCA,<\/p>\n","protected":false},"excerpt":{"rendered":"<p>Luego del rev\u00e9s electoral en las elecciones internas radicales , Jos\u00e9 Shmidt. Quien encabez\u00f3 por el oficiacialismo partidario reatifico que las fuertes diferencias persisten. \u201cNosotros como Evoluci\u00f3n Radical , no vamos a integrar la minor\u00eda del comit\u00e9 , ni\u00a0 acompa\u00f1aremos al nuevo. Eso si, una aclaraci\u00f3n, no compartiremos minor\u00eda, significa que la mayor\u00eda de nosotros [&hellip;]<\/p>\n","protected":false},"author":3,"featured_media":18637,"comment_status":"open","ping_status":"open","sticky":false,"template":"","format":"standard","meta":{"footnotes":"","jetpack_publicize_message":"","jetpack_publicize_feature_enabled":true,"jetpack_social_post_already_shared":false,"jetpack_social_options":{"image_generator_settings":{"template":"highway","default_image_id":0,"font":"","enabled":false},"version":2}},"categories":[17],"tags":[],"class_list":["post-18636","post","type-post","status-publish","format-standard","has-post-thumbnail","hentry","category-politica"],"jetpack_publicize_connections":[],"jetpack_featured_media_url":"https:\/\/revistaepocadigital.com.ar\/wp-content\/uploads\/2022\/11\/bc52890c-24db-44c4-b696-15272073648e.jpg","jetpack_likes_enabled":true,"_links":{"self":[{"href":"https:\/\/revistaepocadigital.com.ar\/index.php?rest_route=\/wp\/v2\/posts\/18636","targetHints":{"allow":["GET"]}}],"collection":[{"href":"https:\/\/revistaepocadigital.com.ar\/index.php?rest_route=\/wp\/v2\/posts"}],"about":[{"href":"https:\/\/revistaepocadigital.com.ar\/index.php?rest_route=\/wp\/v2\/types\/post"}],"author":[{"embeddable":true,"href":"https:\/\/revistaepocadigital.com.ar\/index.php?rest_route=\/wp\/v2\/users\/3"}],"replies":[{"embeddable":true,"href":"https:\/\/revistaepocadigital.com.ar\/index.php?rest_route=%2Fwp%2Fv2%2Fcomments&post=18636"}],"version-history":[{"count":0,"href":"https:\/\/revistaepocadigital.com.ar\/index.php?rest_route=\/wp\/v2\/posts\/18636\/revisions"}],"wp:featuredmedia":[{"embeddable":true,"href":"https:\/\/revistaepocadigital.com.ar\/index.php?rest_route=\/wp\/v2\/media\/18637"}],"wp:attachment":[{"href":"https:\/\/revistaepocadigital.com.ar\/index.php?rest_route=%2Fwp%2Fv2%2Fmedia&parent=18636"}],"wp:term":[{"taxonomy":"category","embeddable":true,"href":"https:\/\/revistaepocadigital.com.ar\/index.php?rest_route=%2Fwp%2Fv2%2Fcategories&post=18636"},{"taxonomy":"post_tag","embeddable":true,"href":"https:\/\/revistaepocadigital.com.ar\/index.php?rest_route=%2Fwp%2Fv2%2Ftags&post=18636"}],"curies":[{"name":"wp","href":"https:\/\/api.w.org\/{rel}","templated":true}]}}