{"id":18639,"date":"2022-11-18T19:55:55","date_gmt":"2022-11-18T22:55:55","guid":{"rendered":"https:\/\/revistaepocadigital.com.ar\/?p=18639"},"modified":"2022-11-18T19:55:55","modified_gmt":"2022-11-18T22:55:55","slug":"delincuente-detenido-en-robles-es-autor-de-varios-ilicitos-en-la-localidad","status":"publish","type":"post","link":"https:\/\/revistaepocadigital.com.ar\/?p=18639","title":{"rendered":"DELINCUENTE DETENIDO EN ROBLES ES AUTOR DE VARIOS IL\u00cdCITOS EN LA LOCALIDAD"},"content":{"rendered":"<p>Tras una extensa investigaci\u00f3n, el \u00faltimo s\u00e1bado personal policial de Parada Robles logr\u00f3 la detenci\u00f3n de un sujeto de 47 a\u00f1os acusado de ser el autor del robo en vivienda durante el reciente mes de octubre.<\/p>\n<p>Y con el avance de la pesquisa encabezada por el fiscal Juan Manuel Esperante, se logr\u00f3 determinar que este mismo sujeto, con domicilio en Jos\u00e9 C. Paz, ha sido el responsable de numerosos il\u00edcitos ocurridos en la zona del corredor de la Ruta N\u00b0 8.<\/p>\n<p>La aprehensi\u00f3n de este delincuente se concret\u00f3 en la madrugada del 11 de noviembre a la altura del kil\u00f3metro 73 de la Ruta N\u00b0 8, cuando se trasladaba en colectivo hacia Pilar.<\/p>\n<p>Al momento de la detenci\u00f3n, se le incauto el tel\u00e9fono celular y una mochila en la cual trasladaba diversos objetos, producto de recientes robos. Adem\u00e1s se comprob\u00f3 que el detenido se encontraba en libertad desde hac\u00eda apenas nueve meses y ten\u00eda pedido de detenci\u00f3n vigente requerido por el Juzgado de Ejecuci\u00f3n Penal de Zarate-Campana.<\/p>\n<p>Con la detenci\u00f3n de este peligroso malhechor, la Fiscal\u00eda Descentralizada de Exaltaci\u00f3n de la Cruz a cargo de Esperante, dispuso el allanamiento de urgencia en el domicilio del sujeto. All\u00ed, los uniformados incautaron numerosos elementos de inter\u00e9s para la causa, entre ellos aparatos de tecnolog\u00eda.<\/p>\n<p>Esos efectos, sumados a testimonios varios y la revisi\u00f3n de c\u00e1maras de seguridad privadas y del Centro de Apoyo Vecinal de la municipalidad de Exaltaci\u00f3n de la Cruz, se pudo establecer en forma fehaciente que este ladr\u00f3n fue el autor de distintos robos cometidos en los barrios Los Pinos, Jularo, Parque Exaltaci\u00f3n, Comarca del Sol, Parque La Verdad y Monte Hoffman.<\/p>\n<p>Adem\u00e1s, se acredit\u00f3 que al momento de la detenci\u00f3n, el aprehendido venia de robar en dos viviendas de San Andr\u00e9s de Giles, cuyos damnificados reconocieron los elementos que el hombre llevaba en su mochila.<\/p>\n<p>Por estas horas, los investigadores contin\u00faan con las pesquisas a los efectos de determinar la autor\u00eda de otros il\u00edcitos y establecer si en alguno de ellos, el detenido actu\u00f3 solo o junto a alg\u00fan c\u00f3mplice.<\/p>\n","protected":false},"excerpt":{"rendered":"<p>Tras una extensa investigaci\u00f3n, el \u00faltimo s\u00e1bado personal policial de Parada Robles logr\u00f3 la detenci\u00f3n de un sujeto de 47 a\u00f1os acusado de ser el autor del robo en vivienda durante el reciente mes de octubre. Y con el avance de la pesquisa encabezada por el fiscal Juan Manuel Esperante, se logr\u00f3 determinar que este [&hellip;]<\/p>\n","protected":false},"author":3,"featured_media":18640,"comment_status":"open","ping_status":"open","sticky":false,"template":"","format":"standard","meta":{"footnotes":"","jetpack_publicize_message":"","jetpack_publicize_feature_enabled":true,"jetpack_social_post_already_shared":false,"jetpack_social_options":{"image_generator_settings":{"template":"highway","default_image_id":0,"font":"","enabled":false},"version":2}},"categories":[5],"tags":[],"class_list":["post-18639","post","type-post","status-publish","format-standard","has-post-thumbnail","hentry","category-aqui-parada-robles"],"jetpack_publicize_connections":[],"jetpack_featured_media_url":"https:\/\/revistaepocadigital.com.ar\/wp-content\/uploads\/2022\/11\/9c5e4e8a-0a39-4407-956c-c95e84b1aeef.jpg","jetpack_likes_enabled":true,"_links":{"self":[{"href":"https:\/\/revistaepocadigital.com.ar\/index.php?rest_route=\/wp\/v2\/posts\/18639","targetHints":{"allow":["GET"]}}],"collection":[{"href":"https:\/\/revistaepocadigital.com.ar\/index.php?rest_route=\/wp\/v2\/posts"}],"about":[{"href":"https:\/\/revistaepocadigital.com.ar\/index.php?rest_route=\/wp\/v2\/types\/post"}],"author":[{"embeddable":true,"href":"https:\/\/revistaepocadigital.com.ar\/index.php?rest_route=\/wp\/v2\/users\/3"}],"replies":[{"embeddable":true,"href":"https:\/\/revistaepocadigital.com.ar\/index.php?rest_route=%2Fwp%2Fv2%2Fcomments&post=18639"}],"version-history":[{"count":0,"href":"https:\/\/revistaepocadigital.com.ar\/index.php?rest_route=\/wp\/v2\/posts\/18639\/revisions"}],"wp:featuredmedia":[{"embeddable":true,"href":"https:\/\/revistaepocadigital.com.ar\/index.php?rest_route=\/wp\/v2\/media\/18640"}],"wp:attachment":[{"href":"https:\/\/revistaepocadigital.com.ar\/index.php?rest_route=%2Fwp%2Fv2%2Fmedia&parent=18639"}],"wp:term":[{"taxonomy":"category","embeddable":true,"href":"https:\/\/revistaepocadigital.com.ar\/index.php?rest_route=%2Fwp%2Fv2%2Fcategories&post=18639"},{"taxonomy":"post_tag","embeddable":true,"href":"https:\/\/revistaepocadigital.com.ar\/index.php?rest_route=%2Fwp%2Fv2%2Ftags&post=18639"}],"curies":[{"name":"wp","href":"https:\/\/api.w.org\/{rel}","templated":true}]}}