{"id":18678,"date":"2022-11-24T09:23:05","date_gmt":"2022-11-24T12:23:05","guid":{"rendered":"https:\/\/revistaepocadigital.com.ar\/?p=18678"},"modified":"2022-11-24T09:54:04","modified_gmt":"2022-11-24T12:54:04","slug":"tras-tres-allanamientos-desbarataron-banda-que-asalto-una-casa-en-sakura","status":"publish","type":"post","link":"https:\/\/revistaepocadigital.com.ar\/?p=18678","title":{"rendered":"TRAS TRES ALLANAMIENTOS, DESBARATARON BANDA QUE ASALT\u00d3 UNA CASA EN SAKURA"},"content":{"rendered":"<p>En las \u00faltimas horas, la Polic\u00eda de Parada Robles logr\u00f3 la detenci\u00f3n de dos sujetos y de esta forma desbarat\u00f3 completamente una banda de delincuentes que el pasado 14 de octubre hab\u00eda asaltado una finca en el barrio Parque Sakura.<\/p>\n<p>El hecho en cuesti\u00f3n se dio hace ya m\u00e1s de un mes en una vivienda que es habitada por un matrimonio de parqueros. En aquella oportunidad, los ladrones maniataron a los propietarios de la casa y se llevaron un veh\u00edculo, electrodom\u00e9sticos, documentaci\u00f3n e indumentaria.<\/p>\n<p>Luego del episodio, la polic\u00eda allan\u00f3 dos viviendas y aprehendi\u00f3 a dos de los responsables del il\u00edcito, secuestrando adem\u00e1s un veh\u00edculo, prendas de vestir utilizadas en el hecho, un chaleco antibalas, tres celulares y se pudo recuperar parte de los robado.<\/p>\n<p>M\u00e1s all\u00e1 de esto, la investigaci\u00f3n, motorizada por UFI N\u00b0 1 de Exaltaci\u00f3n de la Cruz, a cargo del fiscal Juan Manuel Esperante, continu\u00f3 con la investigaci\u00f3n bajo la car\u00e1tula de \u201cRobo doblemente calificado\u201d y este lunes se llevaron a cabo tres allanamientos que terminaron por desbaratar la gavilla autora del hecho en Sakura.<\/p>\n<p>Un procedimiento se realiz\u00f3 en Tigre, donde fue detenido un hombre de 33 a\u00f1os y se secuestraron tres celulares, mientras que los otros se registraron en viviendas del barrio La Josefa de Campana. En uno de ellos se aprehendi\u00f3 a un hombre de 31 a\u00f1os y en el otro se incautaron elementos importantes para la pesquisa.<\/p>\n<p>A ra\u00edz de los elementos incautados y las probanzas aportadas en la investigaci\u00f3n, se determin\u00f3 que estas dos personas formaban parte de la banda que cometi\u00f3 aquel robo en Parque Sakura y quedaron formalmente\u00a0detenidas.<\/p>\n","protected":false},"excerpt":{"rendered":"<p>En las \u00faltimas horas, la Polic\u00eda de Parada Robles logr\u00f3 la detenci\u00f3n de dos sujetos y de esta forma desbarat\u00f3 completamente una banda de delincuentes que el pasado 14 de octubre hab\u00eda asaltado una finca en el barrio Parque Sakura. El hecho en cuesti\u00f3n se dio hace ya m\u00e1s de un mes en una vivienda [&hellip;]<\/p>\n","protected":false},"author":3,"featured_media":18679,"comment_status":"open","ping_status":"open","sticky":false,"template":"","format":"standard","meta":{"footnotes":"","jetpack_publicize_message":"","jetpack_publicize_feature_enabled":true,"jetpack_social_post_already_shared":false,"jetpack_social_options":{"image_generator_settings":{"template":"highway","default_image_id":0,"font":"","enabled":false},"version":2}},"categories":[5],"tags":[],"class_list":["post-18678","post","type-post","status-publish","format-standard","has-post-thumbnail","hentry","category-aqui-parada-robles"],"jetpack_publicize_connections":[],"jetpack_featured_media_url":"https:\/\/revistaepocadigital.com.ar\/wp-content\/uploads\/2022\/11\/Imagen-de-WhatsApp-2022-11-24-a-las-09.19.30.jpg","jetpack_likes_enabled":true,"_links":{"self":[{"href":"https:\/\/revistaepocadigital.com.ar\/index.php?rest_route=\/wp\/v2\/posts\/18678","targetHints":{"allow":["GET"]}}],"collection":[{"href":"https:\/\/revistaepocadigital.com.ar\/index.php?rest_route=\/wp\/v2\/posts"}],"about":[{"href":"https:\/\/revistaepocadigital.com.ar\/index.php?rest_route=\/wp\/v2\/types\/post"}],"author":[{"embeddable":true,"href":"https:\/\/revistaepocadigital.com.ar\/index.php?rest_route=\/wp\/v2\/users\/3"}],"replies":[{"embeddable":true,"href":"https:\/\/revistaepocadigital.com.ar\/index.php?rest_route=%2Fwp%2Fv2%2Fcomments&post=18678"}],"version-history":[{"count":0,"href":"https:\/\/revistaepocadigital.com.ar\/index.php?rest_route=\/wp\/v2\/posts\/18678\/revisions"}],"wp:featuredmedia":[{"embeddable":true,"href":"https:\/\/revistaepocadigital.com.ar\/index.php?rest_route=\/wp\/v2\/media\/18679"}],"wp:attachment":[{"href":"https:\/\/revistaepocadigital.com.ar\/index.php?rest_route=%2Fwp%2Fv2%2Fmedia&parent=18678"}],"wp:term":[{"taxonomy":"category","embeddable":true,"href":"https:\/\/revistaepocadigital.com.ar\/index.php?rest_route=%2Fwp%2Fv2%2Fcategories&post=18678"},{"taxonomy":"post_tag","embeddable":true,"href":"https:\/\/revistaepocadigital.com.ar\/index.php?rest_route=%2Fwp%2Fv2%2Ftags&post=18678"}],"curies":[{"name":"wp","href":"https:\/\/api.w.org\/{rel}","templated":true}]}}