{"id":18702,"date":"2022-11-25T21:12:38","date_gmt":"2022-11-26T00:12:38","guid":{"rendered":"https:\/\/revistaepocadigital.com.ar\/?p=18702"},"modified":"2022-11-25T21:12:38","modified_gmt":"2022-11-26T00:12:38","slug":"la-muerte-de-bonafini-sigue-provocando-tempestades","status":"publish","type":"post","link":"https:\/\/revistaepocadigital.com.ar\/?p=18702","title":{"rendered":"La muerte de Bonafini sigue provocando tempestades"},"content":{"rendered":"<p>Ante el homenaje en Diputados por la muerte de Hebe de Bonafini, el contundente discurso de Jos\u00e9 Luis Espert. No se guardo nada y dijo lo que muchos no se animan. Qu\u00e9 opinas?<\/p>\n<p><iframe loading=\"lazy\" title=\"Diputado Espert, Jos\u00e9 Luis - Sesi\u00f3n 24-11-2022 - HO\" width=\"696\" height=\"392\" src=\"https:\/\/www.youtube.com\/embed\/cD6mM15iEkA?feature=oembed\" frameborder=\"0\" allow=\"accelerometer; autoplay; clipboard-write; encrypted-media; gyroscope; picture-in-picture\" allowfullscreen><\/iframe><\/p>\n<p>&nbsp;<\/p>\n<p><img loading=\"lazy\" decoding=\"async\" class=\"aligncenter size-full wp-image-18704\" src=\"https:\/\/revistaepocadigital.com.ar\/wp-content\/uploads\/2022\/11\/f058df27-6696-4067-8aad-c97045c96284-e1669421519829.jpg\" alt=\"\" width=\"806\" height=\"1003\" srcset=\"https:\/\/revistaepocadigital.com.ar\/wp-content\/uploads\/2022\/11\/f058df27-6696-4067-8aad-c97045c96284-e1669421519829.jpg 806w, https:\/\/revistaepocadigital.com.ar\/wp-content\/uploads\/2022\/11\/f058df27-6696-4067-8aad-c97045c96284-e1669421519829-241x300.jpg 241w, https:\/\/revistaepocadigital.com.ar\/wp-content\/uploads\/2022\/11\/f058df27-6696-4067-8aad-c97045c96284-e1669421519829-768x956.jpg 768w, https:\/\/revistaepocadigital.com.ar\/wp-content\/uploads\/2022\/11\/f058df27-6696-4067-8aad-c97045c96284-e1669421519829-696x866.jpg 696w, https:\/\/revistaepocadigital.com.ar\/wp-content\/uploads\/2022\/11\/f058df27-6696-4067-8aad-c97045c96284-e1669421519829-338x420.jpg 338w, https:\/\/revistaepocadigital.com.ar\/wp-content\/uploads\/2022\/11\/f058df27-6696-4067-8aad-c97045c96284-e1669421519829-675x840.jpg 675w\" sizes=\"auto, (max-width: 806px) 100vw, 806px\" \/>El momento del minuto de silencio en la C\u00e1mara de Diputados. M\u00e1xima tensi\u00f3n y miles de comentarios en redes sociales como twitter tal como queda reflejado ac\u00e1. Espert se qued\u00f3 sentado<\/p>\n","protected":false},"excerpt":{"rendered":"<p>Ante el homenaje en Diputados por la muerte de Hebe de Bonafini, el contundente discurso de Jos\u00e9 Luis Espert. No se guardo nada y dijo lo que muchos no se animan. Qu\u00e9 opinas? &nbsp; El momento del minuto de silencio en la C\u00e1mara de Diputados. M\u00e1xima tensi\u00f3n y miles de comentarios en redes sociales como [&hellip;]<\/p>\n","protected":false},"author":3,"featured_media":18703,"comment_status":"open","ping_status":"open","sticky":false,"template":"","format":"standard","meta":{"footnotes":"","jetpack_publicize_message":"","jetpack_publicize_feature_enabled":true,"jetpack_social_post_already_shared":false,"jetpack_social_options":{"image_generator_settings":{"template":"highway","default_image_id":0,"font":"","enabled":false},"version":2}},"categories":[17],"tags":[],"class_list":["post-18702","post","type-post","status-publish","format-standard","has-post-thumbnail","hentry","category-politica"],"jetpack_publicize_connections":[],"jetpack_featured_media_url":"https:\/\/revistaepocadigital.com.ar\/wp-content\/uploads\/2022\/11\/jose-luis-espert.webp","jetpack_likes_enabled":true,"_links":{"self":[{"href":"https:\/\/revistaepocadigital.com.ar\/index.php?rest_route=\/wp\/v2\/posts\/18702","targetHints":{"allow":["GET"]}}],"collection":[{"href":"https:\/\/revistaepocadigital.com.ar\/index.php?rest_route=\/wp\/v2\/posts"}],"about":[{"href":"https:\/\/revistaepocadigital.com.ar\/index.php?rest_route=\/wp\/v2\/types\/post"}],"author":[{"embeddable":true,"href":"https:\/\/revistaepocadigital.com.ar\/index.php?rest_route=\/wp\/v2\/users\/3"}],"replies":[{"embeddable":true,"href":"https:\/\/revistaepocadigital.com.ar\/index.php?rest_route=%2Fwp%2Fv2%2Fcomments&post=18702"}],"version-history":[{"count":0,"href":"https:\/\/revistaepocadigital.com.ar\/index.php?rest_route=\/wp\/v2\/posts\/18702\/revisions"}],"wp:featuredmedia":[{"embeddable":true,"href":"https:\/\/revistaepocadigital.com.ar\/index.php?rest_route=\/wp\/v2\/media\/18703"}],"wp:attachment":[{"href":"https:\/\/revistaepocadigital.com.ar\/index.php?rest_route=%2Fwp%2Fv2%2Fmedia&parent=18702"}],"wp:term":[{"taxonomy":"category","embeddable":true,"href":"https:\/\/revistaepocadigital.com.ar\/index.php?rest_route=%2Fwp%2Fv2%2Fcategories&post=18702"},{"taxonomy":"post_tag","embeddable":true,"href":"https:\/\/revistaepocadigital.com.ar\/index.php?rest_route=%2Fwp%2Fv2%2Ftags&post=18702"}],"curies":[{"name":"wp","href":"https:\/\/api.w.org\/{rel}","templated":true}]}}