{"id":18706,"date":"2022-11-26T11:56:26","date_gmt":"2022-11-26T14:56:26","guid":{"rendered":"https:\/\/revistaepocadigital.com.ar\/?p=18706"},"modified":"2022-11-26T11:56:26","modified_gmt":"2022-11-26T14:56:26","slug":"irene-cara-la-mujer-que-hizo-cantar-y-bailar-al-mundo","status":"publish","type":"post","link":"https:\/\/revistaepocadigital.com.ar\/?p=18706","title":{"rendered":"Irene Cara. La mujer que hizo cantar y bailar al mundo"},"content":{"rendered":"<p>Muri\u00f3 a los 63 a\u00f1os<\/p>\n<p><img loading=\"lazy\" decoding=\"async\" class=\"aligncenter size-full wp-image-18707\" src=\"https:\/\/revistaepocadigital.com.ar\/wp-content\/uploads\/2022\/11\/305c2aac-1b69-492c-801b-1fde2e3b14d2-e1669474506206.jpg\" alt=\"\" width=\"596\" height=\"939\" srcset=\"https:\/\/revistaepocadigital.com.ar\/wp-content\/uploads\/2022\/11\/305c2aac-1b69-492c-801b-1fde2e3b14d2-e1669474506206.jpg 596w, https:\/\/revistaepocadigital.com.ar\/wp-content\/uploads\/2022\/11\/305c2aac-1b69-492c-801b-1fde2e3b14d2-e1669474506206-190x300.jpg 190w, https:\/\/revistaepocadigital.com.ar\/wp-content\/uploads\/2022\/11\/305c2aac-1b69-492c-801b-1fde2e3b14d2-e1669474506206-267x420.jpg 267w, https:\/\/revistaepocadigital.com.ar\/wp-content\/uploads\/2022\/11\/305c2aac-1b69-492c-801b-1fde2e3b14d2-e1669474506206-533x840.jpg 533w\" sizes=\"auto, (max-width: 596px) 100vw, 596px\" \/><\/p>\n<p>La cantante, compositora, bailarina y actriz Irene Cara, ganadora de un Oscar por &#8216;Flashdance&#8217;, ha muerto a los 63 a\u00f1os, seg\u00fan ha informado su publicista. Adem\u00e1s de la estatuilla dorada a la mejor canci\u00f3n, por la pegadiza &#8216;What a Feeling&#8217;, fue merecedora de varios Grammys, un Globo de Oro y un People&#8217;s Choice Award. &#8216;Fama&#8217; fue el otro t\u00edtulo que marc\u00f3 su carrera y la de varias generaciones de espectadores, gracias a las secuelas, copias y otros intentos de emular aquel \u00e9xito.<\/p>\n","protected":false},"excerpt":{"rendered":"<p>Muri\u00f3 a los 63 a\u00f1os La cantante, compositora, bailarina y actriz Irene Cara, ganadora de un Oscar por &#8216;Flashdance&#8217;, ha muerto a los 63 a\u00f1os, seg\u00fan ha informado su publicista. Adem\u00e1s de la estatuilla dorada a la mejor canci\u00f3n, por la pegadiza &#8216;What a Feeling&#8217;, fue merecedora de varios Grammys, un Globo de Oro y [&hellip;]<\/p>\n","protected":false},"author":3,"featured_media":18708,"comment_status":"open","ping_status":"open","sticky":false,"template":"","format":"standard","meta":{"footnotes":"","jetpack_publicize_message":"","jetpack_publicize_feature_enabled":true,"jetpack_social_post_already_shared":false,"jetpack_social_options":{"image_generator_settings":{"template":"highway","default_image_id":0,"font":"","enabled":false},"version":2}},"categories":[12],"tags":[],"class_list":["post-18706","post","type-post","status-publish","format-standard","has-post-thumbnail","hentry","category-espectaculos"],"jetpack_publicize_connections":[],"jetpack_featured_media_url":"https:\/\/revistaepocadigital.com.ar\/wp-content\/uploads\/2022\/11\/926e16dc-38a6-40aa-aa50-e9c55d56fab5.jpg","jetpack_likes_enabled":true,"_links":{"self":[{"href":"https:\/\/revistaepocadigital.com.ar\/index.php?rest_route=\/wp\/v2\/posts\/18706","targetHints":{"allow":["GET"]}}],"collection":[{"href":"https:\/\/revistaepocadigital.com.ar\/index.php?rest_route=\/wp\/v2\/posts"}],"about":[{"href":"https:\/\/revistaepocadigital.com.ar\/index.php?rest_route=\/wp\/v2\/types\/post"}],"author":[{"embeddable":true,"href":"https:\/\/revistaepocadigital.com.ar\/index.php?rest_route=\/wp\/v2\/users\/3"}],"replies":[{"embeddable":true,"href":"https:\/\/revistaepocadigital.com.ar\/index.php?rest_route=%2Fwp%2Fv2%2Fcomments&post=18706"}],"version-history":[{"count":0,"href":"https:\/\/revistaepocadigital.com.ar\/index.php?rest_route=\/wp\/v2\/posts\/18706\/revisions"}],"wp:featuredmedia":[{"embeddable":true,"href":"https:\/\/revistaepocadigital.com.ar\/index.php?rest_route=\/wp\/v2\/media\/18708"}],"wp:attachment":[{"href":"https:\/\/revistaepocadigital.com.ar\/index.php?rest_route=%2Fwp%2Fv2%2Fmedia&parent=18706"}],"wp:term":[{"taxonomy":"category","embeddable":true,"href":"https:\/\/revistaepocadigital.com.ar\/index.php?rest_route=%2Fwp%2Fv2%2Fcategories&post=18706"},{"taxonomy":"post_tag","embeddable":true,"href":"https:\/\/revistaepocadigital.com.ar\/index.php?rest_route=%2Fwp%2Fv2%2Ftags&post=18706"}],"curies":[{"name":"wp","href":"https:\/\/api.w.org\/{rel}","templated":true}]}}