{"id":18738,"date":"2022-11-30T11:33:44","date_gmt":"2022-11-30T14:33:44","guid":{"rendered":"https:\/\/revistaepocadigital.com.ar\/?p=18738"},"modified":"2022-12-01T11:43:02","modified_gmt":"2022-12-01T14:43:02","slug":"el-concejo-deliberante-declaro-la-emergencia-en-el-servicio-de-auga","status":"publish","type":"post","link":"https:\/\/revistaepocadigital.com.ar\/?p=18738","title":{"rendered":"EL CONCEJO DELIBERANTE DECLAR\u00d3 LA EMERGENCIA EN EL SERVICIO DE AGUA"},"content":{"rendered":"<div class=\"x11i5rnm xat24cr x1mh8g0r x1vvkbs xdj266r x126k92a\">\n<div dir=\"auto\"><strong>ABARCA AL AGUA CORRIENTE EN TODO EXALTACI\u00d3N DE LA CRUZ.<\/strong><br \/>\n<span class=\"x3nfvp2 x1j61x8r x1fcty0u xdj266r xhhsvwb xat24cr xgzva0m xxymvpz xlup9mm x1kky2od\"><br \/>\n<\/span><\/div>\n<\/div>\n<p><!--more--><\/p>\n<div class=\"x11i5rnm xat24cr x1mh8g0r x1vvkbs xtlvy1s x126k92a\">\n<div dir=\"auto\">El proyecto presentado en la \u00faltima sesi\u00f3n del HCD por el bloque de Juntos, fue aprobado por unanimidad.<\/div>\n<div dir=\"auto\"><\/div>\n<div dir=\"auto\">La situaci\u00f3n es muy complejo y urgente son las medidas a adoptar,<em><strong> &#8220;tanto que realmente no da para mas, y ha afectado pr\u00e1cticamente a cada barrio que tiene servi<\/strong><\/em>cio de agua corriente municipal o de Copesel, incluso generandodo suspensi\u00f3n de clases&#8221;, expres\u00f3 Ra\u00fal Sancho jefe de la bancada.<\/div>\n<div dir=\"auto\"><\/div>\n<\/div>\n<div class=\"x11i5rnm xat24cr x1mh8g0r x1vvkbs xtlvy1s x126k92a\">\n<div dir=\"auto\">Agreg\u00f3 despu\u00e9s Sancho, &#8220;<strong><em>pedimos que el municipio adopte medidas URGENTES <\/em><\/strong>(remarc\u00f3)<strong><em> para garantizar el agua, que es un servicio sumamente esencial&#8221;<\/em><\/strong>.<\/div>\n<\/div>\n<div dir=\"auto\"><\/div>\n<div dir=\"auto\">Foto: gentileza La Aut\u00e9ntica Defensa.<\/div>\n","protected":false},"excerpt":{"rendered":"<p>ABARCA AL AGUA CORRIENTE EN TODO EXALTACI\u00d3N DE LA CRUZ.<\/p>\n","protected":false},"author":3,"featured_media":18740,"comment_status":"open","ping_status":"open","sticky":false,"template":"","format":"standard","meta":{"footnotes":"","jetpack_publicize_message":"","jetpack_publicize_feature_enabled":true,"jetpack_social_post_already_shared":false,"jetpack_social_options":{"image_generator_settings":{"template":"highway","default_image_id":0,"font":"","enabled":false},"version":2}},"categories":[17],"tags":[2116],"class_list":["post-18738","post","type-post","status-publish","format-standard","has-post-thumbnail","hentry","category-politica","tag-agua-corriente-emergencia"],"jetpack_publicize_connections":[],"jetpack_featured_media_url":"https:\/\/revistaepocadigital.com.ar\/wp-content\/uploads\/2022\/11\/agua-aut-def.jpg","jetpack_likes_enabled":true,"_links":{"self":[{"href":"https:\/\/revistaepocadigital.com.ar\/index.php?rest_route=\/wp\/v2\/posts\/18738","targetHints":{"allow":["GET"]}}],"collection":[{"href":"https:\/\/revistaepocadigital.com.ar\/index.php?rest_route=\/wp\/v2\/posts"}],"about":[{"href":"https:\/\/revistaepocadigital.com.ar\/index.php?rest_route=\/wp\/v2\/types\/post"}],"author":[{"embeddable":true,"href":"https:\/\/revistaepocadigital.com.ar\/index.php?rest_route=\/wp\/v2\/users\/3"}],"replies":[{"embeddable":true,"href":"https:\/\/revistaepocadigital.com.ar\/index.php?rest_route=%2Fwp%2Fv2%2Fcomments&post=18738"}],"version-history":[{"count":0,"href":"https:\/\/revistaepocadigital.com.ar\/index.php?rest_route=\/wp\/v2\/posts\/18738\/revisions"}],"wp:featuredmedia":[{"embeddable":true,"href":"https:\/\/revistaepocadigital.com.ar\/index.php?rest_route=\/wp\/v2\/media\/18740"}],"wp:attachment":[{"href":"https:\/\/revistaepocadigital.com.ar\/index.php?rest_route=%2Fwp%2Fv2%2Fmedia&parent=18738"}],"wp:term":[{"taxonomy":"category","embeddable":true,"href":"https:\/\/revistaepocadigital.com.ar\/index.php?rest_route=%2Fwp%2Fv2%2Fcategories&post=18738"},{"taxonomy":"post_tag","embeddable":true,"href":"https:\/\/revistaepocadigital.com.ar\/index.php?rest_route=%2Fwp%2Fv2%2Ftags&post=18738"}],"curies":[{"name":"wp","href":"https:\/\/api.w.org\/{rel}","templated":true}]}}