{"id":18762,"date":"2022-12-01T18:41:48","date_gmt":"2022-12-01T21:41:48","guid":{"rendered":"https:\/\/revistaepocadigital.com.ar\/?p=18762"},"modified":"2022-12-01T19:05:38","modified_gmt":"2022-12-01T22:05:38","slug":"18762-2","status":"publish","type":"post","link":"https:\/\/revistaepocadigital.com.ar\/?p=18762","title":{"rendered":"Entre la tensi\u00f3n, nervios y el sentimiento argentino. El Mundial"},"content":{"rendered":"<p><strong>EL MUNDIAL EN CAPILLA DEL SE\u00d1OR.<\/strong><\/p>\n<p><!--more--><\/p>\n<p>Una ciudad con esp\u00edritu de pueblo del interior bonaerense, Capilla del Se\u00f1or, a unos 90 kms al norte de la Capital Federal.\u00a0 Sus pintorescas calles, la Plaza San Mart\u00edn. Desiertas. Y no por la siesta tradicional. Argentina-Polonia monopolizaban desde Qatar. Las familias en sus casas, muy pocas personas en apenas un par de lugares abiertos. Despu\u00e9s de pasar por el restaurante-caf\u00e9\u00a0 Trevi en la calle Mitre, donde una veintena de mujeres y hombres eran presas de la ansiedad, EPOCA comparti\u00f3 el resto del partido en el Cuartel de Bomberos Voluntarios de Capilla del Se\u00f1or, tras recorrer otros sectores de la ciudad (ver fotos)<\/p>\n<p>En Trevi, se percib\u00eda la tensi\u00f3n por las im\u00e1genes del partido que part\u00edan de los televisores, cada oportunidad perdida por los argentinos se lamentaba largamente, en tanto en una mesa curiosamente, conversaban animadamente dos amigas, M\u00f3nica Fuxan (esposa del propietario del conocido lugar, Enrique Benzaquen) y Patricia Boineau, intercambiando an\u00e9cdotas del reciente y emotivo casamiento de Agustina, hija del matrimonio Benzaquen. \u201c<em>\u00bfEl partido?, lo vemos pero de a ratitos, estamos charlando del casamiento de mi hija y de cosas de amigas, ja!\u201d,<\/em> coment\u00f3 sonriendo M\u00f3nica Fuxan mientras a escasos metros, Messi y c\u00eda luchaban para doblegar a Polonia\u2026<\/p>\n<p>En tanto, el calor y viento,, sumados \u00a0a la cr\u00edtica sequ\u00eda (por suerte\u00a0 durante la noche llovi\u00f3), desat\u00f3 el en\u00e9simo incendio a dos horas del comienzo del partido. La envergadura de las llamas en un campo en el paraje de\u00a0 Solis, sobre la autov\u00eda 8, oblig\u00f3 a los bomberos a cumplir con el deber, compromiso y entrega por los semejantes. Unos 20 hombres se montaran en dos autobombas, otro del Destacamento Parada Robles y partieron. El \u201cpartido\u201d ellos lo iban a jugar contra el temido fuego.<\/p>\n<p>El voraz incendio afecto nada menos que unas 250 hect\u00e1reas sembradas con trigo y tambi\u00e9n las llamas da\u00f1aron una camioneta. El trabajo de los Bomberos de Capilla y Robles fue denonada, tanto que reci\u00e9n regresaron a la ciudad, exhaustos, con las primeras horas de la noche. <em>\u201cEs tremendo el momento que se vive, la sequ\u00eda, calor, el viento agravan todo y nuestros bomberos est\u00e1n haciendo un esfuerzo impresionante\u201d,<\/em> resalt\u00f3 a EPOCA \u00a0Angel S\u00e1nchez, presidente de la Asociaci\u00f3n de Bomberos Voluntarios de Exaltaci\u00f3n de la Cruz.<\/p>\n<p>En el Cuartel como consignas s\u00f3lo hab\u00edan quedado el Ayudante Hugo C\u00f3rdoba y el cuartelero. Hugo (40, juega \u201cde 4\u201d en el Club Soc<em>ial y Deportivo Capilla que participa en la liga de San Antonio de Areco), nervioso cont\u00f3 \u00a0\u201cen mi familia somos de River, me encanta \u00a0Juli\u00e1n Alvarez y soy ombero desde hace 25 a\u00f1os\u201d. Al rato llegaron su esposa Fernanda (40) y los hijos Gonzalo (12), Ignacio (8) y Guillermina (7) y, se unieron en un profundo \u00a0abrazo cuando Argentina cant\u00f3 victoria!. Vamos carajo!.<\/em><\/p>\n<p><strong>\u00a1CLIC!<\/strong><\/p>\n<p><img loading=\"lazy\" decoding=\"async\" class=\"aligncenter size-full wp-image-18777\" src=\"https:\/\/revistaepocadigital.com.ar\/wp-content\/uploads\/2022\/12\/mundi-cordo.jpg\" alt=\"\" width=\"640\" height=\"480\" srcset=\"https:\/\/revistaepocadigital.com.ar\/wp-content\/uploads\/2022\/12\/mundi-cordo.jpg 640w, https:\/\/revistaepocadigital.com.ar\/wp-content\/uploads\/2022\/12\/mundi-cordo-300x225.jpg 300w, https:\/\/revistaepocadigital.com.ar\/wp-content\/uploads\/2022\/12\/mundi-cordo-80x60.jpg 80w, https:\/\/revistaepocadigital.com.ar\/wp-content\/uploads\/2022\/12\/mundi-cordo-160x120.jpg 160w, https:\/\/revistaepocadigital.com.ar\/wp-content\/uploads\/2022\/12\/mundi-cordo-265x198.jpg 265w, https:\/\/revistaepocadigital.com.ar\/wp-content\/uploads\/2022\/12\/mundi-cordo-560x420.jpg 560w\" sizes=\"auto, (max-width: 640px) 100vw, 640px\" \/><\/p>\n<p>El bombero ayudante, de consigna en el Cuartel, grita con alma y vida el primer gol.<\/p>\n<p><img loading=\"lazy\" decoding=\"async\" class=\"aligncenter size-full wp-image-18763\" src=\"https:\/\/revistaepocadigital.com.ar\/wp-content\/uploads\/2022\/12\/mundi-bomb1.jpg\" alt=\"\" width=\"640\" height=\"480\" srcset=\"https:\/\/revistaepocadigital.com.ar\/wp-content\/uploads\/2022\/12\/mundi-bomb1.jpg 640w, https:\/\/revistaepocadigital.com.ar\/wp-content\/uploads\/2022\/12\/mundi-bomb1-300x225.jpg 300w, https:\/\/revistaepocadigital.com.ar\/wp-content\/uploads\/2022\/12\/mundi-bomb1-80x60.jpg 80w, https:\/\/revistaepocadigital.com.ar\/wp-content\/uploads\/2022\/12\/mundi-bomb1-160x120.jpg 160w, https:\/\/revistaepocadigital.com.ar\/wp-content\/uploads\/2022\/12\/mundi-bomb1-265x198.jpg 265w, https:\/\/revistaepocadigital.com.ar\/wp-content\/uploads\/2022\/12\/mundi-bomb1-560x420.jpg 560w\" sizes=\"auto, (max-width: 640px) 100vw, 640px\" \/><\/p>\n<p>En el Cuartel de Bomberos, C\u00f3rdoba y familia se abrazan luego de la victoria.<\/p>\n<p><img loading=\"lazy\" decoding=\"async\" class=\"aligncenter size-full wp-image-18776\" src=\"https:\/\/revistaepocadigital.com.ar\/wp-content\/uploads\/2022\/12\/muni-mon.jpg\" alt=\"\" width=\"640\" height=\"488\" srcset=\"https:\/\/revistaepocadigital.com.ar\/wp-content\/uploads\/2022\/12\/muni-mon.jpg 640w, https:\/\/revistaepocadigital.com.ar\/wp-content\/uploads\/2022\/12\/muni-mon-300x229.jpg 300w, https:\/\/revistaepocadigital.com.ar\/wp-content\/uploads\/2022\/12\/muni-mon-80x60.jpg 80w, https:\/\/revistaepocadigital.com.ar\/wp-content\/uploads\/2022\/12\/muni-mon-551x420.jpg 551w\" sizes=\"auto, (max-width: 640px) 100vw, 640px\" \/><\/p>\n<p>Nada de nervios. M\u00f3nica Fuxan (esposa del propietario de Trevi, Enrique Benzaquen), conversa con una amiga Patricia Boineau. \u00bfEl partido?, s\u00f3lo de a ratitos!.<\/p>\n<p><img loading=\"lazy\" decoding=\"async\" class=\"aligncenter size-full wp-image-18766\" src=\"https:\/\/revistaepocadigital.com.ar\/wp-content\/uploads\/2022\/12\/mundi-calle.jpg\" alt=\"\" width=\"640\" height=\"480\" srcset=\"https:\/\/revistaepocadigital.com.ar\/wp-content\/uploads\/2022\/12\/mundi-calle.jpg 640w, https:\/\/revistaepocadigital.com.ar\/wp-content\/uploads\/2022\/12\/mundi-calle-300x225.jpg 300w, https:\/\/revistaepocadigital.com.ar\/wp-content\/uploads\/2022\/12\/mundi-calle-80x60.jpg 80w, https:\/\/revistaepocadigital.com.ar\/wp-content\/uploads\/2022\/12\/mundi-calle-160x120.jpg 160w, https:\/\/revistaepocadigital.com.ar\/wp-content\/uploads\/2022\/12\/mundi-calle-265x198.jpg 265w, https:\/\/revistaepocadigital.com.ar\/wp-content\/uploads\/2022\/12\/mundi-calle-560x420.jpg 560w\" sizes=\"auto, (max-width: 640px) 100vw, 640px\" \/><\/p>\n<p><img loading=\"lazy\" decoding=\"async\" class=\"aligncenter size-full wp-image-18767\" src=\"https:\/\/revistaepocadigital.com.ar\/wp-content\/uploads\/2022\/12\/mundi-calles.jpg\" alt=\"\" width=\"640\" height=\"480\" srcset=\"https:\/\/revistaepocadigital.com.ar\/wp-content\/uploads\/2022\/12\/mundi-calles.jpg 640w, https:\/\/revistaepocadigital.com.ar\/wp-content\/uploads\/2022\/12\/mundi-calles-300x225.jpg 300w, https:\/\/revistaepocadigital.com.ar\/wp-content\/uploads\/2022\/12\/mundi-calles-80x60.jpg 80w, https:\/\/revistaepocadigital.com.ar\/wp-content\/uploads\/2022\/12\/mundi-calles-160x120.jpg 160w, https:\/\/revistaepocadigital.com.ar\/wp-content\/uploads\/2022\/12\/mundi-calles-265x198.jpg 265w, https:\/\/revistaepocadigital.com.ar\/wp-content\/uploads\/2022\/12\/mundi-calles-560x420.jpg 560w\" sizes=\"auto, (max-width: 640px) 100vw, 640px\" \/><\/p>\n<p><img loading=\"lazy\" decoding=\"async\" class=\"aligncenter size-full wp-image-18769\" src=\"https:\/\/revistaepocadigital.com.ar\/wp-content\/uploads\/2022\/12\/mundi-calllll.jpg\" alt=\"\" width=\"640\" height=\"480\" srcset=\"https:\/\/revistaepocadigital.com.ar\/wp-content\/uploads\/2022\/12\/mundi-calllll.jpg 640w, https:\/\/revistaepocadigital.com.ar\/wp-content\/uploads\/2022\/12\/mundi-calllll-300x225.jpg 300w, https:\/\/revistaepocadigital.com.ar\/wp-content\/uploads\/2022\/12\/mundi-calllll-80x60.jpg 80w, https:\/\/revistaepocadigital.com.ar\/wp-content\/uploads\/2022\/12\/mundi-calllll-160x120.jpg 160w, https:\/\/revistaepocadigital.com.ar\/wp-content\/uploads\/2022\/12\/mundi-calllll-265x198.jpg 265w, https:\/\/revistaepocadigital.com.ar\/wp-content\/uploads\/2022\/12\/mundi-calllll-560x420.jpg 560w\" sizes=\"auto, (max-width: 640px) 100vw, 640px\" \/><\/p>\n<p>Calles c\u00e9ntricas y espacios p\u00fablicos desiertos.<\/p>\n<p><img loading=\"lazy\" decoding=\"async\" class=\"aligncenter size-full wp-image-18770\" src=\"https:\/\/revistaepocadigital.com.ar\/wp-content\/uploads\/2022\/12\/mundi-chi-rotated.jpg\" alt=\"\" width=\"480\" height=\"640\" srcset=\"https:\/\/revistaepocadigital.com.ar\/wp-content\/uploads\/2022\/12\/mundi-chi-rotated.jpg 480w, https:\/\/revistaepocadigital.com.ar\/wp-content\/uploads\/2022\/12\/mundi-chi-225x300.jpg 225w, https:\/\/revistaepocadigital.com.ar\/wp-content\/uploads\/2022\/12\/mundi-chi-315x420.jpg 315w\" sizes=\"auto, (max-width: 480px) 100vw, 480px\" \/><\/p>\n<p>Uno de los escas\u00edsimos comercios abiertos durante el partido, el Supermercado Tom\u00e1s.<\/p>\n<p><img loading=\"lazy\" decoding=\"async\" class=\"aligncenter size-full wp-image-18771\" src=\"https:\/\/revistaepocadigital.com.ar\/wp-content\/uploads\/2022\/12\/mundi-tre-penal.jpg\" alt=\"\" width=\"640\" height=\"480\" srcset=\"https:\/\/revistaepocadigital.com.ar\/wp-content\/uploads\/2022\/12\/mundi-tre-penal.jpg 640w, https:\/\/revistaepocadigital.com.ar\/wp-content\/uploads\/2022\/12\/mundi-tre-penal-300x225.jpg 300w, https:\/\/revistaepocadigital.com.ar\/wp-content\/uploads\/2022\/12\/mundi-tre-penal-80x60.jpg 80w, https:\/\/revistaepocadigital.com.ar\/wp-content\/uploads\/2022\/12\/mundi-tre-penal-160x120.jpg 160w, https:\/\/revistaepocadigital.com.ar\/wp-content\/uploads\/2022\/12\/mundi-tre-penal-265x198.jpg 265w, https:\/\/revistaepocadigital.com.ar\/wp-content\/uploads\/2022\/12\/mundi-tre-penal-560x420.jpg 560w\" sizes=\"auto, (max-width: 640px) 100vw, 640px\" \/><\/p>\n<p>&#8220;Noooooo!&#8221;. En Trevi, tres amigos se lamentan el penal errado por Messi ante Polonia.<\/p>\n<p><img loading=\"lazy\" decoding=\"async\" class=\"aligncenter size-full wp-image-18772\" src=\"https:\/\/revistaepocadigital.com.ar\/wp-content\/uploads\/2022\/12\/mundi-trecc.jpg\" alt=\"\" width=\"640\" height=\"480\" srcset=\"https:\/\/revistaepocadigital.com.ar\/wp-content\/uploads\/2022\/12\/mundi-trecc.jpg 640w, https:\/\/revistaepocadigital.com.ar\/wp-content\/uploads\/2022\/12\/mundi-trecc-300x225.jpg 300w, https:\/\/revistaepocadigital.com.ar\/wp-content\/uploads\/2022\/12\/mundi-trecc-80x60.jpg 80w, https:\/\/revistaepocadigital.com.ar\/wp-content\/uploads\/2022\/12\/mundi-trecc-160x120.jpg 160w, https:\/\/revistaepocadigital.com.ar\/wp-content\/uploads\/2022\/12\/mundi-trecc-265x198.jpg 265w, https:\/\/revistaepocadigital.com.ar\/wp-content\/uploads\/2022\/12\/mundi-trecc-560x420.jpg 560w\" sizes=\"auto, (max-width: 640px) 100vw, 640px\" \/><\/p>\n<p>Detr\u00e1s de la barra de Trevi, tambi\u00e9n, sonrisas nerviosas y ansiedad.<\/p>\n<p><img loading=\"lazy\" decoding=\"async\" class=\"aligncenter size-full wp-image-18773\" src=\"https:\/\/revistaepocadigital.com.ar\/wp-content\/uploads\/2022\/12\/mundi-trvvv.jpg\" alt=\"\" width=\"640\" height=\"480\" srcset=\"https:\/\/revistaepocadigital.com.ar\/wp-content\/uploads\/2022\/12\/mundi-trvvv.jpg 640w, https:\/\/revistaepocadigital.com.ar\/wp-content\/uploads\/2022\/12\/mundi-trvvv-300x225.jpg 300w, https:\/\/revistaepocadigital.com.ar\/wp-content\/uploads\/2022\/12\/mundi-trvvv-80x60.jpg 80w, https:\/\/revistaepocadigital.com.ar\/wp-content\/uploads\/2022\/12\/mundi-trvvv-160x120.jpg 160w, https:\/\/revistaepocadigital.com.ar\/wp-content\/uploads\/2022\/12\/mundi-trvvv-265x198.jpg 265w, https:\/\/revistaepocadigital.com.ar\/wp-content\/uploads\/2022\/12\/mundi-trvvv-560x420.jpg 560w\" sizes=\"auto, (max-width: 640px) 100vw, 640px\" \/><\/p>\n<p>S\u00f3lo, mira al m\u00e1s all\u00e1 en la vereda de Trevi, el hombre fuma nervioso y no ve la TV.<\/p>\n<p>&nbsp;<\/p>\n<p><em><strong>El Mundial a pleno en Capilla del Se\u00f1or, en Exaltaci\u00f3n de la Cruz. Clima de satisfacci\u00f3n y distensi\u00f3n. El Mundial atrapa. Vamos ante Australia!<\/strong><\/em><\/p>\n","protected":false},"excerpt":{"rendered":"<p>EL MUNDIAL EN CAPILLA DEL SE\u00d1OR.<\/p>\n","protected":false},"author":4,"featured_media":18780,"comment_status":"open","ping_status":"open","sticky":false,"template":"","format":"standard","meta":{"footnotes":"","jetpack_publicize_message":"","jetpack_publicize_feature_enabled":true,"jetpack_social_post_already_shared":false,"jetpack_social_options":{"image_generator_settings":{"template":"highway","default_image_id":0,"font":"","enabled":false},"version":2}},"categories":[13],"tags":[1592,2118,1522],"class_list":["post-18762","post","type-post","status-publish","format-standard","has-post-thumbnail","hentry","category-interes-general","tag-bombero","tag-mundial-qatar","tag-trevi"],"jetpack_publicize_connections":[],"jetpack_featured_media_url":"https:\/\/revistaepocadigital.com.ar\/wp-content\/uploads\/2022\/12\/bommmm.jpg","jetpack_likes_enabled":true,"_links":{"self":[{"href":"https:\/\/revistaepocadigital.com.ar\/index.php?rest_route=\/wp\/v2\/posts\/18762","targetHints":{"allow":["GET"]}}],"collection":[{"href":"https:\/\/revistaepocadigital.com.ar\/index.php?rest_route=\/wp\/v2\/posts"}],"about":[{"href":"https:\/\/revistaepocadigital.com.ar\/index.php?rest_route=\/wp\/v2\/types\/post"}],"author":[{"embeddable":true,"href":"https:\/\/revistaepocadigital.com.ar\/index.php?rest_route=\/wp\/v2\/users\/4"}],"replies":[{"embeddable":true,"href":"https:\/\/revistaepocadigital.com.ar\/index.php?rest_route=%2Fwp%2Fv2%2Fcomments&post=18762"}],"version-history":[{"count":0,"href":"https:\/\/revistaepocadigital.com.ar\/index.php?rest_route=\/wp\/v2\/posts\/18762\/revisions"}],"wp:featuredmedia":[{"embeddable":true,"href":"https:\/\/revistaepocadigital.com.ar\/index.php?rest_route=\/wp\/v2\/media\/18780"}],"wp:attachment":[{"href":"https:\/\/revistaepocadigital.com.ar\/index.php?rest_route=%2Fwp%2Fv2%2Fmedia&parent=18762"}],"wp:term":[{"taxonomy":"category","embeddable":true,"href":"https:\/\/revistaepocadigital.com.ar\/index.php?rest_route=%2Fwp%2Fv2%2Fcategories&post=18762"},{"taxonomy":"post_tag","embeddable":true,"href":"https:\/\/revistaepocadigital.com.ar\/index.php?rest_route=%2Fwp%2Fv2%2Ftags&post=18762"}],"curies":[{"name":"wp","href":"https:\/\/api.w.org\/{rel}","templated":true}]}}