{"id":18791,"date":"2022-12-03T02:11:20","date_gmt":"2022-12-03T05:11:20","guid":{"rendered":"https:\/\/revistaepocadigital.com.ar\/?p=18791"},"modified":"2022-12-17T20:44:05","modified_gmt":"2022-12-17T23:44:05","slug":"diciembre-un-mes-memorable-para-los-hinchas-de-river-en-las-moras-un-gran-festejo","status":"publish","type":"post","link":"https:\/\/revistaepocadigital.com.ar\/?p=18791","title":{"rendered":"En Las Moras, hoy es el gran festejo de los hinchas de River"},"content":{"rendered":"<div class=\"I_ZkbNhI D_FY W_6D6F\" data-test-id=\"message-view-body\">\n<div class=\"msg-body P_wpofO mq_AS\" data-test-id=\"message-view-body-content\">\n<div class=\"jb_0 X_6MGW N_6Fd5\">\n<div id=\"yiv8252280066\">\n<p><strong><img loading=\"lazy\" decoding=\"async\" class=\"alignright size-full wp-image-18973\" src=\"https:\/\/revistaepocadigital.com.ar\/wp-content\/uploads\/2022\/12\/mora-rivvv.png\" alt=\"\" width=\"295\" height=\"450\" srcset=\"https:\/\/revistaepocadigital.com.ar\/wp-content\/uploads\/2022\/12\/mora-rivvv.png 295w, https:\/\/revistaepocadigital.com.ar\/wp-content\/uploads\/2022\/12\/mora-rivvv-197x300.png 197w, https:\/\/revistaepocadigital.com.ar\/wp-content\/uploads\/2022\/12\/mora-rivvv-275x420.png 275w\" sizes=\"auto, (max-width: 295px) 100vw, 295px\" \/>RUB\u00c9N LAMPONI ENCABEZA COMO SE SABE EL COMPLEJO LAS MORAS, A LA VEZ QUE CONTIN\u00daA IMPULSADO CON HINCHAS MILLONARIOS EL ESPACIO RIVER EN CAPILLA DEL SE\u00d1OR.<\/strong><\/p>\n<p><strong>Luego de la postergaci\u00f3n por la lluvia.<br \/>\n<!--more--><\/strong><\/p>\n<div class=\"I_ZkbNhI D_FY W_6D6F\" data-test-id=\"message-view-body\">\n<div class=\"msg-body P_wpofO mq_AS\" data-test-id=\"message-view-body-content\">\n<div class=\"jb_0 X_6MGW N_6Fd5\">\n<div id=\"yiv8252280066\">Este mes qued\u00f3 grabado a fuego en la memoria de los hinchas de River, por eso en el Complejo Las Moras se preparan para un festejo a pleno. EPOCA convers\u00f3 con <strong>Lamponi<\/strong> quien dio detalles del importante evento.<\/div>\n<div><\/div>\n<\/div>\n<\/div>\n<\/div>\n<\/div>\n<\/div>\n<div class=\"jb_0 X_6MGW N_6Fd5\">\n<div id=\"yiv8252280066\">\n<div>&#8211;<strong>Arranc\u00f3 diciembre, un mes s\u00faper especial y con cientos de connotaciones. El 9 de diciembre en el Santiago Bernabeu en Madrid, River la final de la Copa Libertadores a Boca, y el d\u00eda marc\u00f3 a fuego para siempre a los hinchas de los millonarios.<\/strong><\/div>\n<div>&#8211;<em>Dec\u00eds 9 de diciembre, y me sigo emocionando, esa fecha para los hinchas de River termin\u00f3 con cualquier discusi\u00f3n dec\u00eds esa fecha y para nosotros se termina cualquier discusi\u00f3n. La grandeza de River gan\u00e1ndole a Boca en Madrid,<\/em> <em>no s\u00f3lo en la contundente e inolvidable victoria, sino que nos permiti\u00f3 disfrutar del partido m\u00e1s importante de la historia.<\/em><\/div>\n<\/div>\n<\/div>\n<\/div>\n<\/div>\n<div><\/div>\n<div><img loading=\"lazy\" decoding=\"async\" class=\"aligncenter size-full wp-image-18810\" src=\"https:\/\/revistaepocadigital.com.ar\/wp-content\/uploads\/2022\/12\/moras-river.jpg\" alt=\"\" width=\"487\" height=\"456\" srcset=\"https:\/\/revistaepocadigital.com.ar\/wp-content\/uploads\/2022\/12\/moras-river.jpg 487w, https:\/\/revistaepocadigital.com.ar\/wp-content\/uploads\/2022\/12\/moras-river-300x281.jpg 300w, https:\/\/revistaepocadigital.com.ar\/wp-content\/uploads\/2022\/12\/moras-river-449x420.jpg 449w\" sizes=\"auto, (max-width: 487px) 100vw, 487px\" \/><\/div>\n<div><strong>-\u00bfEn Capilla del Se\u00f1or, el logro de River tiene una especial celebraci\u00f3n?.<\/strong><\/div>\n<div class=\"I_ZkbNhI D_FY W_6D6F\" data-test-id=\"message-view-body\">\n<div class=\"msg-body P_wpofO mq_AS\" data-test-id=\"message-view-body-content\">\n<div class=\"jb_0 X_6MGW N_6Fd5\">\n<div id=\"yiv8252280066\">\n<div><em>Si, porque adem\u00e1s conmemoramos nuestro primer aniversario del Espacio River, en el que venimos trabajando y creciendo. En realidad como espacio estamos hace bastante tiempo m\u00e1s, pero esta vez los motivos que nos impulsan\u00a0 a celebrar el primer a\u00f1o, es que desde que volvi\u00f3 el p\u00fablico a las canchas hemos podido \u00a0brindar desde nuestro Punto de Encuentro, en nuestro complejo Las Moras, el colectivo que nos traslada desde Capilla del Se\u00f1or al Monumental a acompa\u00f1ar cada partido a River, ha sido un logro muy valioso. Haber logrado continuidad y podido cumplir ese objetivo, y crecer como grupo humano nos motiva tambi\u00e9n a festejar.<\/em><\/div>\n<div><\/div>\n<div><strong>-Cont\u00e1\u00a0como es lo de la despedida de a\u00f1o de River Capilla?<\/strong><\/div>\n<div>&#8211;<em>Bueno, organizamos una gran cena en Las Moras que como todos saben se encuentra sobre la ruta 39 a pasos de Capilla del Se\u00f1or. El valor de la tarjeta es de 1500 pesos, e incluye asado, ensaladas y postre. Adem\u00e1s con la tarjeta se participa en sorteos que se realizar\u00e1n durante la noche. Por otro lado<\/em>, <em>habr\u00e1 m\u00fasica y entregaremos menciones destacadas, y desde ya, \u00a1no van a faltar las banderas y los bombos<\/em>!<\/div>\n<div><\/div>\n<\/div>\n<\/div>\n<\/div>\n<\/div>\n<div><strong>-\u00bfDonde y como los hinchas de River, pueden comprar las tarjetas para participar el evento?<\/strong><\/div>\n<div class=\"I_ZkbNhI D_FY W_6D6F\" data-test-id=\"message-view-body\">\n<div class=\"msg-body P_wpofO mq_AS\" data-test-id=\"message-view-body-content\">\n<div class=\"jb_0 X_6MGW N_6Fd5\">\n<div id=\"yiv8252280066\">\n<div>&#8211;<em>Se pueden comprar en Las Moras o por tel\u00e9fono al 11-3730-5513\u00a0 y 11-58249027. A su vez, los medios de pago<\/em> son en efectivo, tarjetas de cr\u00e9dito y d\u00e9bito y\u00a0mercado pago.<\/div>\n<div><em>Invitamos a todos a pasar una noche especial, emotiva y alegre con la celebraci\u00f3n. Y a la vez, despidiendo este 2022, y pensando en el 2023, en que nos ilusionamos en que los argentinos vamos a estar, en definitiva: &#8220;Que la gente crea porque tiene con qu\u00e9 creer&#8221;.<\/em><\/div>\n<\/div>\n<\/div>\n<\/div>\n<\/div>\n<p>&nbsp;<\/p>\n<p><iframe loading=\"lazy\" title=\"Pe\u00f1a River\" width=\"696\" height=\"392\" src=\"https:\/\/www.youtube.com\/embed\/V5L1mEyTuqU?feature=oembed\" frameborder=\"0\" allow=\"accelerometer; autoplay; clipboard-write; encrypted-media; gyroscope; picture-in-picture\" allowfullscreen><\/iframe><\/p>\n","protected":false},"excerpt":{"rendered":"<p>RUB\u00c9N LAMPONI ENCABEZA COMO SE SABE EL COMPLEJO LAS MORAS, A LA VEZ QUE CONTIN\u00daA IMPULSADO CON HINCHAS MILLONARIOS EL ESPACIO RIVER EN CAPILLA DEL SE\u00d1OR. Luego de la postergaci\u00f3n por la lluvia.<\/p>\n","protected":false},"author":3,"featured_media":18973,"comment_status":"open","ping_status":"open","sticky":false,"template":"","format":"standard","meta":{"footnotes":"","jetpack_publicize_message":"","jetpack_publicize_feature_enabled":true,"jetpack_social_post_already_shared":false,"jetpack_social_options":{"image_generator_settings":{"template":"highway","default_image_id":0,"font":"","enabled":false},"version":2}},"categories":[9],"tags":[116,2119,1470],"class_list":["post-18791","post","type-post","status-publish","format-standard","has-post-thumbnail","hentry","category-deportes","tag-deportes","tag-espacio-river","tag-las-moras"],"jetpack_publicize_connections":[],"jetpack_featured_media_url":"https:\/\/revistaepocadigital.com.ar\/wp-content\/uploads\/2022\/12\/mora-rivvv.png","jetpack_likes_enabled":true,"_links":{"self":[{"href":"https:\/\/revistaepocadigital.com.ar\/index.php?rest_route=\/wp\/v2\/posts\/18791","targetHints":{"allow":["GET"]}}],"collection":[{"href":"https:\/\/revistaepocadigital.com.ar\/index.php?rest_route=\/wp\/v2\/posts"}],"about":[{"href":"https:\/\/revistaepocadigital.com.ar\/index.php?rest_route=\/wp\/v2\/types\/post"}],"author":[{"embeddable":true,"href":"https:\/\/revistaepocadigital.com.ar\/index.php?rest_route=\/wp\/v2\/users\/3"}],"replies":[{"embeddable":true,"href":"https:\/\/revistaepocadigital.com.ar\/index.php?rest_route=%2Fwp%2Fv2%2Fcomments&post=18791"}],"version-history":[{"count":0,"href":"https:\/\/revistaepocadigital.com.ar\/index.php?rest_route=\/wp\/v2\/posts\/18791\/revisions"}],"wp:featuredmedia":[{"embeddable":true,"href":"https:\/\/revistaepocadigital.com.ar\/index.php?rest_route=\/wp\/v2\/media\/18973"}],"wp:attachment":[{"href":"https:\/\/revistaepocadigital.com.ar\/index.php?rest_route=%2Fwp%2Fv2%2Fmedia&parent=18791"}],"wp:term":[{"taxonomy":"category","embeddable":true,"href":"https:\/\/revistaepocadigital.com.ar\/index.php?rest_route=%2Fwp%2Fv2%2Fcategories&post=18791"},{"taxonomy":"post_tag","embeddable":true,"href":"https:\/\/revistaepocadigital.com.ar\/index.php?rest_route=%2Fwp%2Fv2%2Ftags&post=18791"}],"curies":[{"name":"wp","href":"https:\/\/api.w.org\/{rel}","templated":true}]}}