{"id":18818,"date":"2022-12-03T11:33:38","date_gmt":"2022-12-03T14:33:38","guid":{"rendered":"https:\/\/revistaepocadigital.com.ar\/?p=18818"},"modified":"2022-12-03T11:40:27","modified_gmt":"2022-12-03T14:40:27","slug":"3-de-diciembre-dia-internacional-de-las-personas-con-discapacidad","status":"publish","type":"post","link":"https:\/\/revistaepocadigital.com.ar\/?p=18818","title":{"rendered":"D\u00eda internacional de las personas con discapacidad"},"content":{"rendered":"<p><strong>TODOS JUNTOS.<\/strong><!--more--><\/p>\n<p>Cada 3 de diciembre es el d\u00eda Internacional de las Personas con Discapacidad.<\/p>\n<p>Valoremos y respaldemos a todos!<\/p>\n<p>Y vaya acaso como ejemplo de trabajo, tenacidad e integraci\u00f3n el grupo Los Tigres, conformado por personas con s\u00edndrome down, orientado por los incansables entrenadores Claudio Gonz\u00e1lez Johansen y N\u00e9stor Albarenque (foto). En el Paseo Las Tipas de Capilla del Se\u00f1or, donde tambi\u00e9n estuvieron el intendente Nanni y el director de deportes de la comuna Fernando Lodeiro, Los Tigres desarrollaron distintas actividades recreativas, como una muestra m\u00e1s de que en la vida estamos todos juntos y sin distinciones.<\/p>\n<p>&nbsp;<\/p>\n","protected":false},"excerpt":{"rendered":"<p>TODOS JUNTOS.<\/p>\n","protected":false},"author":4,"featured_media":18822,"comment_status":"open","ping_status":"open","sticky":false,"template":"","format":"standard","meta":{"footnotes":"","jetpack_publicize_message":"","jetpack_publicize_feature_enabled":true,"jetpack_social_post_already_shared":false,"jetpack_social_options":{"image_generator_settings":{"template":"highway","default_image_id":0,"font":"","enabled":false},"version":2}},"categories":[11],"tags":[],"class_list":["post-18818","post","type-post","status-publish","format-standard","has-post-thumbnail","hentry","category-entidades"],"jetpack_publicize_connections":[],"jetpack_featured_media_url":"https:\/\/revistaepocadigital.com.ar\/wp-content\/uploads\/2022\/12\/disca-1.jpg","jetpack_likes_enabled":true,"_links":{"self":[{"href":"https:\/\/revistaepocadigital.com.ar\/index.php?rest_route=\/wp\/v2\/posts\/18818","targetHints":{"allow":["GET"]}}],"collection":[{"href":"https:\/\/revistaepocadigital.com.ar\/index.php?rest_route=\/wp\/v2\/posts"}],"about":[{"href":"https:\/\/revistaepocadigital.com.ar\/index.php?rest_route=\/wp\/v2\/types\/post"}],"author":[{"embeddable":true,"href":"https:\/\/revistaepocadigital.com.ar\/index.php?rest_route=\/wp\/v2\/users\/4"}],"replies":[{"embeddable":true,"href":"https:\/\/revistaepocadigital.com.ar\/index.php?rest_route=%2Fwp%2Fv2%2Fcomments&post=18818"}],"version-history":[{"count":0,"href":"https:\/\/revistaepocadigital.com.ar\/index.php?rest_route=\/wp\/v2\/posts\/18818\/revisions"}],"wp:featuredmedia":[{"embeddable":true,"href":"https:\/\/revistaepocadigital.com.ar\/index.php?rest_route=\/wp\/v2\/media\/18822"}],"wp:attachment":[{"href":"https:\/\/revistaepocadigital.com.ar\/index.php?rest_route=%2Fwp%2Fv2%2Fmedia&parent=18818"}],"wp:term":[{"taxonomy":"category","embeddable":true,"href":"https:\/\/revistaepocadigital.com.ar\/index.php?rest_route=%2Fwp%2Fv2%2Fcategories&post=18818"},{"taxonomy":"post_tag","embeddable":true,"href":"https:\/\/revistaepocadigital.com.ar\/index.php?rest_route=%2Fwp%2Fv2%2Ftags&post=18818"}],"curies":[{"name":"wp","href":"https:\/\/api.w.org\/{rel}","templated":true}]}}