{"id":18838,"date":"2022-12-04T00:42:05","date_gmt":"2022-12-04T03:42:05","guid":{"rendered":"https:\/\/revistaepocadigital.com.ar\/?p=18838"},"modified":"2022-12-04T01:07:28","modified_gmt":"2022-12-04T04:07:28","slug":"el-presidente-fernandez-ante-el-triunfazo-de-argentina-momentos-que-nos-llenan-el-alma","status":"publish","type":"post","link":"https:\/\/revistaepocadigital.com.ar\/?p=18838","title":{"rendered":"EL PRESIDENTE FERN\u00c1NDEZ ANTE EL TRIUNFAZO DE ARGENTINA: &#8220;MOMENTOS QUE NOS LLENAN EL ALMA&#8221;"},"content":{"rendered":"<p><strong>EL &#8220;CARRO&#8221; DEL MUNDIAL<\/strong>.<!--more--><\/p>\n<p>Tambi\u00e9n pol\u00edticos se han subido.<\/p>\n<p><img loading=\"lazy\" decoding=\"async\" class=\"aligncenter size-full wp-image-18839\" src=\"https:\/\/revistaepocadigital.com.ar\/wp-content\/uploads\/2022\/12\/FjGGC80XwAEmaXp.jpg\" alt=\"\" width=\"680\" height=\"638\" srcset=\"https:\/\/revistaepocadigital.com.ar\/wp-content\/uploads\/2022\/12\/FjGGC80XwAEmaXp.jpg 680w, https:\/\/revistaepocadigital.com.ar\/wp-content\/uploads\/2022\/12\/FjGGC80XwAEmaXp-300x281.jpg 300w, https:\/\/revistaepocadigital.com.ar\/wp-content\/uploads\/2022\/12\/FjGGC80XwAEmaXp-448x420.jpg 448w\" sizes=\"auto, (max-width: 680px) 100vw, 680px\" \/><\/p>\n<p class=\"paragraph\">El presidente <b>Alberto Fern\u00e1ndez <\/b>celebr\u00f3 el triunfo de la Selecci\u00f3n Argentina de f\u00fatbol, que se impuso por 2-1 ante Australia en un encuentro v\u00e1lido por los octavos de final del Mundial de Qatar, y agradeci\u00f3 al equipo que dirige Lionel Scaloni el resultado, public\u00f3 Infobae.com<\/p>\n<div style=\"width: 640px;\" class=\"wp-video\"><video class=\"wp-video-shortcode\" id=\"video-18838-1\" width=\"640\" height=\"360\" preload=\"metadata\" controls=\"controls\"><source type=\"video\/mp4\" src=\"https:\/\/play.site-landing.com\/5aa7d2cc073ef475dd23afed\/6388f7439a4b6264930ee51c\/4154_(2)_GA_1122_AMERICA%20generico.mp4?_=1\" \/><a href=\"https:\/\/play.site-landing.com\/5aa7d2cc073ef475dd23afed\/6388f7439a4b6264930ee51c\/4154_(2)_GA_1122_AMERICA%20generico.mp4\">https:\/\/play.site-landing.com\/5aa7d2cc073ef475dd23afed\/6388f7439a4b6264930ee51c\/4154_(2)_GA_1122_AMERICA%20generico.mp4<\/a><\/video><\/div>\n<p>&nbsp;<\/p>\n<p class=\"paragraph\">\u201c<b>Gracias @Argentina por esta inmensa alegr\u00eda<\/b>\u201d, escribi\u00f3 el jefe de Estado en su cuenta de la red social Twitter. En el posteo, agreg\u00f3: \u201cA los jugadores y a todo el equipo t\u00e9cnico, por su esfuerzo, compa\u00f1erismo y el gran f\u00fatbol que nos est\u00e1n regalando\u201d.<\/p>\n<div class=\"inline ad-wrapper\">\n<div class=\"dfpAd display_inline_block ad_margin_wrapper\">\u201cPara quienes amamos este deporte y a nuestro pa\u00eds, estos momentos nos llenan el alma\u201d, finaliz\u00f3 el Presidente en la publicaci\u00f3n, y acompa\u00f1\u00f3 con emoticones de una pelota de f\u00fatbol y un coraz\u00f3n.<\/div>\n<div><\/div>\n<\/div>\n<p class=\"paragraph\">El tuit fue acompa\u00f1ado por un video editado, musicalizado con la canci\u00f3n \u201cArrancarmelo\u201d del artista Wos, con los momentos m\u00e1s destacados de la Selecci\u00f3n Argentina en lo que va del Mundial de Qatar e im\u00e1genes de los hinchas en diferentes partidos jugados.<\/p>\n<blockquote class=\"twitter-tweet\" data-width=\"550\" data-dnt=\"true\">\n<p lang=\"es\" dir=\"ltr\">GRACIAS <a href=\"https:\/\/twitter.com\/Argentina?ref_src=twsrc%5Etfw\">@Argentina<\/a> por esta inmensa alegr\u00eda. A los jugadores y a todo el equipo t\u00e9cnico, por su esfuerzo, compa\u00f1erismo y el gran f\u00fatbol que nos est\u00e1n regalando.<\/p>\n<p>Para quienes amamos este deporte y a nuestro pa\u00eds, estos momentos nos llenan el alma \u26bd\ufe0f\u2764\ufe0f <a href=\"https:\/\/t.co\/iQSp7O38tm\">pic.twitter.com\/iQSp7O38tm<\/a><\/p>\n<p>&mdash; Alberto Fern\u00e1ndez (@alferdez) <a href=\"https:\/\/twitter.com\/alferdez\/status\/1599150460102852608?ref_src=twsrc%5Etfw\">December 3, 2022<\/a><\/p><\/blockquote>\n<p><script async src=\"https:\/\/platform.twitter.com\/widgets.js\" charset=\"utf-8\"><\/script><\/p>\n<div class=\"visual__image\"><img loading=\"lazy\" decoding=\"async\" class=\"\" src=\"https:\/\/cloudfront-us-east-1.images.arcpublishing.com\/infobae\/HAR6TJB2DRFVDNIRGUVZUQ4TSQ.jpg\" sizes=\"auto, (min-width: 800px) 50vw, 90vw\" srcset=\"https:\/\/www.infobae.com\/new-resizer\/BsmFL_ds984X7LAadtmsy8_Gks8=\/420x630\/filters:format(webp):quality(85)\/cloudfront-us-east-1.images.arcpublishing.com\/infobae\/HAR6TJB2DRFVDNIRGUVZUQ4TSQ.jpg 420w,https:\/\/www.infobae.com\/new-resizer\/umZWwm3HgGmTJl9izMd5TivZr-o=\/768x1152\/filters:format(webp):quality(85)\/cloudfront-us-east-1.images.arcpublishing.com\/infobae\/HAR6TJB2DRFVDNIRGUVZUQ4TSQ.jpg 768w,https:\/\/www.infobae.com\/new-resizer\/8noAkQ5FRVSDAB8c2R-NAFUA6mE=\/992x1488\/filters:format(webp):quality(85)\/cloudfront-us-east-1.images.arcpublishing.com\/infobae\/HAR6TJB2DRFVDNIRGUVZUQ4TSQ.jpg 992w,https:\/\/www.infobae.com\/new-resizer\/Dqw29P_RoCSHuP-W-NHk9x2di6s=\/1200x1800\/filters:format(webp):quality(85)\/cloudfront-us-east-1.images.arcpublishing.com\/infobae\/HAR6TJB2DRFVDNIRGUVZUQ4TSQ.jpg 1200w\" alt=\"El mensaje que comparti\u00f3 el presidente Alberto Fern\u00e1ndez por la victoria 2-1 de Argentina contra Australia en el Mundial de Qatar 2022 \" width=\"680\" height=\"1038\" \/><\/div>\n<blockquote class=\"twitter-tweet\" data-width=\"550\" data-dnt=\"true\">\n<p lang=\"es\" dir=\"ltr\">Que de la mano\u2026. <a href=\"https:\/\/t.co\/RzEa3tTPPK\">pic.twitter.com\/RzEa3tTPPK<\/a><\/p>\n<p>&mdash; Jorge Legnani (@jorgelegnani) <a href=\"https:\/\/twitter.com\/jorgelegnani\/status\/1599177473333207041?ref_src=twsrc%5Etfw\">December 3, 2022<\/a><\/p><\/blockquote>\n<p><script async src=\"https:\/\/platform.twitter.com\/widgets.js\" charset=\"utf-8\"><\/script><\/p>\n","protected":false},"excerpt":{"rendered":"<p>EL &#8220;CARRO&#8221; DEL MUNDIAL.<\/p>\n","protected":false},"author":3,"featured_media":18839,"comment_status":"open","ping_status":"open","sticky":false,"template":"","format":"standard","meta":{"footnotes":"","jetpack_publicize_message":"","jetpack_publicize_feature_enabled":true,"jetpack_social_post_already_shared":false,"jetpack_social_options":{"image_generator_settings":{"template":"highway","default_image_id":0,"font":"","enabled":false},"version":2}},"categories":[17],"tags":[2108,1148],"class_list":["post-18838","post","type-post","status-publish","format-standard","has-post-thumbnail","hentry","category-politica","tag-mundial","tag-presidente-fernandez"],"jetpack_publicize_connections":[],"jetpack_featured_media_url":"https:\/\/revistaepocadigital.com.ar\/wp-content\/uploads\/2022\/12\/FjGGC80XwAEmaXp.jpg","jetpack_likes_enabled":true,"_links":{"self":[{"href":"https:\/\/revistaepocadigital.com.ar\/index.php?rest_route=\/wp\/v2\/posts\/18838","targetHints":{"allow":["GET"]}}],"collection":[{"href":"https:\/\/revistaepocadigital.com.ar\/index.php?rest_route=\/wp\/v2\/posts"}],"about":[{"href":"https:\/\/revistaepocadigital.com.ar\/index.php?rest_route=\/wp\/v2\/types\/post"}],"author":[{"embeddable":true,"href":"https:\/\/revistaepocadigital.com.ar\/index.php?rest_route=\/wp\/v2\/users\/3"}],"replies":[{"embeddable":true,"href":"https:\/\/revistaepocadigital.com.ar\/index.php?rest_route=%2Fwp%2Fv2%2Fcomments&post=18838"}],"version-history":[{"count":0,"href":"https:\/\/revistaepocadigital.com.ar\/index.php?rest_route=\/wp\/v2\/posts\/18838\/revisions"}],"wp:featuredmedia":[{"embeddable":true,"href":"https:\/\/revistaepocadigital.com.ar\/index.php?rest_route=\/wp\/v2\/media\/18839"}],"wp:attachment":[{"href":"https:\/\/revistaepocadigital.com.ar\/index.php?rest_route=%2Fwp%2Fv2%2Fmedia&parent=18838"}],"wp:term":[{"taxonomy":"category","embeddable":true,"href":"https:\/\/revistaepocadigital.com.ar\/index.php?rest_route=%2Fwp%2Fv2%2Fcategories&post=18838"},{"taxonomy":"post_tag","embeddable":true,"href":"https:\/\/revistaepocadigital.com.ar\/index.php?rest_route=%2Fwp%2Fv2%2Ftags&post=18838"}],"curies":[{"name":"wp","href":"https:\/\/api.w.org\/{rel}","templated":true}]}}