{"id":18848,"date":"2022-12-04T12:37:34","date_gmt":"2022-12-04T15:37:34","guid":{"rendered":"https:\/\/revistaepocadigital.com.ar\/?p=18848"},"modified":"2022-12-04T12:38:53","modified_gmt":"2022-12-04T15:38:53","slug":"cepral-informa-2","status":"publish","type":"post","link":"https:\/\/revistaepocadigital.com.ar\/?p=18848","title":{"rendered":"Cepral Informa"},"content":{"rendered":"<p><img decoding=\"async\" src=\"https:\/\/41sau.img.a.d.sendibm1.com\/im\/2340286\/61d7dfa0b34b1472b2dbdc5e764896a0a393b3fa2d1884b19e8e8ad54242c335.jpg?e=C_pLhWRJG-LbNuDe7HVaCbJSUDjbaYF0ThBHRvzgvFG_VIeClgo8uaqhqoHrSdjC3L5rRfogWejXDt52-Si1KkIE0_qYeetjtUSzsu5dAPI6_ZBjfY1mqdgOTY977TcdbjlXAuo8JitqUSMLcijyTsHUlPV0qjyY564VdgTS5TuecePzuDUieJDsl2jgXbn6GaRhBZsNriV7fnj-TUMN8G8-UvRoOzquh3JCHg\" alt=\"\" border=\"0\" hspace=\"0\" data-inlineimagemanipulating=\"true\" \/><img decoding=\"async\" src=\"https:\/\/41sau.img.a.d.sendibm1.com\/im\/2340286\/ec922102864c65c6a977613b1cdcc1096114af33a59d311193117526d82f0b31.gif?e=ynfX-oUDJdfkF3cIHXqS2O_EFwCHbrk3Vs11cT7QXENJmOQgfLjqXHk3p41N7sQZcxI4iUZYH7-WhUSyT31bg-Ef2ysecxGBZSLSY1_mCd-y9Htxi6OgELxbhu9db_gAq2ca_7oJZ0PiHtRDebH3QleyS56N4Gl8hvTEnNZe7SPVEcxfxOFSnhKuvdfV4I2jwWJ7JsvmhA1XYOoCLvYxfOdZtCQPNvuJBeVE0w\" alt=\"\" border=\"0\" hspace=\"0\" data-inlineimagemanipulating=\"true\" \/><\/p>\n<hr \/>\n<h1 style=\"text-align: center;\"><strong>\u00a1En Contacto!<\/strong><\/h1>\n<hr \/>\n<div><strong>Estimados vecinos y usuarios:<\/strong><\/div>\n<div><\/div>\n<div>Estas son nuestras principales noticias al inicio del \u00faltimo mes del a\u00f1o:<\/div>\n<div><\/div>\n<div>\u00a0 \u00a0 \u00a0 \u00a0 \u00a0<strong>En el Sector Telecomunicaciones:<\/strong><\/div>\n<div><strong>\u00a0 \u00a0 \u00a0 \u00a0 \u00a0Avances en el Servicio Fibra \u00d3ptica en tu Hogar<\/strong>:<strong>\u00a0 <\/strong><\/div>\n<div><strong>\u00a0 \u00a0 \u00a0 \u00a0 \u00a0\u00a1Cumplimos con nuestra palabra! El 100% del Barrio El Remanso ya\u00a0 <\/strong><\/div>\n<div><strong>\u00a0 \u00a0 \u00a0 \u00a0 \u00a0cuenta con el tendido de fibra \u00f3ptica antiroedor.<\/strong><\/div>\n<ul>\n<li><strong>Finalizamos la obra que nos permitir\u00e1 brindarles el Servicio FTTH a los vecinos de las 1\u00b0, 3\u00b0 y 4\u00b0 Series del barrio El Remanso!!!<\/strong>\u00a0\u00a0Cumpliendo de esta manera con los plazos proyectados. Ya comenzamos a comunicarnos con los vecinos para coordinar, de acuerdo al respectivo Plan de Prioridades, las fechas de instalaci\u00f3n.<\/li>\n<\/ul>\n<div><\/div>\n<ul>\n<li>Continuamos con las conexiones domiciliarias en\u00a0<strong>El Remanso 2\u00b0 y 6\u00b0 Series y Jular\u00f3.\u00a0\u00a0<\/strong>De acuerdo al plan de prioridades,<strong>\u00a0ya conectamos a m\u00e1s del 90% de los inscriptos.<\/strong><\/li>\n<\/ul>\n<div><\/div>\n<div><strong>\u00a0 \u00a0 \u00a0 \u00a0 \u00a0 En el Sector El\u00e9ctrico:<\/strong><\/div>\n<ul>\n<li><strong>Segmentaci\u00f3n Tarifaria: A partir de la facturaci\u00f3n con vencimiento diciembre 2022 ya se comienza a ver reflejado el nuevo r\u00e9gimen de segmentaci\u00f3n tarifaria.<\/strong><\/li>\n<li><strong>Ante la Ola de Calor, la falta de lluvias y la gran sequ\u00eda imperante, pedimos a los vecinos extremar los cuidados haciendo un uso racional del agua y de la energ\u00eda el\u00e9ctrica.<\/strong><\/li>\n<\/ul>\n<div><\/div>\n<div>\u00a0 \u00a0 \u00a0 \u00a0\u00a0<strong>\u200b<\/strong><\/div>\n<div><strong>\u00a0 \u00a0 \u00a0 \u00a0 \u00a0Tarifas de Telecomunicaciones:<\/strong><\/div>\n<ul>\n<li>Nuevas Tarifas para los Servicios de Telecomunicaciones entraron en vigencia a partir del 1\u00b0 de diciembre, seg\u00fan la Resoluci\u00f3n Nro. 1754\/2022, publicada el viernes 23 de septiembre en el Bolet\u00edn Oficial.<\/li>\n<\/ul>\n<div><\/div>\n<div><strong>\u00a0 \u00a0 \u00a0 \u00a0 \u00a0 \u00a0 \u00a0 \u00a0 \u00a0 \u00a0 \u00a0 \u00a0 \u00a0 \u00a0 \u00a0 \u00a0 \u00a0 \u00a0 \u00a0 \u00a0 \u00a0 \u00a0 \u00a0 Consejo de Administraci\u00f3n Cepral<\/strong><\/div>\n<div>\n<hr \/>\n<\/div>\n<div><img decoding=\"async\" src=\"https:\/\/41sau.img.a.d.sendibm1.com\/im\/2340286\/7394240060181d8149e7bb2cf09af22f2ca17efadedf4dae19b86cbd452791de.jpg?e=UuDxiJLPTaNP_lCHoXfppA6KUTjuHNn4g1e2kFIXE-fg19AV1UurDSnR3bXX1tiAjrgIh9rgXy4dy_vRoJY9TgsnfEyu6y8KGiCSmQaAHy_nn4nG3uhp7M07PJpnkKViJ6XtzP6dcqnvSQzHotuUiciOvUCT-En7clgwW46yv809FM7xJwUyBxuSIRt_Z1rDpCGfEACYnFvA8dBDwVS_st5e_SUd6eTj2OWgzQ\" alt=\"\" border=\"0\" hspace=\"0\" data-inlineimagemanipulating=\"true\" \/><\/div>\n<hr \/>\n<div><strong>SEGMENTACION TARIFARIA<\/strong><\/div>\n<div><strong>DEL\u00a0<\/strong><strong>SERVICIO EL\u00c9CTRICO<\/strong><\/div>\n<div><\/div>\n<div>Les comunicamos a nuestros usuarios y vecinos en general que a partir de las facturas con vencimiento en el mes de <strong>diciembre se comienza a registrar el efecto de la quita de subsidios al servicio el\u00e9ctrico<\/strong>, a ra\u00edz de la Segmentaci\u00f3n Energ\u00e9tica dictada por el Gobierno Nacional.<\/div>\n<div>\u00a0\u00ed<\/div>\n<div>Debido a que la quita del subsidio de energ\u00eda, en los casos que as\u00ed lo ameritan, comenz\u00f3 a regir a partir del <strong>1\u00ba de Octubre<\/strong>, \u00e9sta se ve reflejada en forma parcial en las facturas con <strong>vencimiento DICIEMBRE 2022.\u00a0 <\/strong><\/div>\n<div><\/div>\n<div>Por favor,\u00a0 <strong>tener en cuenta que\u00a0 en las pr\u00f3ximas emisiones la quita se ir\u00e1 incrementando en forma significativa<\/strong> hasta llegar al 100 % del retiro de los subsidios, produciendo <strong>considerables incrementos en el monto total de la factura.<\/strong><\/div>\n<div><\/div>\n<div>Por esta raz\u00f3n l<strong>es sugerimos que aquellos vecinos que a\u00fan no hayan completado el formulario de inscripci\u00f3n<\/strong> en el Registro de Acceso a los Subsidios a la Energ\u00eda (RASE) <strong>por favor lo hagan para poder mantener los subsidios en sus servicios.\u00a0<\/strong><\/div>\n<div>\n<div><\/div>\n<\/div>\n<div><strong>\u00a0 \u00a0 \u00a0 \u00a0 \u00a0 \u00a0 \u00a0 \u00a0 \u00a0 \u00a0 \u00a0 \u00a0 \u00a0 \u00a0 \u00a0 \u00a0 \u00a0 \u00a0 \u00a0 \u00a0 \u00a0 \u00a0 \u00a0 Consejo de Administraci\u00f3n Cepral<\/strong><\/div>\n<div><img decoding=\"async\" src=\"https:\/\/41sau.img.a.d.sendibm1.com\/im\/2340286\/7bd64c8f13430af9e8e4628ea5f4c2ab5514cc3c0bfc2683e85a04f4349b16be.jpeg?e=tjKQ1Uh1ffU2xlPGQa86mSxJgstVIWjCScHZKhSAjmpOK0jsR3haBuh9hcsjvs0xxJlZ2ApiqloY7a6spZRIfCY8mKB1ePQHwbBuvgHvhc3DMm2LoMcE_5e-LV5xlk-RBdivs2QudNhuzCgcErcV4IlWbBM3vKzKE-DkyzckPHE5OElpXcQnkQVR_hgPniwCxn0Owca_oLPI4FlfaZwRalrmYpQO5Sw5dlpsHqU\" alt=\"\" border=\"0\" hspace=\"0\" data-inlineimagemanipulating=\"true\" \/><\/div>\n<div>\n<hr \/>\n<\/div>\n<div>\n<div><b>INSCRIPCI\u00d3N PARA SUBSIDIOS A LA ENERG\u00cdA<\/b><\/div>\n<div>\n<div>\n<div><strong>Recordamos a nuestros usuarios que s<\/strong><strong>e mantine abierta la inscripci\u00f3n en el Registro de Acceso a los Subsidios a la Energ\u00eda (RASE) <u>para quienes no hayan iniciado el tr\u00e1mite y quieran mantener los subsidios a la energ\u00eda as\u00ed como para rectificar datos.<\/u><\/strong><\/div>\n<div><\/div>\n<div><strong>El tr\u00e1mite se podr\u00e1 realizar de la siguiente manera:<\/strong><\/div>\n<div><\/div>\n<div><strong>(I) Ingresando en<a href=\"https:\/\/41sau.r.a.d.sendibm1.com\/mk\/cl\/f\/SNhOXRWWmnDTUROnxPq0Hm98vkB6Tgw4ISRXSg6UabJaBUt9dgAcoPMV14NMnwyo9TV36WwJsDf1pFL6OqY_-IQNwagyvxh1uCwmLIqIWQnKZjk_6bSvJejpvb3QX_nerz5IqBwj724gAlaTQMj2EdrB2sgV41UbHbynQ3-AVzcXKsg7HUZ3G8yx2awUR04kp1Xf6uaXoDdOWQ1ZvW_p3QpJ65cum7T73M5y8mBVzd8\" target=\"_blank\" rel=\"noreferrer noopener\"> https:\/\/subsidios-energia.argentina.gob.ar<\/a> o desde la aplicaci\u00f3n Mi Argentina, o<\/strong><\/div>\n<div><\/div>\n<div><strong>(II) En la oficina de ANSES m\u00e1s cercana, para lo cual podr\u00e1 solicitar un turno por la p\u00e1gina web <a href=\"https:\/\/41sau.r.a.d.sendibm1.com\/mk\/cl\/f\/7e-7Dl4NZQFM4bqUfkkvzvxFmpITVSFX7KbgsHBPoL2E2a1R8Kmdu_f_O4v6dkHlUOf4BpXgGpI0PNoChFUpd0J-FhbSfzC9PBUczBOMduFh8Go9NJ5532oSFgai9foFlhXzN0YNHhS8L-F90bK7YYJrKPPUxNvjNVm8ytoXbYhDPUUIidarlZtkWB7Ah04nwa5K7m8GWg\" target=\"_blank\" rel=\"noreferrer noopener\">http:\/\/www.anses.gov.ar turnos<\/a>\u00a0.<\/strong><\/div>\n<div><\/div>\n<div><strong>Por otra parte, remarcamos que si bien, de conformidad con lo establecido en la Resoluci\u00f3n N\u00ba 631\/2022 y Disposici\u00f3n SPE N\u00ba 3\/2022, los usuarios beneficiarios de Tarifa Social se encuentran incorporados al padr\u00f3n de beneficiarios del RASE como Nivel 2 (Menores Ingresos), aquellos usuarios que no se hayan inscripto en el RASE deber\u00e1n realizar la inscripci\u00f3n, a fin de mantener el subsidio a la energ\u00eda.<\/strong><\/div>\n<\/div>\n<\/div>\n<div>\n<div>\n<div><\/div>\n<\/div>\n<\/div>\n<div><strong>\u00a0 \u00a0 \u00a0 \u00a0 \u00a0 \u00a0 \u00a0 \u00a0 \u00a0 \u00a0 \u00a0 \u00a0 \u00a0 \u00a0 \u00a0 \u00a0 \u00a0 \u00a0 \u00a0 \u00a0 \u00a0 \u00a0 \u00a0 Consejo de Administraci\u00f3n Cepral<\/strong><\/div>\n<\/div>\n<div>\n<hr \/>\n<\/div>\n<div>\n<div><strong>PARA UNA MEJOR ATENCI\u00d3N EN NUESTRA SEDE:<\/strong><\/div>\n<div>\u00a1Recomendamos gestionar previamente un turno personalizado a trav\u00e9s de nuestra p\u00e1gina web o desde el chat de CepralBot!<\/div>\n<div>\n<hr \/>\n<\/div>\n<\/div>\n<div>\n<div><strong>FERIADOS: JUEVES\u00a0 8 Y VIERNES 9 <\/strong><\/div>\n<div><strong>DE DICIEMBRE:<\/strong><\/div>\n<div><\/div>\n<div>\n<div>Informamos a nuestros usuarios que la Cooperativa permanecer\u00e1 cerrada los d\u00edas 8 y 9 de diciembre, con motivo del\u00a0<strong>D\u00eda de la Inmaculada Concepci\u00f3n de Mar\u00eda\u00a0<\/strong><strong>y Feriado Puente Tur\u00edstico<\/strong> respectivamente.<\/div>\n<div><\/div>\n<div>Quedar\u00e1n en funcionamiento <strong>Guardias m\u00ednimas, para emergencias, de los servicios de Energ\u00eda y Telecomunicaciones.<\/strong><\/div>\n<div>\n<hr \/>\n<\/div>\n<\/div>\n<\/div>\n<div><img decoding=\"async\" src=\"https:\/\/41sau.img.a.d.sendibm1.com\/im\/2340286\/f904fd3f7b7068f173f9167c132f89f25f12346a88e9bfb9f266bc7009aae7e4.jpg?e=EAX01jgemLWp8KZlDUgjqjviu8bEuWr9QENT35nIYY0sICtHAu6W7OuEFMdfggO0QSdrEDji3_dzbFleyJAGpJUOham7BUhC9qtkFBgA0LQ6jK0UhPXAsMMof5unFhb8XhkDaO84boIJCbFPv8J5lfwiP9IbzYelZ2Fdt3YPhskJ5EAw-ROJh9e1aei0aD1H0cPLLk-If7k7gwVRx3E_1tVz0FRLRfyjO6DGFw\" alt=\"\" border=\"0\" hspace=\"0\" data-inlineimagemanipulating=\"true\" \/><\/div>\n<div>\n<hr \/>\n<\/div>\n<div><strong><img loading=\"lazy\" decoding=\"async\" class=\"alignleft\" src=\"https:\/\/41sau.img.a.d.sendibm1.com\/im\/2340286\/cf060f71fc00e78630c06ff80f7a3e19ee0f044b8f38f98e8457d472e0d76469.jpg?e=_MwM9cdk9NnP-4z3L3oqFbiu7nyGqkODaDvtUHH4ipkiF-yz3e4k_cq8T80svrtuBjyJ8WRegJuIFMSfXc5NWd4DvqiVfrZTjUGze2U9qjRbylvskuoE-02bY08tcYmyoWNw6cAeICnXFXcsyMbOQEMjbbGxJTUd9egp1gNdDko64ZToo7w1cr2efXxXtZ3SgAlnRBrKzM8g9cXDbABS_btzlEBu-H1Gw6oDUQ\" alt=\"\" width=\"193\" height=\"356\" border=\"0\" hspace=\"0\" data-inlineimagemanipulating=\"true\" \/>PROYECTO FIBRA \u00d3PTICA EN TU HOGAR PARA\u00a0 LOS VECINOS DE LAS SERIES\u00a0 1\u00b0, 3\u00b0 Y 4\u00b0 DE EL REMANSO.<\/strong><\/div>\n<div>\n<div><strong>Finalizamos la obra de tendido de Fibra \u00d3ptica,<\/strong> para brindar el servicio de FTTH a las 1\u00b0, 3\u00b0 y 4\u00b0 Series de El Remanso.<\/div>\n<div><\/div>\n<div><strong>Comenzamos a comunicarnos con los vecinos<\/strong> para coordinar las fechas de instalaci\u00f3n del Servicio.<\/div>\n<div><\/div>\n<div>Ya estamos instalando a nuestros primeros usuarios de estas series de El Remanso.<\/div>\n<div><\/div>\n<div>\n<p><strong>Les agradecemos a todos los vecinos de los distintos barrios por confiar en nuestra Cooperativa mediante su aporte para poder llevar adelante estas obras que benefician a toda la comunidad.<\/strong><\/p>\n<hr \/>\n<\/div>\n<\/div>\n<div><\/div>\n<div><strong><img loading=\"lazy\" decoding=\"async\" class=\"alignright\" src=\"https:\/\/41sau.img.a.d.sendibm1.com\/im\/2340286\/9e7dfbd682ad9b38ce144396b437f7fbe5ebc0b9e9eac74370e120d083601dec.jpg?e=o_9kcMxiLAOzIofMNs9mNXO8qmeu_i-5txMuT8LTSX0lQMNlDakGE9g4zpW9eCxzu8X3i6QTQqWKL30LWQOVFn-e9z5O0oIDT3G_D59co02E_nBrPL7639BLuJhB3xOCIIIU5x1YPR5Up7XCuFhDpo2ZIQBEF_vqHbrtWhyftp44Tct6H9sVgIMNhy5sQgoKXVH3AlNuAvWWTEjylkAzzAeD8YDpruinbe5uRQ\" alt=\"\" width=\"152\" height=\"280\" border=\"0\" hspace=\"0\" data-inlineimagemanipulating=\"true\" data-id=\"1670038901370\" \/>FIBRA \u00d3PTICA EN TU HOGAR PARA\u00a0 LOS VECINOS DE LAS SERIES\u00a0 2\u00b0 Y 6\u00b0 DE EL REMANSO Y JULAR\u00d3.<\/strong><\/div>\n<div>\n<div><strong>La obra de tendido de la red est\u00e1 finalizada<\/strong>.<\/div>\n<div><\/div>\n<div>Ya <strong>hemos conectado a m\u00e1s del 90% de los usuarios inscriptos<\/strong> de la 2\u00b0 y 6\u00b0 Series de El Remanso y Jular\u00f3 que est\u00e1n disfrutando del Servicio Fibra \u00d3ptica en Tu Hogar.<\/div>\n<div><\/div>\n<div>Continuamos realizando un promedio de 8 a 10 altas diarias siguiendo la lista de prioridades.<\/div>\n<\/div>\n<div><\/div>\n<div>\n<hr \/>\n<\/div>\n<div>\n<div><strong>SANEAMIENTO DE LAS REDES DE TELECOMUNICACIO<\/strong>NES:<\/div>\n<div><\/div>\n<div>Nos encontramos trabajando en el retiro del cableado en desuso de las redes de Telecomunicaciones de los barrios<\/div>\n<div>El Remanso 6\u00b0 Serie e Indio Cu\u00e1.<\/div>\n<div>El objetivo de esta tarea es eficientizar la prestaci\u00f3n<\/div>\n<div>de nuestros servicios.<\/div>\n<div>\n<hr \/>\n<\/div>\n<\/div>\n<div>Por favor, no dejar restos de poda bajo las l\u00edneas de cableado. \u00a1Prevengamos incendios, da\u00f1os en las viviendas e interrupci\u00f3n de los servicios!<\/div>\n<hr \/>\n<div style=\"text-align: center;\"><b>Recomendaciones para quienes alquilan sus quintas durante el verano<\/b><\/div>\n<div>\n<hr \/>\n<\/div>\n<div>\n<p><strong><img loading=\"lazy\" decoding=\"async\" class=\"alignleft\" src=\"https:\/\/41sau.img.a.d.sendibm1.com\/im\/2340286\/6106b036df260a2b786d6ea3f57de819215dbc0ec98e48ca8fe74187c6f6fd8c.jpg?e=DIuh9g_aXKAJq6m0-1JLfc6bPJ-lk0qw-up1Nsc9z2Dae2TVPEtiv2cB7uEw6IJpBGXJB5XAkPALGyBqss97oXKmA2EQ1zEf9lpC8pLI0H10Y6SiJgYaD_3lYIpHFofvq5UaaXLZ0n6SG5yPDtEhR3f7N4bv1fNQENUvVTIHfBe9I4Nyc53TAdvPXWKoNYJ-eSNInlwA06FKLgg8D6qchqrvxBuwRmA9OrKBPg\" alt=\"\" width=\"132\" height=\"166\" border=\"0\" hspace=\"0\" data-inlineimagemanipulating=\"true\" data-id=\"1670038904059\" \/>Los consumos de diciembre, enero y febrero, se ver\u00e1n reflejados en la facturaci\u00f3n con vencimiento febrero, marzo y abril de 2023.<\/strong><\/p>\n<p>Tenerlo en cuenta a la hora de la firma de los contratos de locaci\u00f3n.<\/p>\n<\/div>\n<p>&nbsp;<\/p>\n<hr \/>\n<p><img decoding=\"async\" src=\"https:\/\/41sau.img.a.d.sendibm1.com\/im\/2340286\/db8a480225806b0c5a27694b887ad8a900334ea8c9dda2d511bd5d7e500be280.jpg?e=pxGjXFPLMW0vPalKkyvG9f5KLiq2211FhdKW2SYc5JoaFCGnuHdfmKsZ3NHkfv6bgI2WRbbNnv3jVFgVUEcVW-b_fYHT0CDtPFdySVxNHg3MwpI5owFJEHxAiOHowoV_SQ7Glje6DuuwmeQsTnx6mi6PB-_jD-p7R5IEBmbZlwq6BRIDM_M4Jy0X71yyJBLcOWsabBJYUDoqpXqgO8-tByX98N5ZcA-eaH3yvQ\" alt=\"\" border=\"0\" hspace=\"0\" data-inlineimagemanipulating=\"true\" \/><\/p>\n<p><img decoding=\"async\" src=\"https:\/\/41sau.img.a.d.sendibm1.com\/im\/2340286\/a6a2d2a5131632d0a7fa48a79eaa48ccc2a3939b70b3df1f22b80e8dc6ac2ed8.jpg?e=SPiRSWD5NCVehC_V6JKJfI0_n9EhDhsFWgiauZ8i6iJ66Et9TdlgaEtzlnM1jTdNnwzL3nLaRYv4gLkbRY1IrqP8DSv6O8a2ejzyCJLuj2ujDdQwiU7DdpDmFnOBcqY3S4YLZqslebhf9NKE_wd8yPgSEIVluThrZdgkrAosiAIu2XxFCS2orHPcsRFPRmBrbI8Ap9G-O6s0UU0R3lAq1loffk9n58aR2HxIug\" alt=\"\" border=\"0\" hspace=\"0\" data-inlineimagemanipulating=\"true\" \/><\/p>\n<p><img decoding=\"async\" src=\"https:\/\/41sau.img.a.d.sendibm1.com\/im\/2340286\/f904fd3f7b7068f173f9167c132f89f25f12346a88e9bfb9f266bc7009aae7e4.jpg?e=fHehcKpE0axttFuEMF_KWf_8HmFUfXBDkh8e_PO2bcmMEa6vH8fSBfjcduhCZsS8rWJ6oK2hwL4YrgOrs8S5Re6zDIgcI14Z4fSqxAX-M6W8vDb9k8Gu0IhhJVAwCiGH8YNoPDLDFvoWyPCmMXzGVSSQppeK27NA6AJ1pYMh9ba5vJ2dmQMQSdQytPeaCOzjYfvd3MP4svHha16Q2zS3J217W8BjYya2jVmQsg\" alt=\"\" border=\"0\" hspace=\"0\" data-inlineimagemanipulating=\"true\" \/><\/p>\n<p><img decoding=\"async\" src=\"https:\/\/41sau.img.a.d.sendibm1.com\/im\/2340286\/a7acf7f596ece8aa7bd4937bb9160d3dad709fad2e9297fce73d205f23b5e1f6.jpg?e=TF_vRhzh-961TbfnZEzQykI10hdrPXFBw4f87R0poUzUsJROLUVguIi6yfEcHpp0ZC3tuk8OF9ehalNNtBLH-10uZIYPaRUZi4ezYZUqGOtZS1mTJy_hb5RbWpvvgfk_FEi8XLn_XWLLL8Ilkcgpkw9Lc_imLLzdEp4SCiqcqsfxTyJVz5gWFOXEHqAyFmGEc8-z1XoXED_BDaWHuIOwfKbwhb4O3CNWThu1cw\" alt=\"\" border=\"0\" hspace=\"0\" data-inlineimagemanipulating=\"true\" \/><\/p>\n<div><\/div>\n<p>&nbsp;<\/p>\n","protected":false},"excerpt":{"rendered":"<p>\u00a1En Contacto! Estimados vecinos y usuarios: Estas son nuestras principales noticias al inicio del \u00faltimo mes del a\u00f1o: \u00a0 \u00a0 \u00a0 \u00a0 \u00a0En el Sector Telecomunicaciones: \u00a0 \u00a0 \u00a0 \u00a0 \u00a0Avances en el Servicio Fibra \u00d3ptica en tu Hogar:\u00a0 \u00a0 \u00a0 \u00a0 \u00a0 \u00a0\u00a1Cumplimos con nuestra palabra! El 100% del Barrio El Remanso ya\u00a0 \u00a0 [&hellip;]<\/p>\n","protected":false},"author":3,"featured_media":6562,"comment_status":"open","ping_status":"open","sticky":false,"template":"","format":"standard","meta":{"footnotes":"","jetpack_publicize_message":"","jetpack_publicize_feature_enabled":true,"jetpack_social_post_already_shared":false,"jetpack_social_options":{"image_generator_settings":{"template":"highway","default_image_id":0,"font":"","enabled":false},"version":2}},"categories":[5],"tags":[],"class_list":["post-18848","post","type-post","status-publish","format-standard","has-post-thumbnail","hentry","category-aqui-parada-robles"],"jetpack_publicize_connections":[],"jetpack_featured_media_url":"https:\/\/revistaepocadigital.com.ar\/wp-content\/uploads\/2020\/09\/CEPRAL-LOGO-20.png","jetpack_likes_enabled":true,"_links":{"self":[{"href":"https:\/\/revistaepocadigital.com.ar\/index.php?rest_route=\/wp\/v2\/posts\/18848","targetHints":{"allow":["GET"]}}],"collection":[{"href":"https:\/\/revistaepocadigital.com.ar\/index.php?rest_route=\/wp\/v2\/posts"}],"about":[{"href":"https:\/\/revistaepocadigital.com.ar\/index.php?rest_route=\/wp\/v2\/types\/post"}],"author":[{"embeddable":true,"href":"https:\/\/revistaepocadigital.com.ar\/index.php?rest_route=\/wp\/v2\/users\/3"}],"replies":[{"embeddable":true,"href":"https:\/\/revistaepocadigital.com.ar\/index.php?rest_route=%2Fwp%2Fv2%2Fcomments&post=18848"}],"version-history":[{"count":0,"href":"https:\/\/revistaepocadigital.com.ar\/index.php?rest_route=\/wp\/v2\/posts\/18848\/revisions"}],"wp:featuredmedia":[{"embeddable":true,"href":"https:\/\/revistaepocadigital.com.ar\/index.php?rest_route=\/wp\/v2\/media\/6562"}],"wp:attachment":[{"href":"https:\/\/revistaepocadigital.com.ar\/index.php?rest_route=%2Fwp%2Fv2%2Fmedia&parent=18848"}],"wp:term":[{"taxonomy":"category","embeddable":true,"href":"https:\/\/revistaepocadigital.com.ar\/index.php?rest_route=%2Fwp%2Fv2%2Fcategories&post=18848"},{"taxonomy":"post_tag","embeddable":true,"href":"https:\/\/revistaepocadigital.com.ar\/index.php?rest_route=%2Fwp%2Fv2%2Ftags&post=18848"}],"curies":[{"name":"wp","href":"https:\/\/api.w.org\/{rel}","templated":true}]}}