{"id":18866,"date":"2022-12-05T01:24:01","date_gmt":"2022-12-05T04:24:01","guid":{"rendered":"https:\/\/revistaepocadigital.com.ar\/?p=18866"},"modified":"2022-12-05T01:33:38","modified_gmt":"2022-12-05T04:33:38","slug":"la-sentencia-a-la-vicepresidenta-cristina-fernandez-operativo-de-seguridad-para-evitar-incidentes","status":"publish","type":"post","link":"https:\/\/revistaepocadigital.com.ar\/?p=18866","title":{"rendered":"LA SENTENCIA A LA VICEPRESIDENTA CRISTINA FERNANDEZ. Operativo de seguridad para evitar incidentes"},"content":{"rendered":"<p><strong>LOS DEFIN\u00cdA EL JEFE DE GOBIERNO DE LA CIUDAD DE BUENOS AIRES, HORACIO RODR\u00cdGUEZ LARRETA. MA\u00d1ANA SE CONOCE LA SENTENCIA.<\/strong><!--more--><\/p>\n<p>Es sobre la acusaci\u00f3n contra Cristina Kirchner. El Gobierno porte\u00f1o desplegar\u00e1 medidas de seguridad en los puntos donde habr\u00e1 manifestaciones de agrupaciones cercanas a la vicepresidenta. Cu\u00e1l es el posicionamiento pol\u00edtico que tomar\u00e1 el alcalde porte\u00f1o<\/p>\n<p>El jefe de gobierno porte\u00f1o, Horacio Rodr\u00edguez Larreta, define detalles respecto a las medidas de seguridad que desplegar\u00e1 el martes que viene, con el objetivo de evitar incidentes en la ciudad de Buenos Aires luego de que el Tribunal Oral Federal 2 emita la sentencia de la causa Vialidad. Se trata del proceso judicial en el que la Vicepresidenta de la Naci\u00f3n, Cristina Kirchner, est\u00e1 acusada de ser la jefa de una asociaci\u00f3n il\u00edcita y de administraci\u00f3n fraudulenta de bienes del Estado.<\/p>\n<p>El Tribunal, compuesto por los jueces Rodrigo Gim\u00e9nez Uriburu, Jorge Gorini y Andr\u00e9s Basso, dispuso la semana pasada que el 6 de diciembre se conocer\u00e1 el veredicto sobre el pedido de 12 a\u00f1os de prisi\u00f3n e inhabilitaci\u00f3n perpetua para ejercer cargos p\u00fablicos, que fue solicitado por los fiscales del caso, Diego Luciani y Sergio Mola. Est\u00e1 previsto que la audiencia comience a la ma\u00f1ana, aunque se espera que la lectura de la resoluci\u00f3n sea luego del mediod\u00eda.<\/p>\n<p>Respecto a posibles manifestaciones en la Ciudad en favor de la Vicepresidenta, cerca del alcalde porte\u00f1o deslizaron a Infobae que se comunicar\u00e1 una \u201cpostura firme\u201d y, al mismo tiempo, se exhibir\u00e1 un posicionamiento pol\u00edtico \u201ccr\u00edtico\u201d de la situaci\u00f3n procesal de la vicepresidenta. \u201cEs tremendo que como no te gusta un fallo, convoques a movilizar partidariamente. Est\u00e1n queriendo generar violencia y no lo vamos a permitir\u201d, le asegur\u00f3 a este medio un colaborador de \u00edntima confianza de Rodr\u00edguez Larreta.<\/p>\n<p>En la semana, un grupo de sindicatos y agrupaciones pol\u00edticas ligadas a la Vicepresidenta anticiparon que el martes har\u00e1n cortes de rutas, protestas en el centro porte\u00f1o y que se movilizar\u00e1n a los tribunales federales de Comodoro Py. Daniel Catalano, titular de la seccional Capital de Asociaci\u00f3n de Trabajadores del Estado (ATE), advirti\u00f3 en declaraciones a la prensa que tomar\u00e1n medidas de fuerza si la condenan a la vicepresidenta.<\/p>\n<p>\u201cSi la tocan a Cristina, paramos el Estado. Los trabajadores no vamos a permitir un Lula en nuestro pa\u00eds. Basta de lawfare y persecuci\u00f3n pol\u00edtica\u201d, amenaz\u00f3 el gremialista. En el mismo eje, dirigentes como Luis D\u2019El\u00eda convocaron a marchar desde Liniers hasta el centro porte\u00f1o. \u201cEl martes todos a la calle\u201d, conmin\u00f3 el l\u00edder de la agrupaci\u00f3n Miles.<\/p>\n<p>Ante esto, el Gobierno porte\u00f1o analizaba por estas horas los detalles del operativo de seguridad que desplegar\u00e1n para evitar disturbios en la v\u00eda p\u00fablica. Para evitar las disquisiciones pol\u00edticas internas, como sucedi\u00f3 en agosto con la discusi\u00f3n en torno a las vallas, tras las manifestaciones por el alegato del fiscal Luciani, el larretismo busca fijar una posici\u00f3n pol\u00edtica \u201cfirme\u201d. Con ese prop\u00f3sito, el alcalde de la Ciudad intentar\u00e1 aunar criterios como espacio pol\u00edtico en el resto de Juntos por el Cambio. Rodr\u00edguez Larreta se manifestar\u00e1 \u201cen contra de las amenazas\u201d de las organizaciones del kirchnerismo y marcar\u00e1 que \u201cel l\u00edmite es la violencia\u201d.<br \/>\nLos detalles de las medidas de seguridad<\/p>\n<p>En cuanto al operativo policial, las autoridades pol\u00edticas de Uspallata desplegar\u00e1n fuerzas de seguridad -con fines preventivos- en los principales puntos en los que se espera que haya movilizaci\u00f3n: las inmediaciones y el exterior de los tribunales de Comodoro Py, de la Corte Suprema de Justicia de la Naci\u00f3n (CSJ), del Congreso Nacional, as\u00ed como accesos y zonas c\u00e9ntricas de la Ciudad.<\/p>\n<p>En caso de \u201cdesbordes\u201d o \u201csituaciones violentas\u201d, la instrucci\u00f3n para los efectivos de la Polic\u00eda de la Ciudad abocados al operativo ser\u00e1 utilizar la \u201cfuerza p\u00fablica\u201d para \u201cfrenar la violencia\u201d. En relaci\u00f3n con la posibilidad de cercar las adyacencias al departamento de la ex presidenta, en Juncal y Uruguay, o en Comodoro Py, en la Ciudad aseguran que no usar\u00e1n vallas -en principio, no es una alternativa que consideren para el operativo-.<\/p>\n<p>Un aspecto relevante en materia de seguridad es que el cuidado del interior de los edificios de instituciones nacionales (como Comodoro Py, la CSJ y el Congreso) corresponde a las fuerzas federales, que dependen del Ministerio de Seguridad de la Naci\u00f3n. Lo mismo sucede con la custodia de la vicepresidenta, que escuchar\u00e1 la sentencia del Tribunal en su despacho del Senado. Por este motivo, las autoridades de la Ciudad articulan contactos con el ministro An\u00edbal Fern\u00e1ndez, titular de la cartera de Seguridad del gobierno nacional, para definir detalles del operativo.<\/p>\n<p>\u201cEl gobierno debe garantizar la seguridad y la libre circulaci\u00f3n de los argentinos, la paz social no puede verse alterada por un fallo judicial\u201d, sostuvo en di\u00e1logo con Infobae un dirigente de peso en el PRO. \u201cLa calle no puede ser un terreno de disputa pol\u00edtica facciosa\u201d, agreg\u00f3 la misma fuente. El larretismo apela a mostrar \u201cfirmeza\u201d para evitar roces internos y, al mismo tiempo, buscar\u00e1 coordinaci\u00f3n con las fuerzas federales, para \u201cevitar complicaciones\u201d, como ocurri\u00f3 en agosto.<\/p>\n<p>En la Ciudad culminar\u00e1n las precisiones finales por estas horas. El operativo se implementar\u00e1 desde primera hora del martes y se extender\u00e1 hasta que las distintas organizaciones pol\u00edticas desconcentren las zonas que est\u00e9n afectadas por la movilizaci\u00f3n.<\/p>\n<p>Fuente: nota en Infobae.com<\/p>\n","protected":false},"excerpt":{"rendered":"<p>LOS DEFIN\u00cdA EL JEFE DE GOBIERNO DE LA CIUDAD DE BUENOS AIRES, HORACIO RODR\u00cdGUEZ LARRETA. MA\u00d1ANA SE CONOCE LA SENTENCIA.<\/p>\n","protected":false},"author":3,"featured_media":18869,"comment_status":"open","ping_status":"open","sticky":false,"template":"","format":"standard","meta":{"footnotes":"","jetpack_publicize_message":"","jetpack_publicize_feature_enabled":true,"jetpack_social_post_already_shared":false,"jetpack_social_options":{"image_generator_settings":{"template":"highway","default_image_id":0,"font":"","enabled":false},"version":2}},"categories":[17],"tags":[2124],"class_list":["post-18866","post","type-post","status-publish","format-standard","has-post-thumbnail","hentry","category-politica","tag-sentencia-cristina-kirchner"],"jetpack_publicize_connections":[],"jetpack_featured_media_url":"https:\/\/revistaepocadigital.com.ar\/wp-content\/uploads\/2022\/12\/comodoro-py-1.jpg","jetpack_likes_enabled":true,"_links":{"self":[{"href":"https:\/\/revistaepocadigital.com.ar\/index.php?rest_route=\/wp\/v2\/posts\/18866","targetHints":{"allow":["GET"]}}],"collection":[{"href":"https:\/\/revistaepocadigital.com.ar\/index.php?rest_route=\/wp\/v2\/posts"}],"about":[{"href":"https:\/\/revistaepocadigital.com.ar\/index.php?rest_route=\/wp\/v2\/types\/post"}],"author":[{"embeddable":true,"href":"https:\/\/revistaepocadigital.com.ar\/index.php?rest_route=\/wp\/v2\/users\/3"}],"replies":[{"embeddable":true,"href":"https:\/\/revistaepocadigital.com.ar\/index.php?rest_route=%2Fwp%2Fv2%2Fcomments&post=18866"}],"version-history":[{"count":0,"href":"https:\/\/revistaepocadigital.com.ar\/index.php?rest_route=\/wp\/v2\/posts\/18866\/revisions"}],"wp:featuredmedia":[{"embeddable":true,"href":"https:\/\/revistaepocadigital.com.ar\/index.php?rest_route=\/wp\/v2\/media\/18869"}],"wp:attachment":[{"href":"https:\/\/revistaepocadigital.com.ar\/index.php?rest_route=%2Fwp%2Fv2%2Fmedia&parent=18866"}],"wp:term":[{"taxonomy":"category","embeddable":true,"href":"https:\/\/revistaepocadigital.com.ar\/index.php?rest_route=%2Fwp%2Fv2%2Fcategories&post=18866"},{"taxonomy":"post_tag","embeddable":true,"href":"https:\/\/revistaepocadigital.com.ar\/index.php?rest_route=%2Fwp%2Fv2%2Ftags&post=18866"}],"curies":[{"name":"wp","href":"https:\/\/api.w.org\/{rel}","templated":true}]}}