{"id":18898,"date":"2022-12-07T01:12:29","date_gmt":"2022-12-07T04:12:29","guid":{"rendered":"https:\/\/revistaepocadigital.com.ar\/?p=18898"},"modified":"2022-12-07T01:14:51","modified_gmt":"2022-12-07T04:14:51","slug":"cristina-dijo-que-la-condeno-una-mafia-judicial-y-anticipo-que-no-sera-candidata-en-2023","status":"publish","type":"post","link":"https:\/\/revistaepocadigital.com.ar\/?p=18898","title":{"rendered":"Cristina dijo que la conden\u00f3 una mafia judicial y anticip\u00f3 que no ser\u00e1 candidata en 2023"},"content":{"rendered":"<div class=\"itemHeader\">\n<div class=\"me-inline\"><strong>UN D\u00cdA QUE SE RECORDAR\u00c1 POR MUCHO TIEMPO, DEPENDIENDO DE QUE LUGAR DE LA &#8220;GRIETA&#8221; EST\u00c9S<\/strong>.<\/div>\n<\/div>\n<p><!--more--><\/p>\n<div class=\"itemLinks\">\n<div class=\"itemSocialSharing\">\n<div class=\"share-bar\">\n<p>&nbsp;<\/p>\n<\/div>\n<\/div>\n<\/div>\n<div class=\"itemBody\">\n<div class=\"itemImageBlock\">\n<div class=\"itemImage\"><span class=\"itemImage\"> <img decoding=\"async\" src=\"https:\/\/www.agenciaelvigia.com.ar\/images\/made\/local\/images\/main\/cristina_dic22_850_565_80_s_c1.jpg\" alt=\"\" \/><\/span><\/div>\n<div class=\"clr\"><\/div>\n<\/div>\n<hr \/>\n<div class=\"itemIntroText\">La vicepresidenta Cristina Fern\u00e1ndez de Kirchner anunci\u00f3 que no ser\u00e1 candidata a ning\u00fan cargo en las elecciones de 2023, y subray\u00f3 que fue condenada a seis a\u00f1os de prisi\u00f3n e inhabilitaci\u00f3n para ejercer cargos p\u00fablicos por un Poder Judicial que es &#8220;un Estado paralelo; una mafia&#8221;, en un mensaje que emiti\u00f3 apenas se conoci\u00f3 el veredicto del tribunal que la juzg\u00f3 en la causa Vialidad.<\/div>\n<hr \/>\n<div class=\"itemFullText\">\n<p>&#8220;No voy a someter a la fuerza pol\u00edtica que me dio el honor de ser dos veces Presidenta y una Vicepresidenta a que la maltraten en periodo electoral con una candidata condenada, con inahibiltacion perpetua&#8221;, afirm\u00f3 Fern\u00e1ndez de Kirchner en una transmisi\u00f3n por su canal de YouTube, luego de que el Tribunal Oral Federal 2 diera a conocer el veredicto en la causa que sigue la administraci\u00f3n de obra p\u00fablica en Santa Cruz.<\/p>\n<p>Al dirigirse en un mensaje p\u00fablico al CEO del Grupo Clar\u00edn, H\u00e9ctor Magnetto, la Vicepresidenta expres\u00f3: &#8220;El 10 de diciembre de 2023 no voy a tener fueros, as\u00ed que podr\u00e1 darle la orden a sus esbirros de Casacion y la Corte Suprema de que me metan presa&#8221;.<\/p>\n<p>&#8220;No voy a ser candidata a nada. Termino el 10 de diciembre y me vuelvo, como en 2015, a mi casa&#8221;, subray\u00f3.<\/p>\n<p>Y agreg\u00f3: &#8220;Eso si, a algunos Caputos de la vida no se les ocurre financiar bandas marginales y antes del 10 de diciembre de 2023 me peguen un tiro, que es lo que quiere. Presa o muerta&#8221;, apunt\u00f3 sobre el intento de magnicidio que sufri\u00f3 el 1 de septiembre en las inmediaciones de su casa.<\/p>\n<p>El Tribunal Oral Federal 2 conden\u00f3 hoy a la vicepresidenta Cristina Fern\u00e1ndez de Kirchner a 6 a\u00f1os de prisi\u00f3n e inhabilitaci\u00f3n especial perpetua para ejercer cargos p\u00fablicos por administraci\u00f3n fraudulenta en perjuicio del erario p\u00fablico con la obra p\u00fablica en Santa Cruz.<\/p>\n<p>&#8220;A mi inhabilitaci\u00f3n perpetua y a estos los amarillos, que nos dejaron 45 mil millones de dolares con el FMI, se pasean en los aviones de Clar\u00edn&#8221;, se\u00f1al\u00f3 la Vicepresidenta.<\/p>\n<p>&#8220;Estar\u00e9 presa o muerta, que es lo que quieren, pero <strong>nunca ser\u00e9 mascota de Magnetto<\/strong>&#8220;, afirm\u00f3 Cristina con \u00e9nfasis y l\u00e1grimas en los ojos.<\/p>\n<p>&#8220;El camarista al que voy a tener que apelar esta condena es el t\u00edo de la mujer del presidente del tribunal que me conden\u00f3, el que juega al f\u00fatbol en la quinta de Macri&#8221;, afirm\u00f3 la vicepresidenta.<\/p>\n<p>&nbsp;<\/p>\n<div class=\"twitter-tweet twitter-tweet-rendered\">\n<div class=\"video-container\"><iframe id=\"twitter-widget-0\" class=\"\" title=\"Twitter Tweet\" src=\"https:\/\/platform.twitter.com\/embed\/Tweet.html?creatorScreenName=agenciaelvigia&amp;dnt=false&amp;embedId=twitter-widget-0&amp;features=eyJ0ZndfdGltZWxpbmVfbGlzdCI6eyJidWNrZXQiOlsibGlua3RyLmVlIiwidHIuZWUiLCJ0ZXJyYS5jb20uYnIiLCJ3d3cubGlua3RyLmVlIiwid3d3LnRyLmVlIiwid3d3LnRlcnJhLmNvbS5iciJdLCJ2ZXJzaW9uIjpudWxsfSwidGZ3X2hvcml6b25fdGltZWxpbmVfMTIwMzQiOnsiYnVja2V0IjoidHJlYXRtZW50IiwidmVyc2lvbiI6bnVsbH0sInRmd190d2VldF9lZGl0X2JhY2tlbmQiOnsiYnVja2V0Ijoib24iLCJ2ZXJzaW9uIjpudWxsfSwidGZ3X3JlZnNyY19zZXNzaW9uIjp7ImJ1Y2tldCI6Im9uIiwidmVyc2lvbiI6bnVsbH0sInRmd19zaG93X2J1c2luZXNzX3ZlcmlmaWVkX2JhZGdlIjp7ImJ1Y2tldCI6Im9mZiIsInZlcnNpb24iOm51bGx9LCJ0ZndfY2hpbl9waWxsc18xNDc0MSI6eyJidWNrZXQiOiJjb2xvcl9pY29ucyIsInZlcnNpb24iOm51bGx9LCJ0ZndfdHdlZXRfcmVzdWx0X21pZ3JhdGlvbl8xMzk3OSI6eyJidWNrZXQiOiJ0d2VldF9yZXN1bHQiLCJ2ZXJzaW9uIjpudWxsfSwidGZ3X3NlbnNpdGl2ZV9tZWRpYV9pbnRlcnN0aXRpYWxfMTM5NjMiOnsiYnVja2V0IjoiaW50ZXJzdGl0aWFsIiwidmVyc2lvbiI6bnVsbH0sInRmd19leHBlcmltZW50c19jb29raWVfZXhwaXJhdGlvbiI6eyJidWNrZXQiOjEyMDk2MDAsInZlcnNpb24iOm51bGx9LCJ0ZndfZHVwbGljYXRlX3NjcmliZXNfdG9fc2V0dGluZ3MiOnsiYnVja2V0Ijoib24iLCJ2ZXJzaW9uIjpudWxsfSwidGZ3X3ZpZGVvX2hsc19keW5hbWljX21hbmlmZXN0c18xNTA4MiI6eyJidWNrZXQiOiJ0cnVlX2JpdHJhdGUiLCJ2ZXJzaW9uIjpudWxsfSwidGZ3X3Nob3dfYmx1ZV92ZXJpZmllZF9iYWRnZSI6eyJidWNrZXQiOiJvbiIsInZlcnNpb24iOm51bGx9LCJ0ZndfdHdlZXRfZWRpdF9mcm9udGVuZCI6eyJidWNrZXQiOiJvbiIsInZlcnNpb24iOm51bGx9fQ%3D%3D&amp;frame=false&amp;hideCard=false&amp;hideThread=false&amp;id=1600236269350494208&amp;lang=es&amp;origin=https%3A%2F%2Fwww.agenciaelvigia.com.ar%2F&amp;sessionId=e2f353ef08c846f76e6ac8c227b6377e72c7b4a3&amp;siteScreenName=agenciaelvigia&amp;theme=light&amp;widgetsVersion=1c23387b1f70c%3A1664388199485&amp;width=550px\" frameborder=\"0\" scrolling=\"no\" allowfullscreen=\"allowfullscreen\" data-tweet-id=\"1600236269350494208\" data-mce-fragment=\"1\"><\/iframe><\/div>\n<\/div>\n<p>Fern\u00e1ndez de Kirchner sostuvo que la condena en su contra no obedece a un &#8220;lawfare ni a un partido judicial; esto es un Estado paralelo y mafia&#8221;.<\/p>\n<p>Y se\u00f1al\u00f3 que la &#8220;confirmaci\u00f3n&#8221; de esa situaci\u00f3n fue la filtraci\u00f3n de un viaje de exfuncionarios, magistrados y exagentes de inteligencia a Lago Escondido, y sobre el cual el presidente Alberto Fern\u00e1ndez hizo referencia ayer por cadena nacional.<\/p>\n<p>Adem\u00e1s, sostuvo que la condena por administraci\u00f3n fraudulenta con la obra p\u00fablica &#8220;estaba escrita&#8221; y plante\u00f3 que &#8220;no es que fu\u00e9ramos clarividentes, ni adivinos&#8221;, pero &#8220;si una causa en la cual un juez, el inefable (Juli\u00e1n) Ercolini, se hab\u00eda declarado incompetente luego de una denuncia de diputados de la oposici\u00f3n por obras en Santa Cruz y la enviara a la provincia, y luego, 8 a\u00f1os despu\u00e9s, la resucita cuando llega el Gobierno de (Mauricio) Macri, y las 51 o 49 obras que hab\u00eda mandado al sur, las trae de nuevo, aun habiendo sido sobrese\u00eddas, est\u00e1 claro que la idea era condenarme&#8221;.<\/p>\n<p>&nbsp;<\/p>\n<div class=\"twitter-tweet twitter-tweet-rendered\">\n<div class=\"video-container\"><iframe id=\"twitter-widget-1\" class=\"\" title=\"Twitter Tweet\" src=\"https:\/\/platform.twitter.com\/embed\/Tweet.html?creatorScreenName=agenciaelvigia&amp;dnt=false&amp;embedId=twitter-widget-1&amp;features=eyJ0ZndfdGltZWxpbmVfbGlzdCI6eyJidWNrZXQiOlsibGlua3RyLmVlIiwidHIuZWUiLCJ0ZXJyYS5jb20uYnIiLCJ3d3cubGlua3RyLmVlIiwid3d3LnRyLmVlIiwid3d3LnRlcnJhLmNvbS5iciJdLCJ2ZXJzaW9uIjpudWxsfSwidGZ3X2hvcml6b25fdGltZWxpbmVfMTIwMzQiOnsiYnVja2V0IjoidHJlYXRtZW50IiwidmVyc2lvbiI6bnVsbH0sInRmd190d2VldF9lZGl0X2JhY2tlbmQiOnsiYnVja2V0Ijoib24iLCJ2ZXJzaW9uIjpudWxsfSwidGZ3X3JlZnNyY19zZXNzaW9uIjp7ImJ1Y2tldCI6Im9uIiwidmVyc2lvbiI6bnVsbH0sInRmd19zaG93X2J1c2luZXNzX3ZlcmlmaWVkX2JhZGdlIjp7ImJ1Y2tldCI6Im9mZiIsInZlcnNpb24iOm51bGx9LCJ0ZndfY2hpbl9waWxsc18xNDc0MSI6eyJidWNrZXQiOiJjb2xvcl9pY29ucyIsInZlcnNpb24iOm51bGx9LCJ0ZndfdHdlZXRfcmVzdWx0X21pZ3JhdGlvbl8xMzk3OSI6eyJidWNrZXQiOiJ0d2VldF9yZXN1bHQiLCJ2ZXJzaW9uIjpudWxsfSwidGZ3X3NlbnNpdGl2ZV9tZWRpYV9pbnRlcnN0aXRpYWxfMTM5NjMiOnsiYnVja2V0IjoiaW50ZXJzdGl0aWFsIiwidmVyc2lvbiI6bnVsbH0sInRmd19leHBlcmltZW50c19jb29raWVfZXhwaXJhdGlvbiI6eyJidWNrZXQiOjEyMDk2MDAsInZlcnNpb24iOm51bGx9LCJ0ZndfZHVwbGljYXRlX3NjcmliZXNfdG9fc2V0dGluZ3MiOnsiYnVja2V0Ijoib24iLCJ2ZXJzaW9uIjpudWxsfSwidGZ3X3ZpZGVvX2hsc19keW5hbWljX21hbmlmZXN0c18xNTA4MiI6eyJidWNrZXQiOiJ0cnVlX2JpdHJhdGUiLCJ2ZXJzaW9uIjpudWxsfSwidGZ3X3Nob3dfYmx1ZV92ZXJpZmllZF9iYWRnZSI6eyJidWNrZXQiOiJvbiIsInZlcnNpb24iOm51bGx9LCJ0ZndfdHdlZXRfZWRpdF9mcm9udGVuZCI6eyJidWNrZXQiOiJvbiIsInZlcnNpb24iOm51bGx9fQ%3D%3D&amp;frame=false&amp;hideCard=false&amp;hideThread=false&amp;id=1600237792021184512&amp;lang=es&amp;origin=https%3A%2F%2Fwww.agenciaelvigia.com.ar%2F&amp;sessionId=e2f353ef08c846f76e6ac8c227b6377e72c7b4a3&amp;siteScreenName=agenciaelvigia&amp;theme=light&amp;widgetsVersion=1c23387b1f70c%3A1664388199485&amp;width=550px\" frameborder=\"0\" scrolling=\"no\" allowfullscreen=\"allowfullscreen\" data-tweet-id=\"1600237792021184512\" data-mce-fragment=\"1\"><\/iframe><\/div>\n<\/div>\n<p>&#8220;Apareci\u00f3 una mujer con las caracter\u00edsticas de gente que no es una mascota&#8221;, asegur\u00f3 y afirm\u00f3: &#8220;Yo no soy mascota ni nunca voy a ser mascota del poder. No voy a mover la patita ni hacerme la muertita&#8221;, al citar una canci\u00f3n del grupo Patricio Rey y sus Redonditos de Ricota.<\/p>\n<p>En esa l\u00ednea, se\u00f1al\u00f3 que &#8220;la condena real que dan es la inhabilitaci\u00f3n perpetua a acceder a cargos p\u00fablicos&#8221;, porque &#8220;condenan el modelo econ\u00f3mico&#8221; del peronismo.<\/p>\n<p>&nbsp;<\/p>\n<div class=\"twitter-tweet twitter-tweet-rendered\">\n<div class=\"video-container\"><iframe id=\"twitter-widget-2\" class=\"\" title=\"Twitter Tweet\" src=\"https:\/\/platform.twitter.com\/embed\/Tweet.html?creatorScreenName=agenciaelvigia&amp;dnt=false&amp;embedId=twitter-widget-2&amp;features=eyJ0ZndfdGltZWxpbmVfbGlzdCI6eyJidWNrZXQiOlsibGlua3RyLmVlIiwidHIuZWUiLCJ0ZXJyYS5jb20uYnIiLCJ3d3cubGlua3RyLmVlIiwid3d3LnRyLmVlIiwid3d3LnRlcnJhLmNvbS5iciJdLCJ2ZXJzaW9uIjpudWxsfSwidGZ3X2hvcml6b25fdGltZWxpbmVfMTIwMzQiOnsiYnVja2V0IjoidHJlYXRtZW50IiwidmVyc2lvbiI6bnVsbH0sInRmd190d2VldF9lZGl0X2JhY2tlbmQiOnsiYnVja2V0Ijoib24iLCJ2ZXJzaW9uIjpudWxsfSwidGZ3X3JlZnNyY19zZXNzaW9uIjp7ImJ1Y2tldCI6Im9uIiwidmVyc2lvbiI6bnVsbH0sInRmd19zaG93X2J1c2luZXNzX3ZlcmlmaWVkX2JhZGdlIjp7ImJ1Y2tldCI6Im9mZiIsInZlcnNpb24iOm51bGx9LCJ0ZndfY2hpbl9waWxsc18xNDc0MSI6eyJidWNrZXQiOiJjb2xvcl9pY29ucyIsInZlcnNpb24iOm51bGx9LCJ0ZndfdHdlZXRfcmVzdWx0X21pZ3JhdGlvbl8xMzk3OSI6eyJidWNrZXQiOiJ0d2VldF9yZXN1bHQiLCJ2ZXJzaW9uIjpudWxsfSwidGZ3X3NlbnNpdGl2ZV9tZWRpYV9pbnRlcnN0aXRpYWxfMTM5NjMiOnsiYnVja2V0IjoiaW50ZXJzdGl0aWFsIiwidmVyc2lvbiI6bnVsbH0sInRmd19leHBlcmltZW50c19jb29raWVfZXhwaXJhdGlvbiI6eyJidWNrZXQiOjEyMDk2MDAsInZlcnNpb24iOm51bGx9LCJ0ZndfZHVwbGljYXRlX3NjcmliZXNfdG9fc2V0dGluZ3MiOnsiYnVja2V0Ijoib24iLCJ2ZXJzaW9uIjpudWxsfSwidGZ3X3ZpZGVvX2hsc19keW5hbWljX21hbmlmZXN0c18xNTA4MiI6eyJidWNrZXQiOiJ0cnVlX2JpdHJhdGUiLCJ2ZXJzaW9uIjpudWxsfSwidGZ3X3Nob3dfYmx1ZV92ZXJpZmllZF9iYWRnZSI6eyJidWNrZXQiOiJvbiIsInZlcnNpb24iOm51bGx9LCJ0ZndfdHdlZXRfZWRpdF9mcm9udGVuZCI6eyJidWNrZXQiOiJvbiIsInZlcnNpb24iOm51bGx9fQ%3D%3D&amp;frame=false&amp;hideCard=false&amp;hideThread=false&amp;id=1600250041691648002&amp;lang=es&amp;origin=https%3A%2F%2Fwww.agenciaelvigia.com.ar%2F&amp;sessionId=e2f353ef08c846f76e6ac8c227b6377e72c7b4a3&amp;siteScreenName=agenciaelvigia&amp;theme=light&amp;widgetsVersion=1c23387b1f70c%3A1664388199485&amp;width=550px\" frameborder=\"0\" scrolling=\"no\" allowfullscreen=\"allowfullscreen\" data-tweet-id=\"1600250041691648002\" data-mce-fragment=\"1\"><\/iframe><\/div>\n<\/div>\n<p>&#8220;El poder econ\u00f3mico y medi\u00e1tico controla en una suerte de Estado paralelo y coarta. Es un sistema disciplinador de la dirigencia pol\u00edtica argentina. No a los que piensan como ellos, los de Juntos por el Cambio. Hablo de nosotros, del peronismo, de los que tenemos un compromiso con los derechos de la gente. Me condenan porque condenan un modelo econ\u00f3mico. La condena real que dan es la inhabilitaci\u00f3n perpetua a acceder a cargos p\u00fablicos&#8221;, afirm\u00f3 la Vicepresidenta.<\/p>\n<\/div>\n<div class=\"clr\"><\/div>\n<\/div>\n<div class=\"itemSource\">Fuente:\u00a0Agencia El Vig\u00eda \/ Agencia T\u00e9lam<\/div>\n<div><\/div>\n","protected":false},"excerpt":{"rendered":"<p>UN D\u00cdA QUE SE RECORDAR\u00c1 POR MUCHO TIEMPO, DEPENDIENDO DE QUE LUGAR DE LA &#8220;GRIETA&#8221; EST\u00c9S.<\/p>\n","protected":false},"author":3,"featured_media":18899,"comment_status":"open","ping_status":"open","sticky":false,"template":"","format":"standard","meta":{"footnotes":"","jetpack_publicize_message":"","jetpack_publicize_feature_enabled":true,"jetpack_social_post_already_shared":false,"jetpack_social_options":{"image_generator_settings":{"template":"highway","default_image_id":0,"font":"","enabled":false},"version":2}},"categories":[17],"tags":[2128,2007,2127],"class_list":["post-18898","post","type-post","status-publish","format-standard","has-post-thumbnail","hentry","category-politica","tag-6-anos","tag-cristina-fernandez","tag-sentencia"],"jetpack_publicize_connections":[],"jetpack_featured_media_url":"https:\/\/revistaepocadigital.com.ar\/wp-content\/uploads\/2022\/12\/cfk-tel.webp","jetpack_likes_enabled":true,"_links":{"self":[{"href":"https:\/\/revistaepocadigital.com.ar\/index.php?rest_route=\/wp\/v2\/posts\/18898","targetHints":{"allow":["GET"]}}],"collection":[{"href":"https:\/\/revistaepocadigital.com.ar\/index.php?rest_route=\/wp\/v2\/posts"}],"about":[{"href":"https:\/\/revistaepocadigital.com.ar\/index.php?rest_route=\/wp\/v2\/types\/post"}],"author":[{"embeddable":true,"href":"https:\/\/revistaepocadigital.com.ar\/index.php?rest_route=\/wp\/v2\/users\/3"}],"replies":[{"embeddable":true,"href":"https:\/\/revistaepocadigital.com.ar\/index.php?rest_route=%2Fwp%2Fv2%2Fcomments&post=18898"}],"version-history":[{"count":0,"href":"https:\/\/revistaepocadigital.com.ar\/index.php?rest_route=\/wp\/v2\/posts\/18898\/revisions"}],"wp:featuredmedia":[{"embeddable":true,"href":"https:\/\/revistaepocadigital.com.ar\/index.php?rest_route=\/wp\/v2\/media\/18899"}],"wp:attachment":[{"href":"https:\/\/revistaepocadigital.com.ar\/index.php?rest_route=%2Fwp%2Fv2%2Fmedia&parent=18898"}],"wp:term":[{"taxonomy":"category","embeddable":true,"href":"https:\/\/revistaepocadigital.com.ar\/index.php?rest_route=%2Fwp%2Fv2%2Fcategories&post=18898"},{"taxonomy":"post_tag","embeddable":true,"href":"https:\/\/revistaepocadigital.com.ar\/index.php?rest_route=%2Fwp%2Fv2%2Ftags&post=18898"}],"curies":[{"name":"wp","href":"https:\/\/api.w.org\/{rel}","templated":true}]}}