{"id":18905,"date":"2022-12-08T00:46:01","date_gmt":"2022-12-08T03:46:01","guid":{"rendered":"https:\/\/revistaepocadigital.com.ar\/?p=18905"},"modified":"2022-12-08T14:06:50","modified_gmt":"2022-12-08T17:06:50","slug":"calma-radicales-despues-de-las-internas-ahora-la-cuerda-se-tenso-por-la-casa-radical","status":"publish","type":"post","link":"https:\/\/revistaepocadigital.com.ar\/?p=18905","title":{"rendered":"\u00a1CALMA RADICALES!. DESPU\u00c9S DE LAS INTERNAS, AHORA LA CUERDA SE TENS\u00d3 POR LA CASA RADICAL"},"content":{"rendered":"<div><strong>UNA DECISI\u00d3N FUERTE. LA CASA RADICAL O EL COMIT\u00c9 DE LA UCR DE EXALTACI\u00d3N DE LA CRUZ,\u00a0 VOLVI\u00d3 A SER UNA PROPIEDAD PRIVADA.<\/strong><\/div>\n<p><!--more--><\/p>\n<div><\/div>\n<div>La adoptaron las autoridades actuales del radicalismo local. En un comunicado de prensa difundido hicieron saber:<\/div>\n<div><strong><em>&#8220;El Comit\u00e9 de distrito informa:<\/em><\/strong><\/div>\n<div><strong><em>Que a ra\u00edz del resultado de las \u00faltimas elecciones Internas, a solicitud de los herederos de Adalberto Aner y Eduardo<\/em><\/strong><strong><em>\u00a0L\u00e1zaro, propietarios de la Casa Radical, se les ha restitu\u00eddo la tenencia del inmueble , sito en calle Yrigoyen 679, a dichas personas bajo Escribano P\u00fablico, labrando las actas correspondientes.<\/em><\/strong><\/div>\n<div><\/div>\n<div><strong><em>Tambi\u00e9n se informa que est\u00e1 comisi\u00f3n ha realizado varias gestiones para que el Comit\u00e9 Provincia y su presidente Maximiliano Abad, pusieran en orden la escritura del inmueble, nunca realizaron nada. Ni siquiera devolvieron aportes partidarios, durante el mandato de esta comisi\u00f3n (28 abril de 2021 al 10 de diciembre de 2022).<\/em><\/strong><\/div>\n<div><\/div>\n<div><strong><em>Ahora ser\u00e1 el turno del nuevo Comit\u00e9 realizar gestiones donde se emplazar\u00e1 la Casa Radical&#8221;.<\/em><\/strong><\/div>\n<div><\/div>\n<div><\/div>\n<div>Entre los conceptos del comunicado que sin dudas, ha ratificado la fuerte tirantez y vuelve a subir la tensi\u00f3n entre los dos sectores internos: Adelante Radicales ganador de las elecciones internas y Boina Blanca, el oficialismo saliente, se menciona a &#8220;los herederos de Adalberto Aner y Eduardo L\u00e1zaro&#8221;, cuando se supone que el caso de este \u00faltimo debi\u00f3 leerse: \u00c1ngel L\u00e1zzaro.<\/div>\n<div><\/div>\n<div>Este s\u00e1bado 10 de diciembre est\u00e1 previsto el acto de asunci\u00f3n de las nuevas autoridades partidarias, surgidas de las elecciones internas. Por ende asumir\u00e1 el Dr. Iv\u00e1n Gambra como nuevo presidente. Ahora bien, ante lo resuelto por la conducci\u00f3n saliente: \u00bfdonde ha de jurar Gambra y, en que lugar pasar\u00e1 a funcionar el comit\u00e9 local?<\/div>\n<div><\/div>\n<div>Desde Adelante Radicales, prontamente se hicieron escuchar acerca de la decisi\u00f3n relacionada a que la tradicional propiedad, donde ha venido funcionando el Comit\u00e9 de la UCR local desde hace muchos a\u00f1os.<\/div>\n<div><\/div>\n<div>En la red social Facebook, el sector de Adelante Radicales replic\u00f3 con dureza y lanz\u00f3 cr\u00edticas fuertes a la actual conducci\u00f3n encabezada por Rosa Tedesco de C\u00e1ndido y al ex candidato a presidente del comit\u00e9, Jos\u00e9 Shmidt:<\/div>\n<div><\/div>\n<div>\n<p><img loading=\"lazy\" decoding=\"async\" class=\"size-full wp-image-18911\" src=\"https:\/\/revistaepocadigital.com.ar\/wp-content\/uploads\/2022\/12\/ucr-adel-radicales.jpg\" alt=\"\" width=\"604\" height=\"341\" srcset=\"https:\/\/revistaepocadigital.com.ar\/wp-content\/uploads\/2022\/12\/ucr-adel-radicales.jpg 604w, https:\/\/revistaepocadigital.com.ar\/wp-content\/uploads\/2022\/12\/ucr-adel-radicales-300x169.jpg 300w\" sizes=\"auto, (max-width: 604px) 100vw, 604px\" \/><\/p>\n<\/div>\n<div><\/div>\n","protected":false},"excerpt":{"rendered":"<p>UNA DECISI\u00d3N FUERTE. LA CASA RADICAL O EL COMIT\u00c9 DE LA UCR DE EXALTACI\u00d3N DE LA CRUZ,\u00a0 VOLVI\u00d3 A SER UNA PROPIEDAD PRIVADA.<\/p>\n","protected":false},"author":4,"featured_media":18912,"comment_status":"open","ping_status":"open","sticky":false,"template":"","format":"standard","meta":{"footnotes":"","jetpack_publicize_message":"","jetpack_publicize_feature_enabled":true,"jetpack_social_post_already_shared":false,"jetpack_social_options":{"image_generator_settings":{"template":"highway","default_image_id":0,"font":"","enabled":false},"version":2}},"categories":[17],"tags":[2129,817,363],"class_list":["post-18905","post","type-post","status-publish","format-standard","has-post-thumbnail","hentry","category-politica","tag-casa-radical","tag-internas","tag-ucr"],"jetpack_publicize_connections":[],"jetpack_featured_media_url":"https:\/\/revistaepocadigital.com.ar\/wp-content\/uploads\/2022\/12\/ucr-comite.jpg","jetpack_likes_enabled":true,"_links":{"self":[{"href":"https:\/\/revistaepocadigital.com.ar\/index.php?rest_route=\/wp\/v2\/posts\/18905","targetHints":{"allow":["GET"]}}],"collection":[{"href":"https:\/\/revistaepocadigital.com.ar\/index.php?rest_route=\/wp\/v2\/posts"}],"about":[{"href":"https:\/\/revistaepocadigital.com.ar\/index.php?rest_route=\/wp\/v2\/types\/post"}],"author":[{"embeddable":true,"href":"https:\/\/revistaepocadigital.com.ar\/index.php?rest_route=\/wp\/v2\/users\/4"}],"replies":[{"embeddable":true,"href":"https:\/\/revistaepocadigital.com.ar\/index.php?rest_route=%2Fwp%2Fv2%2Fcomments&post=18905"}],"version-history":[{"count":0,"href":"https:\/\/revistaepocadigital.com.ar\/index.php?rest_route=\/wp\/v2\/posts\/18905\/revisions"}],"wp:featuredmedia":[{"embeddable":true,"href":"https:\/\/revistaepocadigital.com.ar\/index.php?rest_route=\/wp\/v2\/media\/18912"}],"wp:attachment":[{"href":"https:\/\/revistaepocadigital.com.ar\/index.php?rest_route=%2Fwp%2Fv2%2Fmedia&parent=18905"}],"wp:term":[{"taxonomy":"category","embeddable":true,"href":"https:\/\/revistaepocadigital.com.ar\/index.php?rest_route=%2Fwp%2Fv2%2Fcategories&post=18905"},{"taxonomy":"post_tag","embeddable":true,"href":"https:\/\/revistaepocadigital.com.ar\/index.php?rest_route=%2Fwp%2Fv2%2Ftags&post=18905"}],"curies":[{"name":"wp","href":"https:\/\/api.w.org\/{rel}","templated":true}]}}