{"id":18907,"date":"2022-12-08T14:23:51","date_gmt":"2022-12-08T17:23:51","guid":{"rendered":"https:\/\/revistaepocadigital.com.ar\/?p=18907"},"modified":"2022-12-08T19:05:09","modified_gmt":"2022-12-08T22:05:09","slug":"como-cuidar-laluz-ante-el-aumento-de-temperatura","status":"publish","type":"post","link":"https:\/\/revistaepocadigital.com.ar\/?p=18907","title":{"rendered":"\u00bfC\u00f3mo cuidar la luz ante el aumento de temperatura?"},"content":{"rendered":"<div class=\"I_ZkbNhI D_FY W_6D6F\" data-test-id=\"message-view-body\">\n<div class=\"msg-body P_wpofO mq_AS\" data-test-id=\"message-view-body-content\">\n<div class=\"jb_0 X_6MGW N_6Fd5\">\n<div id=\"yiv1254211430\">\n<div dir=\"ltr\">\n<p dir=\"ltr\"><strong><img loading=\"lazy\" decoding=\"async\" class=\"aligncenter size-full wp-image-18923\" src=\"https:\/\/revistaepocadigital.com.ar\/wp-content\/uploads\/2022\/12\/EDEN_Verano-Consejos_Medios-digitales_300x250px.jpg\" alt=\"\" width=\"626\" height=\"522\" srcset=\"https:\/\/revistaepocadigital.com.ar\/wp-content\/uploads\/2022\/12\/EDEN_Verano-Consejos_Medios-digitales_300x250px.jpg 626w, https:\/\/revistaepocadigital.com.ar\/wp-content\/uploads\/2022\/12\/EDEN_Verano-Consejos_Medios-digitales_300x250px-300x250.jpg 300w, https:\/\/revistaepocadigital.com.ar\/wp-content\/uploads\/2022\/12\/EDEN_Verano-Consejos_Medios-digitales_300x250px-504x420.jpg 504w\" sizes=\"auto, (max-width: 626px) 100vw, 626px\" \/>ACUCIANTE.<!--more--><\/strong><\/p>\n<p dir=\"ltr\">Ante el dr\u00e1stico aumento de la temperatura en todo el territorio nacional, EDEN record\u00f3 algunos consejos para un consumo de energ\u00eda racional y eficiente.<\/p>\n<ul>\n<li dir=\"ltr\">\n<p dir=\"ltr\">Usar el aire acondicionado a 24\u00b0C, manteniendo puertas y ventanas cerradas para evitar la filtraci\u00f3n de aire, y controlar el buen estado de los filtros. Apagarlo al retirarse de la habitaci\u00f3n.<\/p>\n<\/li>\n<li dir=\"ltr\">\n<p dir=\"ltr\">Usar el lavarropa con carga completa y elegir los ciclos de lavado cortos.<\/p>\n<\/li>\n<li dir=\"ltr\">\n<p dir=\"ltr\">Usar l\u00e1mparas de bajo consumo.<\/p>\n<\/li>\n<li dir=\"ltr\">\n<p dir=\"ltr\">Controlar burletes y nivelaci\u00f3n de la heladera.<\/p>\n<\/li>\n<li dir=\"ltr\">\n<p dir=\"ltr\">Apagar los artefactos el\u00e9ctricos cuando no se est\u00e9n usando.<\/p>\n<\/li>\n<li dir=\"ltr\">\n<p dir=\"ltr\">Al comprar nuevos artefactos, verificar la etiqueta de eficiencia energ\u00e9tica y elegir los de menor consumo.<\/p>\n<\/li>\n<\/ul>\n<p dir=\"ltr\">Para m\u00e1s consejos, los usuarios pueden acceder a la<a href=\"https:\/\/www.edensa.com.ar\/usuarios\/mobile\/\" target=\"_blank\" rel=\"nofollow noopener noreferrer\"> App EDEN M\u00f3vil<\/a>, a la Sucursal Virtual<a href=\"https:\/\/sucursalvirtual.edensa.com.ar\/signin\" target=\"_blank\" rel=\"nofollow noopener noreferrer\"> https:\/\/sucursalvirtual.edensa.com.ar\/<\/a>, y a la secci\u00f3n Energ\u00eda Responsable de la web<a href=\"http:\/\/www.edensa.com.ar\/\" target=\"_blank\" rel=\"nofollow noopener noreferrer\"> www.edensa.com.ar<\/a>.<\/p>\n<p dir=\"ltr\">Asimismo, EDEN cuenta con un<a href=\"https:\/\/simuladordeconsumo.edensa.com.ar\/\" target=\"_blank\" rel=\"nofollow noopener noreferrer\"> simulador de consumo<\/a> que orienta al usuario en el c\u00e1lculo del consumo total seg\u00fan los artefactos disponibles en cada hogar.<\/p>\n<p dir=\"ltr\">&#8212;&#8212;&#8212;&#8212;&#8212;&#8212;&#8212;&#8212;&#8212;&#8212;&#8212;&#8212;&#8212;&#8212;&#8212;&#8212;&#8212;&#8212;&#8212;&#8212;&#8212;&#8212;&#8212;&#8211;<\/p>\n<p dir=\"ltr\">Canales de gesti\u00f3n y reclamos EDEN:<\/p>\n<p dir=\"ltr\">0800-999-3336: reclamos t\u00e9cnicos las 24 hs todos los d\u00edas<\/p>\n<p dir=\"ltr\">0810-999-3336: consultas comerciales de lunes a viernes de 8 a 18 hs.<\/p>\n<p dir=\"ltr\">App EDEN M\u00f3vil<\/p>\n<p dir=\"ltr\">Sucursal Virtual:<a href=\"https:\/\/sucursalvirtual.edensa.com.ar\/signin\" target=\"_blank\" rel=\"nofollow noopener noreferrer\"> https:\/\/sucursalvirtual.edensa.com.ar\/<\/a><\/p>\n<p dir=\"ltr\">WhatsApp: 3364 52-6944<a href=\"http:\/\/wa.me\/543364526944\" target=\"_blank\" rel=\"nofollow noopener noreferrer\"> wa.me\/543364526944<\/a><\/p>\n<p dir=\"ltr\">Todas las novedades de EDEN en:<\/p>\n<p dir=\"ltr\">Web: <a href=\"http:\/\/www.edensa.com.ar\/\" target=\"_blank\" rel=\"nofollow noopener noreferrer\">www.edensa.com.ar<\/a><\/p>\n<p dir=\"ltr\">Instagram: @edencomunica<\/p>\n<p dir=\"ltr\">Facebook: EDENComunica<\/p>\n<p dir=\"ltr\">Twitter: @EDENSAcomunica<\/p>\n<p dir=\"ltr\">LinkedIn:<a href=\"https:\/\/www.linkedin.com\/company\/edensa\/\" target=\"_blank\" rel=\"nofollow noopener noreferrer\"> https:\/\/www.linkedin.com\/company\/edensa\/<\/a><\/p>\n<p dir=\"ltr\">YouTube: EDEN Comunica<\/p>\n<\/div>\n<\/div>\n<\/div>\n<\/div>\n<div class=\"jb_0 X_6MGW N_6Fd5\">\n<div class=\"P_0 je_fq7\">\n<p>&nbsp;<\/p>\n<\/div>\n<\/div>\n<\/div>\n","protected":false},"excerpt":{"rendered":"<p>ACUCIANTE.<\/p>\n","protected":false},"author":3,"featured_media":18937,"comment_status":"open","ping_status":"open","sticky":false,"template":"","format":"standard","meta":{"footnotes":"","jetpack_publicize_message":"","jetpack_publicize_feature_enabled":true,"jetpack_social_post_already_shared":false,"jetpack_social_options":{"image_generator_settings":{"template":"highway","default_image_id":0,"font":"","enabled":false},"version":2}},"categories":[11,13],"tags":[1722,39],"class_list":["post-18907","post","type-post","status-publish","format-standard","has-post-thumbnail","hentry","category-entidades","category-interes-general","tag-calor","tag-eden"],"jetpack_publicize_connections":[],"jetpack_featured_media_url":"https:\/\/revistaepocadigital.com.ar\/wp-content\/uploads\/2022\/12\/EDEN_Verano-Consejos_Medios-digitales_300x250px-1.jpg","jetpack_likes_enabled":true,"_links":{"self":[{"href":"https:\/\/revistaepocadigital.com.ar\/index.php?rest_route=\/wp\/v2\/posts\/18907","targetHints":{"allow":["GET"]}}],"collection":[{"href":"https:\/\/revistaepocadigital.com.ar\/index.php?rest_route=\/wp\/v2\/posts"}],"about":[{"href":"https:\/\/revistaepocadigital.com.ar\/index.php?rest_route=\/wp\/v2\/types\/post"}],"author":[{"embeddable":true,"href":"https:\/\/revistaepocadigital.com.ar\/index.php?rest_route=\/wp\/v2\/users\/3"}],"replies":[{"embeddable":true,"href":"https:\/\/revistaepocadigital.com.ar\/index.php?rest_route=%2Fwp%2Fv2%2Fcomments&post=18907"}],"version-history":[{"count":0,"href":"https:\/\/revistaepocadigital.com.ar\/index.php?rest_route=\/wp\/v2\/posts\/18907\/revisions"}],"wp:featuredmedia":[{"embeddable":true,"href":"https:\/\/revistaepocadigital.com.ar\/index.php?rest_route=\/wp\/v2\/media\/18937"}],"wp:attachment":[{"href":"https:\/\/revistaepocadigital.com.ar\/index.php?rest_route=%2Fwp%2Fv2%2Fmedia&parent=18907"}],"wp:term":[{"taxonomy":"category","embeddable":true,"href":"https:\/\/revistaepocadigital.com.ar\/index.php?rest_route=%2Fwp%2Fv2%2Fcategories&post=18907"},{"taxonomy":"post_tag","embeddable":true,"href":"https:\/\/revistaepocadigital.com.ar\/index.php?rest_route=%2Fwp%2Fv2%2Ftags&post=18907"}],"curies":[{"name":"wp","href":"https:\/\/api.w.org\/{rel}","templated":true}]}}