{"id":18939,"date":"2022-12-10T00:48:39","date_gmt":"2022-12-10T03:48:39","guid":{"rendered":"https:\/\/revistaepocadigital.com.ar\/?p=18939"},"modified":"2022-12-14T21:51:28","modified_gmt":"2022-12-15T00:51:28","slug":"el-tormenton-que-se-abatio-sobre-exaltacion-de-la-cruz-cuando-argentina-se-batia-contra-paises-bajos","status":"publish","type":"post","link":"https:\/\/revistaepocadigital.com.ar\/?p=18939","title":{"rendered":"El torment\u00f3n que se abati\u00f3 sobre Exaltaci\u00f3n de la Cruz. Relevamientos de productores"},"content":{"rendered":"<div class=\"\" dir=\"auto\">\n<div id=\"jsc_c_5\" class=\"x1iorvi4 x1pi30zi x1l90r2v x1swvt13\" data-ad-comet-preview=\"message\" data-ad-preview=\"message\">\n<div class=\"x78zum5 xdt5ytf xz62fqu x16ldp7u\">\n<div class=\"xu06os2 x1ok221b\">\n<div class=\"x11i5rnm xat24cr x1mh8g0r x1vvkbs xdj266r x126k92a\">\n<div dir=\"auto\">\n<p><strong>RELEVAMIENTO DE PRODUCTORES LOCALES AFECTADOS POR EL TEMPORAL.<img loading=\"lazy\" decoding=\"async\" class=\"aligncenter size-full wp-image-19016\" src=\"https:\/\/revistaepocadigital.com.ar\/wp-content\/uploads\/2022\/12\/producotre.jpg\" alt=\"\" width=\"956\" height=\"615\" srcset=\"https:\/\/revistaepocadigital.com.ar\/wp-content\/uploads\/2022\/12\/producotre.jpg 956w, https:\/\/revistaepocadigital.com.ar\/wp-content\/uploads\/2022\/12\/producotre-300x193.jpg 300w, https:\/\/revistaepocadigital.com.ar\/wp-content\/uploads\/2022\/12\/producotre-768x494.jpg 768w, https:\/\/revistaepocadigital.com.ar\/wp-content\/uploads\/2022\/12\/producotre-696x448.jpg 696w, https:\/\/revistaepocadigital.com.ar\/wp-content\/uploads\/2022\/12\/producotre-653x420.jpg 653w\" sizes=\"auto, (max-width: 956px) 100vw, 956px\" \/><\/strong><\/p>\n<div class=\"\" dir=\"auto\">\n<div id=\"jsc_c_16\" class=\"x1iorvi4 x1pi30zi x1l90r2v x1swvt13\" data-ad-comet-preview=\"message\" data-ad-preview=\"message\">\n<div class=\"x78zum5 xdt5ytf xz62fqu x16ldp7u\">\n<div class=\"xu06os2 x1ok221b\">\n<div class=\"x11i5rnm xat24cr x1mh8g0r x1vvkbs xtlvy1s x126k92a\">\n<div dir=\"auto\">Personal del ministerio de Desarrollo Agrario de la Provincia, junto a la direcci\u00f3n de Producci\u00f3n municipal, comenz\u00f3 un relevamiento con los productores agr\u00edcolas locales que fueron afectados por el temporal del pasado viernes.<\/div>\n<div dir=\"auto\"><\/div>\n<\/div>\n<div class=\"x11i5rnm xat24cr x1mh8g0r x1vvkbs xtlvy1s x126k92a\">\n<div dir=\"auto\">A trav\u00e9s de la informaci\u00f3n relevada podr\u00e1n ser beneficiarios de subsidios y l\u00edneas de cr\u00e9dito, para recuperar lo perdido y continuar con su producci\u00f3n.<\/div>\n<\/div>\n<div class=\"x11i5rnm xat24cr x1mh8g0r x1vvkbs xtlvy1s x126k92a\">\n<div dir=\"auto\">Adem\u00e1s, podr\u00e1n acceder al banco de insumos para la agricultura familiar de dicho ministerio, y ser provistos de materiales, nylon, maderas y semillas.<\/div>\n<\/div>\n<div class=\"x11i5rnm xat24cr x1mh8g0r x1vvkbs xtlvy1s x126k92a\">\n<div dir=\"auto\">Seguimos gestionando soluciones para nuestro distrito, luego de ser el epicentro de un temporal sin precedentes.<\/div>\n<\/div>\n<\/div>\n<\/div>\n<\/div>\n<\/div>\n<\/div>\n<\/div>\n<\/div>\n<\/div>\n<\/div>\n<\/div>\n<p>&nbsp;<\/p>\n<p><img loading=\"lazy\" decoding=\"async\" class=\"aligncenter size-full wp-image-19026\" src=\"https:\/\/revistaepocadigital.com.ar\/wp-content\/uploads\/2022\/12\/camm.jpg\" alt=\"\" width=\"526\" height=\"317\" srcset=\"https:\/\/revistaepocadigital.com.ar\/wp-content\/uploads\/2022\/12\/camm.jpg 526w, https:\/\/revistaepocadigital.com.ar\/wp-content\/uploads\/2022\/12\/camm-300x181.jpg 300w\" sizes=\"auto, (max-width: 526px) 100vw, 526px\" \/><\/p>\n<div class=\"\" dir=\"auto\">\n<div id=\"jsc_c_5\" class=\"x1iorvi4 x1pi30zi x1l90r2v x1swvt13\" data-ad-comet-preview=\"message\" data-ad-preview=\"message\">\n<div class=\"x78zum5 xdt5ytf xz62fqu x16ldp7u\">\n<div class=\"xu06os2 x1ok221b\">\n<div class=\"x11i5rnm xat24cr x1mh8g0r x1vvkbs xdj266r x126k92a\">\n<div dir=\"auto\">\n<p><strong><strong>nota anterior.&#8212;&#8212;&#8212;&#8212;&#8212;&#8212;&#8212;&#8212;&#8212;&#8212;&#8212;&#8212;&#8212;&#8212;&#8212;&#8212;&#8212;&#8212;&#8212;&#8212;&#8212;&#8212;&#8212;&#8212;&#8211;LUEGO DEL AGOBIANTE CALOR, FUERTES VIENTOS Y LLUVIAS. CONTINUABA TRABAJ\u00c1NDOSE PARA SOLUCIONAR LOS INCONVENIENTES.<!--more--><\/strong><\/strong><\/p>\n<div class=\"\" dir=\"auto\">\n<div id=\"jsc_c_5\" class=\"x1iorvi4 x1pi30zi x1l90r2v x1swvt13\" data-ad-comet-preview=\"message\" data-ad-preview=\"message\">\n<div class=\"x78zum5 xdt5ytf xz62fqu x16ldp7u\">\n<div class=\"xu06os2 x1ok221b\">\n<div class=\"x11i5rnm xat24cr x1mh8g0r x1vvkbs xdj266r x126k92a\">\n<div dir=\"auto\"><\/div>\n<\/div>\n<div class=\"x11i5rnm xat24cr x1mh8g0r x1vvkbs xtlvy1s x126k92a\">\n<div dir=\"auto\">Arboles ca\u00eddos, cables cortados, techos y carteles volados, antenas desplomadas, vecinos heridos y familias afectadas fue el saldo que dej\u00f3 el fuerte temporal con lluvias torrenciales y vientos potentes que se vivi\u00f3 (9-12) en Exaltaci\u00f3n de la Cruz.<\/div>\n<\/div>\n<\/div>\n<\/div>\n<\/div>\n<\/div>\n<\/div>\n<\/div>\n<div class=\"x11i5rnm xat24cr x1mh8g0r x1vvkbs xtlvy1s x126k92a\">\n<div dir=\"auto\">Una intensa tormenta con fuertes vientos afect\u00f3 las localidades de Exaltaci\u00f3n de la Cruz, siendo principalmente afectadas Diego Gaynor, Pav\u00f3n, Capilla del Se\u00f1or, Parada Robles, Los Cardales, Arroyo de la Cruz, Pav\u00f3n, barrios del corredor de la Ruta 8, la Sidrera y Barrio San Jos\u00e9.<\/div>\n<\/div>\n<\/div>\n<\/div>\n<\/div>\n<\/div>\n<p><!--more--><\/p>\n<div dir=\"auto\"><\/div>\n<div dir=\"auto\">\n<figure id=\"attachment_18968\" aria-describedby=\"caption-attachment-18968\" style=\"width: 300px\" class=\"wp-caption alignleft\"><img loading=\"lazy\" decoding=\"async\" class=\"size-medium wp-image-18968\" src=\"https:\/\/revistaepocadigital.com.ar\/wp-content\/uploads\/2022\/12\/tormen-esc-leme-300x225.jpg\" alt=\"\" width=\"300\" height=\"225\" srcset=\"https:\/\/revistaepocadigital.com.ar\/wp-content\/uploads\/2022\/12\/tormen-esc-leme-300x225.jpg 300w, https:\/\/revistaepocadigital.com.ar\/wp-content\/uploads\/2022\/12\/tormen-esc-leme-80x60.jpg 80w, https:\/\/revistaepocadigital.com.ar\/wp-content\/uploads\/2022\/12\/tormen-esc-leme-160x120.jpg 160w, https:\/\/revistaepocadigital.com.ar\/wp-content\/uploads\/2022\/12\/tormen-esc-leme-265x198.jpg 265w, https:\/\/revistaepocadigital.com.ar\/wp-content\/uploads\/2022\/12\/tormen-esc-leme-530x396.jpg 530w, https:\/\/revistaepocadigital.com.ar\/wp-content\/uploads\/2022\/12\/tormen-esc-leme.jpg 560w\" sizes=\"auto, (max-width: 300px) 100vw, 300px\" \/><figcaption id=\"caption-attachment-18968\" class=\"wp-caption-text\">Da\u00f1os en la Escuela 6 de Lemee.<\/figcaption><\/figure>\n<\/div>\n<div class=\"\" dir=\"auto\">\n<div id=\"jsc_c_5\" class=\"x1iorvi4 x1pi30zi x1l90r2v x1swvt13\" data-ad-comet-preview=\"message\" data-ad-preview=\"message\">\n<div class=\"x78zum5 xdt5ytf xz62fqu x16ldp7u\">\n<div class=\"xu06os2 x1ok221b\">\n<div class=\"x11i5rnm xat24cr x1mh8g0r x1vvkbs xtlvy1s x126k92a\">\n<div dir=\"auto\">El municipio, a trav\u00e9s de un comit\u00e9 de emergencia, continuaba con el trabajo para brindar seguridad a vecinos afectados. En tanto Bomberos Voluntarios junto a personal municipal, despejaron calles, y asistieron emergencias. Desde el municipio se inform\u00f3 que el intendente Diego Nanni, supervis\u00f3 tareas de relevamiento para asistir a vecinos perjudicados. &#8220;Es un trabajo enorme y el\u00a0 municipio est\u00e1 desplegando todas las a\u00e9reas operativas para solucionar lo m\u00e1s pronto posible, lo que produjo este fen\u00f3meno de vientos fuertes y lluvias que nos atraves\u00f3 a todos&#8221;, mencion\u00f3 Nanni.<\/div>\n<\/div>\n<div dir=\"auto\"><img loading=\"lazy\" decoding=\"async\" class=\"alignright size-full wp-image-18941\" src=\"https:\/\/revistaepocadigital.com.ar\/wp-content\/uploads\/2022\/12\/mundi-mora.jpg\" alt=\"\" width=\"1024\" height=\"768\" srcset=\"https:\/\/revistaepocadigital.com.ar\/wp-content\/uploads\/2022\/12\/mundi-mora.jpg 1024w, https:\/\/revistaepocadigital.com.ar\/wp-content\/uploads\/2022\/12\/mundi-mora-300x225.jpg 300w, https:\/\/revistaepocadigital.com.ar\/wp-content\/uploads\/2022\/12\/mundi-mora-768x576.jpg 768w, https:\/\/revistaepocadigital.com.ar\/wp-content\/uploads\/2022\/12\/mundi-mora-80x60.jpg 80w, https:\/\/revistaepocadigital.com.ar\/wp-content\/uploads\/2022\/12\/mundi-mora-160x120.jpg 160w, https:\/\/revistaepocadigital.com.ar\/wp-content\/uploads\/2022\/12\/mundi-mora-265x198.jpg 265w, https:\/\/revistaepocadigital.com.ar\/wp-content\/uploads\/2022\/12\/mundi-mora-696x522.jpg 696w, https:\/\/revistaepocadigital.com.ar\/wp-content\/uploads\/2022\/12\/mundi-mora-560x420.jpg 560w\" sizes=\"auto, (max-width: 1024px) 100vw, 1024px\" \/><\/div>\n<div class=\"x11i5rnm xat24cr x1mh8g0r x1vvkbs xtlvy1s x126k92a\">\n<div dir=\"auto\"><\/div>\n<div dir=\"auto\">La municipalidad manten\u00eda operativo el CAV 0800 666 9009, para efectuar cualquier reclamo o aviso de los vecinos, adem\u00e1s se solicit\u00f3 la colaboraci\u00f3n de la comunidad en el cuidado del agua, ya que el prolongado corte de luz, provoc\u00f3 que las bombas principales no funcionar sin suministro el\u00e9ctrico.<\/div>\n<\/div>\n<\/div>\n<\/div>\n<\/div>\n<div dir=\"auto\">El intendente Nanni, informaron desde el municipio, tom\u00f3 contacto con el gobernador Axel Kicillof, solicit\u00e1ndole ayuda urgente para asistir a vecinos e instalaciones que padecieron el serio fen\u00f3meno clim\u00e1tico. En tal sentido el viernes por la noche arrib\u00f3 al municipio, un transporte con elementos (colchones, chapas, entre otros) para brindar la asistencia m\u00e1xima posible. A su vez, el jefe comunal habl\u00f3 con autoridades de EDEN, a modo que colaboraran en todo lo factible con las cooperativas Cepral y Copesel.<\/div>\n<div dir=\"auto\"><\/div>\n<div id=\"jsc_c_5\" class=\"x1iorvi4 x1pi30zi x1l90r2v x1swvt13\" data-ad-comet-preview=\"message\" data-ad-preview=\"message\">\n<div class=\"x78zum5 xdt5ytf xz62fqu x16ldp7u\">\n<div class=\"xu06os2 x1ok221b\">\n<div class=\"x11i5rnm xat24cr x1mh8g0r x1vvkbs xtlvy1s x126k92a\">\n<div dir=\"auto\"><img loading=\"lazy\" decoding=\"async\" class=\"alignright size-full wp-image-18969\" src=\"https:\/\/revistaepocadigital.com.ar\/wp-content\/uploads\/2022\/12\/tormenta-esc-c-leemm.jpg\" alt=\"\" width=\"540\" height=\"594\" srcset=\"https:\/\/revistaepocadigital.com.ar\/wp-content\/uploads\/2022\/12\/tormenta-esc-c-leemm.jpg 540w, https:\/\/revistaepocadigital.com.ar\/wp-content\/uploads\/2022\/12\/tormenta-esc-c-leemm-273x300.jpg 273w, https:\/\/revistaepocadigital.com.ar\/wp-content\/uploads\/2022\/12\/tormenta-esc-c-leemm-382x420.jpg 382w\" sizes=\"auto, (max-width: 540px) 100vw, 540px\" \/><\/div>\n<\/div>\n<\/div>\n<\/div>\n<\/div>\n<\/div>\n<div><\/div>\n<div class=\"xnfveip\">Sin dudas result\u00f3 una tarde muy at\u00edpica, muy preocupante para vecinos por la intensidad del fen\u00f3meno, desatado en los momentos culminantes del infartante e hist\u00f3rico partido en que la Argentina le gan\u00f3 por penales a Pa\u00edses Bajos por los 8vos de final del Mundial de F\u00fatbol en Qatar que, una vez finalizados, provoc\u00f3 que cientos y cientos de vecinos bajo el agua salieran a las calles a festejar.<\/div>\n<div><\/div>\n<div><\/div>\n<div class=\"x9f619 x1n2onr6 x1ja2u2z x78zum5 x2lah0s x1qughib x1qjc9v5 xozqiw3 x1q0g3np x150jy0e x1e558r4 xjkvuk6 x1iorvi4 xwrv7xz x8182xy x4cne27 xifccgj\">\n<div class=\"x9f619 x1n2onr6 x1ja2u2z x78zum5 xdt5ytf x193iq5w xeuugli x1r8uery x1iyjqo2 xs83m0k xg83lxy x1h0ha7o x10b6aqq x1yrsyyn\"><\/div>\n<\/div>\n<div class=\"x9f619 x1n2onr6 x1ja2u2z x78zum5 xdt5ytf x193iq5w xeuugli x1r8uery x1iyjqo2 xs83m0k xg83lxy x1h0ha7o x10b6aqq x1yrsyyn\"><\/div>\n<div class=\"x9f619 x1n2onr6 x1ja2u2z x78zum5 xdt5ytf x193iq5w xeuugli x1r8uery x1iyjqo2 xs83m0k xg83lxy x1h0ha7o x10b6aqq x1yrsyyn\"><\/div>\n<div class=\"x9f619 x1n2onr6 x1ja2u2z x78zum5 xdt5ytf x2lah0s x193iq5w xeuugli xg83lxy x1h0ha7o x10b6aqq x1yrsyyn\"><\/div>\n<div class=\"x1jx94hy x12nagc\">\n<div class=\"x78zum5 x13a6bvl xexx8yu x1pi30zi x18d9i69 x1swvt13 x1n2onr6\">\n<div>\n<div class=\"x6s0dn4 x78zum5 xdj266r x11i5rnm xat24cr x1mh8g0r xe0p6wg\"><\/div>\n<\/div>\n<\/div>\n<\/div>\n","protected":false},"excerpt":{"rendered":"<p>RELEVAMIENTO DE PRODUCTORES LOCALES AFECTADOS POR EL TEMPORAL. Personal del ministerio de Desarrollo Agrario de la Provincia, junto a la direcci\u00f3n de Producci\u00f3n municipal, comenz\u00f3 un relevamiento con los productores agr\u00edcolas locales que fueron afectados por el temporal del pasado viernes. A trav\u00e9s de la informaci\u00f3n relevada podr\u00e1n ser beneficiarios de subsidios y l\u00edneas de [&hellip;]<\/p>\n","protected":false},"author":3,"featured_media":19016,"comment_status":"open","ping_status":"open","sticky":false,"template":"","format":"standard","meta":{"footnotes":"","jetpack_publicize_message":"","jetpack_publicize_feature_enabled":true,"jetpack_social_post_already_shared":false,"jetpack_social_options":{"image_generator_settings":{"template":"highway","default_image_id":0,"font":"","enabled":false},"version":2}},"categories":[17],"tags":[2131,2108,1277],"class_list":["post-18939","post","type-post","status-publish","format-standard","has-post-thumbnail","hentry","category-politica","tag-argentina-paises-bajos","tag-mundial","tag-tormenta"],"jetpack_publicize_connections":[],"jetpack_featured_media_url":"https:\/\/revistaepocadigital.com.ar\/wp-content\/uploads\/2022\/12\/producotre.jpg","jetpack_likes_enabled":true,"_links":{"self":[{"href":"https:\/\/revistaepocadigital.com.ar\/index.php?rest_route=\/wp\/v2\/posts\/18939","targetHints":{"allow":["GET"]}}],"collection":[{"href":"https:\/\/revistaepocadigital.com.ar\/index.php?rest_route=\/wp\/v2\/posts"}],"about":[{"href":"https:\/\/revistaepocadigital.com.ar\/index.php?rest_route=\/wp\/v2\/types\/post"}],"author":[{"embeddable":true,"href":"https:\/\/revistaepocadigital.com.ar\/index.php?rest_route=\/wp\/v2\/users\/3"}],"replies":[{"embeddable":true,"href":"https:\/\/revistaepocadigital.com.ar\/index.php?rest_route=%2Fwp%2Fv2%2Fcomments&post=18939"}],"version-history":[{"count":0,"href":"https:\/\/revistaepocadigital.com.ar\/index.php?rest_route=\/wp\/v2\/posts\/18939\/revisions"}],"wp:featuredmedia":[{"embeddable":true,"href":"https:\/\/revistaepocadigital.com.ar\/index.php?rest_route=\/wp\/v2\/media\/19016"}],"wp:attachment":[{"href":"https:\/\/revistaepocadigital.com.ar\/index.php?rest_route=%2Fwp%2Fv2%2Fmedia&parent=18939"}],"wp:term":[{"taxonomy":"category","embeddable":true,"href":"https:\/\/revistaepocadigital.com.ar\/index.php?rest_route=%2Fwp%2Fv2%2Fcategories&post=18939"},{"taxonomy":"post_tag","embeddable":true,"href":"https:\/\/revistaepocadigital.com.ar\/index.php?rest_route=%2Fwp%2Fv2%2Ftags&post=18939"}],"curies":[{"name":"wp","href":"https:\/\/api.w.org\/{rel}","templated":true}]}}