{"id":1895,"date":"2019-03-13T09:51:55","date_gmt":"2019-03-13T12:51:55","guid":{"rendered":"https:\/\/revistaepocadigital.com.ar\/?p=1895"},"modified":"2019-03-13T09:51:55","modified_gmt":"2019-03-13T12:51:55","slug":"las-conexiones-clandestinas-a-la-luz-ponen-en-riesgo-tu-vida","status":"publish","type":"post","link":"https:\/\/revistaepocadigital.com.ar\/?p=1895","title":{"rendered":"Las conexiones clandestinas a la luz ponen en riesgo tu vida"},"content":{"rendered":"<p><strong>LAS CONEXIONES DIRECTAS.<\/strong><br \/>\n<!--more--><\/p>\n<p>A la red de distribuci\u00f3n y la manipulaci\u00f3n de los medidores representan un riesgo para lavida de las personas y constituyen un delito que est\u00e1 penado por la ley. Con el fin de terminar con estas maniobras, y trabajando en pos de la seguridad, EDEN se encuentra ejecutando su Plan de Normalizaci\u00f3n de Instalaciones y Control de P\u00e9rdidas.<\/p>\n<p>Las <strong>consecuencias<\/strong> son graves y ponen en riesgo la vida de los usuarios:<\/p>\n<p><strong>Riesgo en viviendas:<\/strong> una conexi\u00f3n irregular al entrar en contacto con estructuras como rejas, portones, alambrados o protecciones puede hacer que \u00e9stas queden energizadas, generando un riesgo para la seguridad de la familia y los vecinos.<br \/>\n<strong>Electrocuci\u00f3n:<\/strong> una conexi\u00f3n irregular al servicio, sumada a instalaciones interiores deficientes, puede generar que los artefactos del hogar se da\u00f1en o queden electrificados y, al entrar en contacto con las personas, provoquen accidentes que podr\u00edan llegar a ser fatales.<br \/>\nIncendios: cuando el cableado que suministra la electricidad a las viviendas se encuentra fuera de norma, puede generar cortocircuitos o recalentamientos por sobrecargo de consumo, provocando incendios.<\/p>\n<p>EDEN abre las puertas de la sucursal para que todo usuario se acerque a consultar y regularizar su situaci\u00f3n. Tambi\u00e9n recuerda que la l\u00ednea 0810-999-3336 est\u00e1 disponible de lunes a viernes de 8 a 18 hs. para denuncias an\u00f3nimas de conexiones clandestinas.<\/p>\n","protected":false},"excerpt":{"rendered":"<p>LAS CONEXIONES DIRECTAS.<\/p>\n","protected":false},"author":3,"featured_media":1897,"comment_status":"open","ping_status":"open","sticky":false,"template":"","format":"standard","meta":{"footnotes":"","jetpack_publicize_message":"","jetpack_publicize_feature_enabled":true,"jetpack_social_post_already_shared":false,"jetpack_social_options":{"image_generator_settings":{"template":"highway","default_image_id":0,"font":"","enabled":false},"version":2}},"categories":[14],"tags":[39],"class_list":["post-1895","post","type-post","status-publish","format-standard","has-post-thumbnail","hentry","category-la-gente","tag-eden"],"jetpack_publicize_connections":[],"jetpack_featured_media_url":"https:\/\/revistaepocadigital.com.ar\/wp-content\/uploads\/2019\/03\/eden-19..png","jetpack_likes_enabled":true,"_links":{"self":[{"href":"https:\/\/revistaepocadigital.com.ar\/index.php?rest_route=\/wp\/v2\/posts\/1895","targetHints":{"allow":["GET"]}}],"collection":[{"href":"https:\/\/revistaepocadigital.com.ar\/index.php?rest_route=\/wp\/v2\/posts"}],"about":[{"href":"https:\/\/revistaepocadigital.com.ar\/index.php?rest_route=\/wp\/v2\/types\/post"}],"author":[{"embeddable":true,"href":"https:\/\/revistaepocadigital.com.ar\/index.php?rest_route=\/wp\/v2\/users\/3"}],"replies":[{"embeddable":true,"href":"https:\/\/revistaepocadigital.com.ar\/index.php?rest_route=%2Fwp%2Fv2%2Fcomments&post=1895"}],"version-history":[{"count":0,"href":"https:\/\/revistaepocadigital.com.ar\/index.php?rest_route=\/wp\/v2\/posts\/1895\/revisions"}],"wp:featuredmedia":[{"embeddable":true,"href":"https:\/\/revistaepocadigital.com.ar\/index.php?rest_route=\/wp\/v2\/media\/1897"}],"wp:attachment":[{"href":"https:\/\/revistaepocadigital.com.ar\/index.php?rest_route=%2Fwp%2Fv2%2Fmedia&parent=1895"}],"wp:term":[{"taxonomy":"category","embeddable":true,"href":"https:\/\/revistaepocadigital.com.ar\/index.php?rest_route=%2Fwp%2Fv2%2Fcategories&post=1895"},{"taxonomy":"post_tag","embeddable":true,"href":"https:\/\/revistaepocadigital.com.ar\/index.php?rest_route=%2Fwp%2Fv2%2Ftags&post=1895"}],"curies":[{"name":"wp","href":"https:\/\/api.w.org\/{rel}","templated":true}]}}