{"id":18950,"date":"2023-01-25T10:03:15","date_gmt":"2023-01-25T13:03:15","guid":{"rendered":"https:\/\/revistaepocadigital.com.ar\/?p=18950"},"modified":"2023-01-27T03:06:49","modified_gmt":"2023-01-27T06:06:49","slug":"por-que-nos-quedamos-sin-luz-en-gran-parte-del-distrito","status":"publish","type":"post","link":"https:\/\/revistaepocadigital.com.ar\/?p=18950","title":{"rendered":"En Capilla del Se\u00f1or. EDEN cambia postes y monta columnas de hormig\u00f3n"},"content":{"rendered":"<div class=\"msg-body P_wpofO mq_AS\" data-test-id=\"message-view-body-content\">\n<div class=\"jb_0 X_6MGW N_6Fd5\">\n<div id=\"yiv4198430981\">\n<div dir=\"ltr\">\n<div dir=\"ltr\">\n<div dir=\"ltr\">\n<div><strong>TRABAJOS.<\/strong><\/div>\n<div><\/div>\n<\/div>\n<\/div>\n<\/div>\n<\/div>\n<\/div>\n<\/div>\n<p><!--more--><\/p>\n<div>\n<div class=\"I_ZkbNhI D_FY W_6D6F\" data-test-id=\"message-view-body\">\n<div class=\"msg-body P_wpofO mq_AS\" data-test-id=\"message-view-body-content\">\n<div class=\"jb_0 X_6MGW N_6Fd5\">\n<div id=\"yiv4012569382\">\n<div dir=\"ltr\">\n<p dir=\"ltr\"><strong>Anunciados para el mi\u00e9rcoles 25, se llevan a cabo hoy jueves 26.<\/strong><\/p>\n<p dir=\"ltr\">EDEN informa que con el objetivo de mejorar la calidad del servicio, el jueves 26 de enero, realiza cambio de postes y montaje de columnas de hormig\u00f3n, en la localidad de Capilla del Se\u00f1or.<\/p>\n<\/div>\n<\/div>\n<\/div>\n<\/div>\n<\/div>\n<\/div>\n<div class=\"I_ZkbNhI D_FY W_6D6F\" data-test-id=\"message-view-body\">\n<div class=\"msg-body P_wpofO mq_AS\" data-test-id=\"message-view-body-content\">\n<div class=\"jb_0 X_6MGW N_6Fd5\">\n<div id=\"yiv1477715925\">\n<div dir=\"ltr\">\n<p dir=\"ltr\">Para realizar estas mejoras, y por cuestiones de seguridad es necesario interrumpir moment\u00e1neamente el servicio el\u00e9ctrico en las siguientes zonas y horarios:<\/p>\n<ul>\n<li dir=\"ltr\">\n<p dir=\"ltr\">Desde Ruta Nacional. N\u00ba 193 hacia Barrio El Chaj\u00e1 y Est. Andonaegui, en el horario de 7:30 a 17:30.<\/p>\n<\/li>\n<\/ul>\n<p dir=\"ltr\">En caso de presentarse condiciones clim\u00e1ticas adversas, las actividades ser\u00e1n reprogramadas.<\/p>\n<p dir=\"ltr\">&#8212;&#8212;&#8212;&#8212;&#8212;&#8212;&#8212;&#8212;&#8212;&#8212;&#8212;&#8212;&#8212;&#8212;&#8212;&#8212;&#8212;&#8212;&#8212;&#8212;&#8211;<\/p>\n<p dir=\"ltr\">Canales de gesti\u00f3n y reclamos EDEN:<\/p>\n<p dir=\"ltr\">WhatsApp: 3364 52-6944<a href=\"http:\/\/wa.me\/543364526944\" target=\"_blank\" rel=\"nofollow noopener noreferrer\"> wa.me\/543364526944<\/a><\/p>\n<p dir=\"ltr\">App EDEN M\u00f3vil<\/p>\n<p dir=\"ltr\">Sucursal Virtual:<a href=\"https:\/\/sucursalvirtual.edensa.com.ar\/\" target=\"_blank\" rel=\"nofollow noopener noreferrer\"> https:\/\/sucursalvirtual.edensa.com.ar\/<\/a><\/p>\n<p dir=\"ltr\">Todas las novedades de EDEN en:<\/p>\n<p dir=\"ltr\">Web:<a href=\"http:\/\/www.edensa.com.ar\/\" target=\"_blank\" rel=\"nofollow noopener noreferrer\"> www.edensa.com.ar<\/a><\/p>\n<p dir=\"ltr\">Instagram: @edencomunica<\/p>\n<p dir=\"ltr\">Facebook: EDENComunica<\/p>\n<p dir=\"ltr\">Twitter: @EDENSAcomunica<\/p>\n<p dir=\"ltr\">LinkedIn:<a href=\"https:\/\/www.linkedin.com\/company\/edensa\/\" target=\"_blank\" rel=\"nofollow noopener noreferrer\"> https:\/\/www.linkedin.com\/company\/edensa\/<\/a><\/p>\n<p dir=\"ltr\">YouTube: EDEN Comunica<\/p>\n<\/div>\n<\/div>\n<\/div>\n<\/div>\n<\/div>\n<div class=\"D_F W_6D6F r_BN gl_C\" data-test-id=\"card-toolbar\">&#8212;&#8212;&#8212;&#8212;&#8212;&#8212;&#8212;&#8212;&#8212;&#8212;&#8212;&#8212;&#8212;&#8212;&#8212;&#8212;&#8212;&#8212;&#8212;&#8212;-<\/div>\n<p>nota anterior<\/p>\n<div>\n<div class=\"I_ZkbNhI D_FY W_6D6F\" data-test-id=\"message-view-body\">\n<div class=\"msg-body P_wpofO mq_AS\" data-test-id=\"message-view-body-content\">\n<div class=\"jb_0 X_6MGW N_6Fd5\">\n<div id=\"yiv4012569382\">\n<div dir=\"ltr\">\n<p dir=\"ltr\">EDEN realiza cambio de postes y montaje de columnas de hormig\u00f3n<\/p>\n<p>Es con el objetivo de mejorar la calidad del servicio, tiene lugar este martes 17 de enero, en Capilla del Se\u00f1or.<\/p>\n<p dir=\"ltr\">Para poder realizar estas mejoras, y por cuestiones de seguridad es necesario interrumpir moment\u00e1neamente el servicio el\u00e9ctrico en las siguientes zonas y horarios:<\/p>\n<ul>\n<li dir=\"ltr\">\n<p dir=\"ltr\">Barrio El Chaj\u00e1, en el horario de 7:30 a 17:30.<\/p>\n<\/li>\n<\/ul>\n<p dir=\"ltr\">En caso de presentarse condiciones clim\u00e1ticas adversas, las actividades ser\u00e1n reprogramadas.<\/p>\n<p dir=\"ltr\">&#8212;&#8212;&#8212;&#8212;&#8212;&#8212;&#8212;&#8212;&#8212;&#8212;&#8212;&#8212;&#8212;&#8212;&#8212;&#8212;&#8212;&#8212;&#8212;&#8212;&#8211;<\/p>\n<p dir=\"ltr\">Canales de gesti\u00f3n y reclamos EDEN:<\/p>\n<p dir=\"ltr\">WhatsApp: 3364 52-6944 <a href=\"http:\/\/wa.me\/543364526944\" target=\"_blank\" rel=\"nofollow noopener noreferrer\">wa.me\/543364526944<\/a><\/p>\n<p dir=\"ltr\">App EDEN M\u00f3vil<\/p>\n<p dir=\"ltr\">Sucursal Virtual: <a href=\"https:\/\/sucursalvirtual.edensa.com.ar\/\" target=\"_blank\" rel=\"nofollow noopener noreferrer\">https:\/\/sucursalvirtual.edensa.com.ar\/<\/a><\/p>\n<p dir=\"ltr\">Todas las novedades de EDEN en:<\/p>\n<p dir=\"ltr\">Web: <a href=\"http:\/\/www.edensa.com.ar\/\" target=\"_blank\" rel=\"nofollow noopener noreferrer\">www.edensa.com.ar<\/a><\/p>\n<p dir=\"ltr\">Instagram: @edencomunica<\/p>\n<p dir=\"ltr\">Facebook: EDENComunica<\/p>\n<p dir=\"ltr\">Twitter: @EDENSAcomunica<\/p>\n<p dir=\"ltr\">LinkedIn: <a href=\"https:\/\/www.linkedin.com\/company\/edensa\/\" target=\"_blank\" rel=\"nofollow noopener noreferrer\">https:\/\/www.linkedin.com\/company\/edensa\/<\/a><\/p>\n<p dir=\"ltr\">YouTube: EDEN Comunica<\/p>\n<p>&#8212;&#8212;&#8212;&#8212;&#8212;&#8212;&#8212;&#8212;&#8212;&#8212;&#8212;&#8212;&#8212;&#8212;&#8212;&#8212;-<\/p>\n<\/div>\n<\/div>\n<\/div>\n<\/div>\n<\/div>\n<\/div>\n<div>NOTA ANTERIOR.<\/div>\n<div class=\"msg-body P_wpofO mq_AS\" data-test-id=\"message-view-body-content\">\n<div class=\"jb_0 X_6MGW N_6Fd5\">\n<div id=\"yiv4198430981\">\n<div dir=\"ltr\">\n<div dir=\"ltr\">\n<div dir=\"ltr\">\n<div>\n<div class=\"I_ZkbNhI D_FY W_6D6F\" data-test-id=\"message-view-body\">\n<div class=\"msg-body P_wpofO mq_AS\" data-test-id=\"message-view-body-content\">\n<div class=\"jb_0 X_6MGW N_6Fd5\">\n<div id=\"yiv5819648320\">\n<div dir=\"ltr\">\n<p dir=\"ltr\">EDEN informa que realiza el cambio de conductores a columnas, con el objetivo de mejorar la calidad del servicio.<\/p>\n<p dir=\"ltr\">Para poder realizar estas mejoras y como medida de seguridad, es necesario interrumpir el servicio mientras se trabaja en la red el\u00e9ctrica.<\/p>\n<p dir=\"ltr\">Los trabajos se realizan:<\/p>\n<ul>\n<li dir=\"ltr\">\n<p dir=\"ltr\">el d\u00eda jueves 22 de diciembre;<\/p>\n<\/li>\n<li dir=\"ltr\">\n<p dir=\"ltr\">de 7 a 16 hs.;<\/p>\n<\/li>\n<li dir=\"ltr\">\n<p dir=\"ltr\">en el barrio El Chaj\u00e1.<\/p>\n<\/li>\n<\/ul>\n<p dir=\"ltr\">En caso de presentarse condiciones clim\u00e1ticas adversas, las actividades ser\u00e1n reprogramadas.<\/p>\n<p dir=\"ltr\">&#8212;&#8212;&#8212;&#8212;&#8212;&#8212;&#8212;&#8212;&#8212;&#8212;&#8212;&#8212;&#8212;&#8212;&#8212;&#8212;&#8212;&#8212;&#8212;&#8212;&#8211;<\/p>\n<p dir=\"ltr\">Canales de gesti\u00f3n y reclamos EDEN:<\/p>\n<p dir=\"ltr\">0800-999-3336: reclamos t\u00e9cnicos las 24 hs todos los d\u00edas<\/p>\n<p dir=\"ltr\">0810-999-3336: consultas comerciales de lunes a viernes de 8 a 18 hs.<\/p>\n<p dir=\"ltr\">App EDEN M\u00f3vil<\/p>\n<p dir=\"ltr\">Sucursal Virtual: <a href=\"https:\/\/sucursalvirtual.edensa.com.ar\/signin\" target=\"_blank\" rel=\"nofollow noopener noreferrer\">https:\/\/sucursalvirtual.edensa.com.ar\/<\/a><\/p>\n<p dir=\"ltr\">WhatsApp: 3364 52-6944 <a href=\"http:\/\/wa.me\/543364526944\" target=\"_blank\" rel=\"nofollow noopener noreferrer\">wa.me\/543364526944<\/a><\/p>\n<p dir=\"ltr\">Todas las novedades de EDEN en:<\/p>\n<p dir=\"ltr\">Web: <a href=\"http:\/\/www.edensa.com.ar\/\" target=\"_blank\" rel=\"nofollow noopener noreferrer\">www.edensa.com.ar<\/a><\/p>\n<p dir=\"ltr\">Instagram: @edencomunica<\/p>\n<p dir=\"ltr\">Facebook: EDENComunica<\/p>\n<p dir=\"ltr\">Twitter: @EDENSAcomunica<\/p>\n<p dir=\"ltr\">LinkedIn: <a href=\"https:\/\/www.linkedin.com\/company\/edensa\/\" target=\"_blank\" rel=\"nofollow noopener noreferrer\">https:\/\/www.linkedin.com\/company\/edensa\/<\/a><\/p>\n<p dir=\"ltr\">YouTube: EDEN Comunica<\/p>\n<p dir=\"ltr\" style=\"text-align: center;\"><strong>&#8212;&#8212;&#8212;&#8212;&#8212;&#8212;&#8212;&#8212;&#8212;&#8212;&#8212;&#8212;&#8212;&#8212;&#8212;&#8212;&#8212;&#8211;<\/strong><\/p>\n<p dir=\"ltr\">NOTA ANTERIOR<\/p>\n<\/div>\n<\/div>\n<\/div>\n<\/div>\n<\/div>\n<\/div>\n<div><strong>AUN CON RESABIOS DEL TEMPORAL QUE TANTOS DA\u00d1OS CAUS\u00d3 EN EL DISTRITO.<!--more--><\/strong><\/div>\n<\/div>\n<\/div>\n<div>EDEN realizaba el cambio de postes y el montaje de columnas, el jueves 15 de diciembre, con el objetivo de mejorar la calidad del servicio.<\/div>\n<div dir=\"ltr\">\n<div dir=\"ltr\">\n<div>\n<p dir=\"ltr\">Para realizar esas mejoras y como medida de seguridad, es necesario interrumpir el servicio mientras se trabaja en la red el\u00e9ctrica.<\/p>\n<p dir=\"ltr\">Los trabajos son en:<\/p>\n<ul>\n<li dir=\"ltr\">\n<p dir=\"ltr\">el d\u00eda jueves 15 de diciembre;<\/p>\n<\/li>\n<li dir=\"ltr\">\n<p dir=\"ltr\">de 8 a 17 horas<\/p>\n<\/li>\n<li dir=\"ltr\">\n<p dir=\"ltr\">en el barrio El Chaj\u00e1.<\/p>\n<\/li>\n<\/ul>\n<p dir=\"ltr\">En caso de presentarse condiciones clim\u00e1ticas adversas, las actividades ser\u00e1n reprogramadas.<\/p>\n<\/div>\n<div><\/div>\n<div><strong>&#8212;&#8212;&#8212;&#8212;&#8212;&#8212;&#8212;&#8212;&#8212;&#8212;&#8212;&#8212;&#8212;&#8212;&#8212;&#8212;&#8212;&#8212;&#8212;&#8212;&#8212;&#8212;-<\/strong><\/div>\n<div>\n<p dir=\"ltr\">nota anterior. Cortes de luz por la tormenta.<\/p>\n<\/div>\n<\/div>\n<div><\/div>\n<div dir=\"ltr\">\n<div>\n<div class=\"msg-body P_wpofO mq_AS\" data-test-id=\"message-view-body-content\">\n<div class=\"jb_0 X_6MGW N_6Fd5\">\n<div>\n<div id=\"yiv2910956467\">\n<div dir=\"ltr\">\n<div dir=\"ltr\">\n<div dir=\"ltr\">\n<p dir=\"ltr\"><b>EDEN<\/b> inform\u00f3 que, debido a las interrupciones del servicio el\u00e9ctrico en los barrios aleda\u00f1os a la Ruta 4 de Campana, la zona urbana de Los Cardales y algunas \u00e1reas rurales de Capilla del Se\u00f1or, provocadas por la tormenta que anoche (9-12) azot\u00f3 la regi\u00f3n y el aumento de demanda de energ\u00eda producto de las altas temperaturas, nuestras cuadrillas trabajan desde las primeras horas de la noche en puntos estrat\u00e9gicos de la regi\u00f3n con el objetivo de restablecer el servicio el\u00e9ctrico en la mayor brevedad posible.<\/p>\n<p dir=\"ltr\">Recordamos a los usuarios la importancia de realizar los reclamos en nuestro m\u00faltiples canales de comunicaci\u00f3n, ello le permite a nuestro Centro Operativo realizar un seguimiento pormenorizado de la interrupci\u00f3n de servicio. Pueden contactarse al WhatsApp: 3364 52-6944 <a href=\"http:\/\/wa.me\/543364526944\" target=\"_blank\" rel=\"nofollow noopener noreferrer\">wa.me\/543364526944<\/a> o 0800-999-3336 para realizar reclamos t\u00e9cnicos las 24 hs todos los d\u00edas, App EDEN M\u00f3vil, Sucursal Virtual: <a href=\"https:\/\/sucursalvirtual.edensa.com.ar\/\" target=\"_blank\" rel=\"nofollow noopener noreferrer\">https:\/\/sucursalvirtual.edensa.com.ar<\/a><\/p>\n<\/div>\n<\/div>\n<\/div>\n<\/div>\n<\/div>\n<\/div>\n<\/div>\n<div class=\"jb_0 X_6MGW N_6Fd5\">\n<div class=\"P_0 je_fq7\">\n<ul class=\"hd_n D_F eo_HB M_gQyVX P_0\">\n<li class=\"E_6Fd5 Y_6LEV\" data-test-id=\"attachment-tray-list-item\">\n<div class=\"W_3n93F p_R\" data-test-id=\"attachment-item\">\n<div class=\"I_Z1gjdlg k_w H_7yHc p_R o_h\" data-test-id=\"attachment-container\"><\/div>\n<\/div>\n<\/li>\n<\/ul>\n<\/div>\n<\/div>\n<\/div>\n<div style=\"text-align: center;\"><strong>&#8212;&#8212;&#8212;&#8212;&#8212;&#8212;&#8212;&#8212;&#8212;&#8212;&#8212;&#8212;&#8212;&#8212;&#8212;&#8212;&#8212;&#8212;&#8212;&#8212;&#8212;-<\/strong><\/div>\n<div><\/div>\n<div><strong>EDEN LO EXPLICA EN UN COMUNICADO. La tormenta provoc\u00f3 problemas con el servicio en distintas zonas del \u00e1rea de concesi\u00f3n de EDEN.<!--more--><\/strong><\/div>\n<div><\/div>\n<div><em>Informamos que, como consecuencia de las fuertes r\u00e1fagas de viento e intensas precipitaciones que se registran en la regi\u00f3n, se han producido interrupciones parciales del servicio el\u00e9ctrico en distintos sectores por la ca\u00edda de ramas, \u00e1rboles, carteler\u00eda y otros elementos sobre las instalaciones el\u00e9ctricas, accionando los mecanismos de seguridad en las redes.<\/em><\/div>\n<div><\/div>\n<div><em>En el marco de la tormenta, y mientras las inclemencias clim\u00e1ticas persistan, la empresa ha puesto en marcha su Plan Operativo de Emergencias y el personal se encuentra trabajando en evaluar los da\u00f1os y preparar el operativo de restituci\u00f3n del servicio en coordinaci\u00f3n con el municipio, Defensa Civil y Bomberos.<\/em><\/div>\n<div><\/div>\n<div><em>Como indica el Plan Operativo de Emergencias, se brinda asistencia prioritaria de los usuarios sensibles y electrodependientes cuyo suministro pudo verse afectado mediante la provisi\u00f3n de grupos electr\u00f3genos y combustible, y a la atenci\u00f3n de situaciones de potencial peligro en la v\u00eda p\u00fablica.<\/em><\/div>\n<div><\/div>\n<div><em>A pesar de que las condiciones clim\u00e1ticas adversas dificultan la ejecuci\u00f3n de las tareas, el personal se encuentra trabajando en distintos sectores priorizando la seguridad.<\/em><\/div>\n<div><\/div>\n<div><em>Acercamos a la poblaci\u00f3n algunos consejos sobre c\u00f3mo proceder en esta situaci\u00f3n:<\/em><\/div>\n<div><\/div>\n<div><em>-Evite el contacto con cables cortados e instalaciones el\u00e9ctricas externas en general.<\/em><\/div>\n<div><em>-No intente retirar por su cuenta objetos o ramas que pudieran caer sobre las l\u00edneas a\u00e9reas de energ\u00eda el\u00e9ctrica.<\/em><\/div>\n<div><em>-Procure no circular por la v\u00eda p\u00fablica bajo vientos intensos y r\u00e1fagas o por calles anegadas.<\/em><\/div>\n<div><em>-Permanezca a resguardo y en un lugar seguro.<\/em><\/div>\n<div><em>&#8211; Si ingresa gran cantidad de agua a su hogar corte la luz accionando el interruptor general.<\/em><\/div>\n<div><\/div>\n<div><em>Ante problemas t\u00e9cnicos los usuarios pueden ingresar una solicitud de servicio t\u00e9cnico a trav\u00e9s de cualquier dispositivo con conexi\u00f3n a la red de datos a trav\u00e9s de la Oficina Virtual ingresando en\u00a0<a href=\"https:\/\/sucursalvirtual.edensa.com.ar\/signin\" target=\"_blank\" rel=\"nofollow noopener noreferrer\">https:\/\/sucursalvirtual.edensa.com.ar\/signin<\/a>\u00a0 o descargando la App Eden M\u00f3vil desde su Store.<\/em><\/div>\n<div><em>Tambi\u00e9n pueden ingresar un reclamo t\u00e9cnico por WhatsApp al 3364 52-6944\u00a0<a href=\"http:\/\/wa.me\/543364526944\" target=\"_blank\" rel=\"nofollow noopener noreferrer\">wa.me\/543364526944<\/a>\u00a0 .<\/em><\/div>\n<\/div>\n<\/div>\n<\/div>\n<\/div>\n<\/div>\n<\/div>\n<p><!--more--><\/p>\n","protected":false},"excerpt":{"rendered":"<p>TRABAJOS.<\/p>\n","protected":false},"author":3,"featured_media":18952,"comment_status":"open","ping_status":"open","sticky":false,"template":"","format":"standard","meta":{"footnotes":"","jetpack_publicize_message":"","jetpack_publicize_feature_enabled":true,"jetpack_social_post_already_shared":false,"jetpack_social_options":{"image_generator_settings":{"template":"highway","default_image_id":0,"font":"","enabled":false},"version":2}},"categories":[13],"tags":[1795,39],"class_list":["post-18950","post","type-post","status-publish","format-standard","has-post-thumbnail","hentry","category-interes-general","tag-corte-luz","tag-eden"],"jetpack_publicize_connections":[],"jetpack_featured_media_url":"https:\/\/revistaepocadigital.com.ar\/wp-content\/uploads\/2022\/12\/EDEN_Informa.jpg","jetpack_likes_enabled":true,"_links":{"self":[{"href":"https:\/\/revistaepocadigital.com.ar\/index.php?rest_route=\/wp\/v2\/posts\/18950","targetHints":{"allow":["GET"]}}],"collection":[{"href":"https:\/\/revistaepocadigital.com.ar\/index.php?rest_route=\/wp\/v2\/posts"}],"about":[{"href":"https:\/\/revistaepocadigital.com.ar\/index.php?rest_route=\/wp\/v2\/types\/post"}],"author":[{"embeddable":true,"href":"https:\/\/revistaepocadigital.com.ar\/index.php?rest_route=\/wp\/v2\/users\/3"}],"replies":[{"embeddable":true,"href":"https:\/\/revistaepocadigital.com.ar\/index.php?rest_route=%2Fwp%2Fv2%2Fcomments&post=18950"}],"version-history":[{"count":0,"href":"https:\/\/revistaepocadigital.com.ar\/index.php?rest_route=\/wp\/v2\/posts\/18950\/revisions"}],"wp:featuredmedia":[{"embeddable":true,"href":"https:\/\/revistaepocadigital.com.ar\/index.php?rest_route=\/wp\/v2\/media\/18952"}],"wp:attachment":[{"href":"https:\/\/revistaepocadigital.com.ar\/index.php?rest_route=%2Fwp%2Fv2%2Fmedia&parent=18950"}],"wp:term":[{"taxonomy":"category","embeddable":true,"href":"https:\/\/revistaepocadigital.com.ar\/index.php?rest_route=%2Fwp%2Fv2%2Fcategories&post=18950"},{"taxonomy":"post_tag","embeddable":true,"href":"https:\/\/revistaepocadigital.com.ar\/index.php?rest_route=%2Fwp%2Fv2%2Ftags&post=18950"}],"curies":[{"name":"wp","href":"https:\/\/api.w.org\/{rel}","templated":true}]}}