{"id":18976,"date":"2022-12-10T18:04:53","date_gmt":"2022-12-10T21:04:53","guid":{"rendered":"https:\/\/revistaepocadigital.com.ar\/?p=18976"},"modified":"2022-12-19T08:29:00","modified_gmt":"2022-12-19T11:29:00","slug":"argentinos-que-gritaron-los-goles-de-croacia-y-festejaron-la-caida-de-brasil","status":"publish","type":"post","link":"https:\/\/revistaepocadigital.com.ar\/?p=18976","title":{"rendered":"Argentinos que gritaron los goles de Croacia y festejaron la ca\u00edda de Brasil"},"content":{"rendered":"<p><strong>A PROP\u00d3SITO DE LA &#8220;LOCURA&#8221; POR EL MUNDIAL. LA LUCIDA Y CLARIFICADORA REFLEXI\u00d3N DEL PERIODISTA DANIEL MEISSNER.<\/strong><!--more--><\/p>\n<figure id=\"attachment_18982\" aria-describedby=\"caption-attachment-18982\" style=\"width: 271px\" class=\"wp-caption alignleft\"><img loading=\"lazy\" decoding=\"async\" class=\"size-medium wp-image-18982\" src=\"https:\/\/revistaepocadigital.com.ar\/wp-content\/uploads\/2022\/12\/meiss-271x300.jpg\" alt=\"\" width=\"271\" height=\"300\" srcset=\"https:\/\/revistaepocadigital.com.ar\/wp-content\/uploads\/2022\/12\/meiss-271x300.jpg 271w, https:\/\/revistaepocadigital.com.ar\/wp-content\/uploads\/2022\/12\/meiss.jpg 331w\" sizes=\"auto, (max-width: 271px) 100vw, 271px\" \/><figcaption id=\"caption-attachment-18982\" class=\"wp-caption-text\">D. Meissner.<\/figcaption><\/figure>\n<p><img loading=\"lazy\" decoding=\"async\" class=\"aligncenter size-full wp-image-18977\" src=\"https:\/\/revistaepocadigital.com.ar\/wp-content\/uploads\/2022\/12\/meiss.png\" alt=\"\" width=\"349\" height=\"532\" srcset=\"https:\/\/revistaepocadigital.com.ar\/wp-content\/uploads\/2022\/12\/meiss.png 349w, https:\/\/revistaepocadigital.com.ar\/wp-content\/uploads\/2022\/12\/meiss-197x300.png 197w, https:\/\/revistaepocadigital.com.ar\/wp-content\/uploads\/2022\/12\/meiss-276x420.png 276w\" sizes=\"auto, (max-width: 349px) 100vw, 349px\" \/><\/p>\n","protected":false},"excerpt":{"rendered":"<p>A PROP\u00d3SITO DE LA &#8220;LOCURA&#8221; POR EL MUNDIAL. LA LUCIDA Y CLARIFICADORA REFLEXI\u00d3N DEL PERIODISTA DANIEL MEISSNER.<\/p>\n","protected":false},"author":4,"featured_media":18978,"comment_status":"open","ping_status":"open","sticky":false,"template":"","format":"standard","meta":{"footnotes":"","jetpack_publicize_message":"","jetpack_publicize_feature_enabled":true,"jetpack_social_post_already_shared":false,"jetpack_social_options":{"image_generator_settings":{"template":"highway","default_image_id":0,"font":"","enabled":false},"version":2}},"categories":[9],"tags":[1942,2108],"class_list":["post-18976","post","type-post","status-publish","format-standard","has-post-thumbnail","hentry","category-deportes","tag-meissner","tag-mundial"],"jetpack_publicize_connections":[],"jetpack_featured_media_url":"https:\/\/revistaepocadigital.com.ar\/wp-content\/uploads\/2022\/12\/Neymar-y-cristiano.jpg","jetpack_likes_enabled":true,"_links":{"self":[{"href":"https:\/\/revistaepocadigital.com.ar\/index.php?rest_route=\/wp\/v2\/posts\/18976","targetHints":{"allow":["GET"]}}],"collection":[{"href":"https:\/\/revistaepocadigital.com.ar\/index.php?rest_route=\/wp\/v2\/posts"}],"about":[{"href":"https:\/\/revistaepocadigital.com.ar\/index.php?rest_route=\/wp\/v2\/types\/post"}],"author":[{"embeddable":true,"href":"https:\/\/revistaepocadigital.com.ar\/index.php?rest_route=\/wp\/v2\/users\/4"}],"replies":[{"embeddable":true,"href":"https:\/\/revistaepocadigital.com.ar\/index.php?rest_route=%2Fwp%2Fv2%2Fcomments&post=18976"}],"version-history":[{"count":0,"href":"https:\/\/revistaepocadigital.com.ar\/index.php?rest_route=\/wp\/v2\/posts\/18976\/revisions"}],"wp:featuredmedia":[{"embeddable":true,"href":"https:\/\/revistaepocadigital.com.ar\/index.php?rest_route=\/wp\/v2\/media\/18978"}],"wp:attachment":[{"href":"https:\/\/revistaepocadigital.com.ar\/index.php?rest_route=%2Fwp%2Fv2%2Fmedia&parent=18976"}],"wp:term":[{"taxonomy":"category","embeddable":true,"href":"https:\/\/revistaepocadigital.com.ar\/index.php?rest_route=%2Fwp%2Fv2%2Fcategories&post=18976"},{"taxonomy":"post_tag","embeddable":true,"href":"https:\/\/revistaepocadigital.com.ar\/index.php?rest_route=%2Fwp%2Fv2%2Ftags&post=18976"}],"curies":[{"name":"wp","href":"https:\/\/api.w.org\/{rel}","templated":true}]}}