{"id":18994,"date":"2022-12-12T08:35:46","date_gmt":"2022-12-12T11:35:46","guid":{"rendered":"https:\/\/revistaepocadigital.com.ar\/?p=18994"},"modified":"2022-12-14T22:30:57","modified_gmt":"2022-12-15T01:30:57","slug":"el-tornado-espectacular-foto","status":"publish","type":"post","link":"https:\/\/revistaepocadigital.com.ar\/?p=18994","title":{"rendered":"EL TORNADO. ESPECTACULAR FOTO"},"content":{"rendered":"<p><strong>SE ABATI\u00d3 SOBRE DISTINTOS PUNTOS DE EXALTACI\u00d3N DE LA CRUZ, Y CON LA FUERTE TORMENTA CAUS\u00d3 SERIOS DA\u00d1OS.<\/strong><!--more--><\/p>\n<p>Viviendas, escuelas, espacios p\u00fablicos, galpones, sufrieron las consecuencias del temporal del viernes 9 de diciembre \u00faltimo, causando adem\u00e1s ca\u00eddas de \u00e1rboles y ramas y prolongados cortes de luz. Afortunadamente no ocasion\u00f3 lesiones f\u00edsicas a los vecinos.<\/p>\n<p><img loading=\"lazy\" decoding=\"async\" class=\"aligncenter size-full wp-image-18995\" src=\"https:\/\/revistaepocadigital.com.ar\/wp-content\/uploads\/2022\/12\/TORNADO.jpg\" alt=\"\" width=\"540\" height=\"811\" srcset=\"https:\/\/revistaepocadigital.com.ar\/wp-content\/uploads\/2022\/12\/TORNADO.jpg 540w, https:\/\/revistaepocadigital.com.ar\/wp-content\/uploads\/2022\/12\/TORNADO-200x300.jpg 200w, https:\/\/revistaepocadigital.com.ar\/wp-content\/uploads\/2022\/12\/TORNADO-280x420.jpg 280w\" sizes=\"auto, (max-width: 540px) 100vw, 540px\" \/><\/p>\n<p>Tremenda im\u00e1gen captada en la zona de Diego Gaynor.<\/p>\n<p>&nbsp;<\/p>\n","protected":false},"excerpt":{"rendered":"<p>SE ABATI\u00d3 SOBRE DISTINTOS PUNTOS DE EXALTACI\u00d3N DE LA CRUZ, Y CON LA FUERTE TORMENTA CAUS\u00d3 SERIOS DA\u00d1OS.<\/p>\n","protected":false},"author":3,"featured_media":18995,"comment_status":"open","ping_status":"open","sticky":false,"template":"","format":"standard","meta":{"footnotes":"","jetpack_publicize_message":"","jetpack_publicize_feature_enabled":true,"jetpack_social_post_already_shared":false,"jetpack_social_options":{"image_generator_settings":{"template":"highway","default_image_id":0,"font":"","enabled":false},"version":2}},"categories":[12],"tags":[1277],"class_list":["post-18994","post","type-post","status-publish","format-standard","has-post-thumbnail","hentry","category-espectaculos","tag-tormenta"],"jetpack_publicize_connections":[],"jetpack_featured_media_url":"https:\/\/revistaepocadigital.com.ar\/wp-content\/uploads\/2022\/12\/TORNADO.jpg","jetpack_likes_enabled":true,"_links":{"self":[{"href":"https:\/\/revistaepocadigital.com.ar\/index.php?rest_route=\/wp\/v2\/posts\/18994","targetHints":{"allow":["GET"]}}],"collection":[{"href":"https:\/\/revistaepocadigital.com.ar\/index.php?rest_route=\/wp\/v2\/posts"}],"about":[{"href":"https:\/\/revistaepocadigital.com.ar\/index.php?rest_route=\/wp\/v2\/types\/post"}],"author":[{"embeddable":true,"href":"https:\/\/revistaepocadigital.com.ar\/index.php?rest_route=\/wp\/v2\/users\/3"}],"replies":[{"embeddable":true,"href":"https:\/\/revistaepocadigital.com.ar\/index.php?rest_route=%2Fwp%2Fv2%2Fcomments&post=18994"}],"version-history":[{"count":0,"href":"https:\/\/revistaepocadigital.com.ar\/index.php?rest_route=\/wp\/v2\/posts\/18994\/revisions"}],"wp:featuredmedia":[{"embeddable":true,"href":"https:\/\/revistaepocadigital.com.ar\/index.php?rest_route=\/wp\/v2\/media\/18995"}],"wp:attachment":[{"href":"https:\/\/revistaepocadigital.com.ar\/index.php?rest_route=%2Fwp%2Fv2%2Fmedia&parent=18994"}],"wp:term":[{"taxonomy":"category","embeddable":true,"href":"https:\/\/revistaepocadigital.com.ar\/index.php?rest_route=%2Fwp%2Fv2%2Fcategories&post=18994"},{"taxonomy":"post_tag","embeddable":true,"href":"https:\/\/revistaepocadigital.com.ar\/index.php?rest_route=%2Fwp%2Fv2%2Ftags&post=18994"}],"curies":[{"name":"wp","href":"https:\/\/api.w.org\/{rel}","templated":true}]}}