{"id":190,"date":"2018-10-24T22:35:25","date_gmt":"2018-10-24T22:35:25","guid":{"rendered":"https:\/\/revistaepocadigital.com.ar\/?p=190"},"modified":"2018-10-24T22:35:25","modified_gmt":"2018-10-24T22:35:25","slug":"el-recorte-tan-temido","status":"publish","type":"post","link":"https:\/\/revistaepocadigital.com.ar\/?p=190","title":{"rendered":"El recorte tan temido"},"content":{"rendered":"<p>LA SITUACI\u00d3N PLANTEADA ANTE EL RECORTE A MUNICIPIOS.<\/p>\n<p>Con menos recursos, la mano se complica a\u00fan mas<\/p>\n<p>\tHab\u00eda causado gran preocupaci\u00f3n en el municipio, la aplicaci\u00f3n del decreto de necesidad y urgencia (DNU) de gobierno nacional, que hab\u00eda establecido que el comunmente denominado &#8220;fondo sojero&#8221;, creado como Fondo Solidario Federal en 2009, dejar\u00e1 de ser distribuido entre las comunas de todo el pa\u00eds, para pasar integrarse a los fondos del gobierno nacional. \tEl &#8220;fondo sojero&#8221; est\u00e1 conformado por el 30% de los montos que se recaudan por derecho de exportaci\u00f3n de granos de soja, m\u00e1s un 27% por derechos de exportacion de harinas y aceite de soja.<br \/>\n\tPara el municipio de Ex. de la Cruz de aplicarse el recorte, trascendi\u00f3 que representaba un sustancial disminusi\u00f3n de fondos que totalizar\u00eda unos 5,6 millones de pesos para este a\u0144o, a raz\u00f3n de unos 500.000 pesos por mes. Estos fondos deb\u00edan tener como destino, obras de infraestructura de menor relevancia, mantenimiento de calles, caminos, veredas.<br \/>\n\tIntendentes de todo el pa\u00eds reunidos en la FAM (Federaci\u00f3n Argentina de Municipios), hab\u00edan estado evaluando la posibilidad de presentar recursos judiciales, con el objetivo de  evitar la p\u00e9rdida del fondo solidario.<br \/>\n\tPudo saberse al cierre de esta edici\u00f3n que la actual administraci\u00f3n municipal encabezada por estos d\u00edas por la concejal Mar\u00eda Luz Bozzani, ante la nueva licencia solicitada por el jefe comunal Adri\u00e1n Sanchez, quien fuera operado para reemplazar una pr\u00f3tesis en su pierna derecha, prefer\u00eda no acompa\u0144ar la  decisi\u00f3n de la FAM. Se deb\u00eda a que entend\u00edan que deb\u00eda priorizarse el di\u00e1logo y la negociaci\u00f3n pol\u00edtica.<br \/>\nEn tiempos de pocos recursos como los actuales, el ejecutivo municipal habr\u00eda apuntado a no confrontar con el gobierno nacional, y as\u00ed no quedar expuesto a perder otros recursos que por en los \u00faltimos d\u00edas se estaban negociando.<br \/>\n       En la \u00faltima sesi\u00f3n abierta del Concejo Deliberante, el ejecutivo present\u00f3 una resoluci\u00f3n para repudiar el decreto presidencial, pero no consigui\u00f3 los dos tercios necesarios para aprobarla sobre tablas. De esta forma deb\u00eda valerse de otros medios para hacer efectivo el reclamo, sin llegar como qued\u00f3 dicho, a la instancia judicial.<br \/>\n\tAnte la dura controversia actual, y frente a la visita reciente al distrito del ministro de econom\u00eda de la provincia, Hern\u00e1n Lacunza, se pudo suponer que se iba a producir un encuentro entre funcionarios municicipales y el ministro donde podr\u00eda abordarse tan vital asunto. Sin embargo, llamativamente, Lacunza no pas\u00f3 por Cap\u011blla del Se\u0144or, y no ocurri\u00f3 encuentro alguno. Lacunza se aboc\u00f3 a recorrer una planta industrial donde se fabrica pl\u00e1stico, ubicada sobre la ruta 8, y el parque industrial ecol\u00f3gico que luego de mucho tiempo y obst\u00e1culos, comenzaba a funciona en Parada Robles.<\/p>\n<p>                                   CONVENIO PARA COMPRAR UN NUEVO CAMION COMPACTADOR<\/p>\n<p>Y mientras el recorte continuaba en el centro de la escena, el municipio firm\u00f3 un acuerdo con el ministerio del interior por 2,9 millones de pesos, destinado a la compra de un nuevo cami\u00f3n compactador para la recolecci\u00f3n de residuos. Del total del onto, 2.030.000 millones de pesos los aporta el gobierno nacional, y la suma restante la municipalidad.<\/p>\n","protected":false},"excerpt":{"rendered":"<p>LA SITUACI\u00d3N PLANTEADA ANTE EL RECORTE A MUNICIPIOS. Con menos recursos, la mano se complica a\u00fan mas Hab\u00eda causado gran preocupaci\u00f3n en el municipio, la aplicaci\u00f3n del decreto de necesidad y urgencia (DNU) de gobierno nacional, que hab\u00eda establecido que el comunmente denominado &#8220;fondo sojero&#8221;, creado como Fondo Solidario Federal en 2009, dejar\u00e1 de ser [&hellip;]<\/p>\n","protected":false},"author":3,"featured_media":191,"comment_status":"open","ping_status":"open","sticky":false,"template":"","format":"standard","meta":{"footnotes":"","jetpack_publicize_message":"","jetpack_publicize_feature_enabled":true,"jetpack_social_post_already_shared":false,"jetpack_social_options":{"image_generator_settings":{"template":"highway","default_image_id":0,"font":"","enabled":false},"version":2}},"categories":[7],"tags":[47,65],"class_list":["post-190","post","type-post","status-publish","format-standard","has-post-thumbnail","hentry","category-columna-de-opinion","tag-fondo-sojero","tag-maria-luz-bozzani"],"jetpack_publicize_connections":[],"jetpack_featured_media_url":"https:\/\/revistaepocadigital.com.ar\/wp-content\/uploads\/2018\/10\/sanchez-sancho-fb-18-1.jpg","jetpack_likes_enabled":true,"_links":{"self":[{"href":"https:\/\/revistaepocadigital.com.ar\/index.php?rest_route=\/wp\/v2\/posts\/190","targetHints":{"allow":["GET"]}}],"collection":[{"href":"https:\/\/revistaepocadigital.com.ar\/index.php?rest_route=\/wp\/v2\/posts"}],"about":[{"href":"https:\/\/revistaepocadigital.com.ar\/index.php?rest_route=\/wp\/v2\/types\/post"}],"author":[{"embeddable":true,"href":"https:\/\/revistaepocadigital.com.ar\/index.php?rest_route=\/wp\/v2\/users\/3"}],"replies":[{"embeddable":true,"href":"https:\/\/revistaepocadigital.com.ar\/index.php?rest_route=%2Fwp%2Fv2%2Fcomments&post=190"}],"version-history":[{"count":0,"href":"https:\/\/revistaepocadigital.com.ar\/index.php?rest_route=\/wp\/v2\/posts\/190\/revisions"}],"wp:featuredmedia":[{"embeddable":true,"href":"https:\/\/revistaepocadigital.com.ar\/index.php?rest_route=\/wp\/v2\/media\/191"}],"wp:attachment":[{"href":"https:\/\/revistaepocadigital.com.ar\/index.php?rest_route=%2Fwp%2Fv2%2Fmedia&parent=190"}],"wp:term":[{"taxonomy":"category","embeddable":true,"href":"https:\/\/revistaepocadigital.com.ar\/index.php?rest_route=%2Fwp%2Fv2%2Fcategories&post=190"},{"taxonomy":"post_tag","embeddable":true,"href":"https:\/\/revistaepocadigital.com.ar\/index.php?rest_route=%2Fwp%2Fv2%2Ftags&post=190"}],"curies":[{"name":"wp","href":"https:\/\/api.w.org\/{rel}","templated":true}]}}