{"id":19003,"date":"2022-12-13T01:34:01","date_gmt":"2022-12-13T04:34:01","guid":{"rendered":"https:\/\/revistaepocadigital.com.ar\/?p=19003"},"modified":"2022-12-13T01:55:08","modified_gmt":"2022-12-13T04:55:08","slug":"a-raiz-del-temporal-tambien-problemas-en-bbt","status":"publish","type":"post","link":"https:\/\/revistaepocadigital.com.ar\/?p=19003","title":{"rendered":"A ra\u00edz del temporal, tambien problemas en BBT"},"content":{"rendered":"<table border=\"0\" width=\"100%\" cellspacing=\"0\" cellpadding=\"0\">\n<tbody>\n<tr>\n<td width=\"100%\">\n<table class=\"yiv6194062303container\" border=\"0\" width=\"100%\" cellspacing=\"0\" cellpadding=\"0\" align=\"center\">\n<tbody>\n<tr>\n<td width=\"100%\">\n<table class=\"yiv6194062303block-grid\" width=\"100%\" cellspacing=\"0\" cellpadding=\"0\" bgcolor=\"transparent\">\n<tbody>\n<tr>\n<td>\n<div class=\"yiv6194062303col\">\n<div>\n<div>\n<p><strong>BBT inform\u00f3 a sus clientes a ra\u00edz de la tormenta.<\/strong><\/p>\n<p>Estimado cliente.<br \/>\nEl viernes 9\/12, tormentas severas afectaron con intensidad distintos puntos de Buenos Aires, C\u00f3rdoba y Santa Fe.<\/p>\n<p>Fuertes r\u00e1fagas de viento, granizo y un tornado provocaron ca\u00edda de \u00e1rboles, roturas en torres de energ\u00eda y postes de media tensi\u00f3n que afectaron los servicios de Televisi\u00f3n e Internet de varios proveedores en momentos de transmisi\u00f3n del Mundial y posteriormente.<\/p>\n<p>Todo el personal t\u00e9cnico de BBT ha trabajado con la mayor celeridad posible para resolver los inconvenientes. Por las altas temperaturas, las probabilidades de nuevas tormentas y cortes de energ\u00eda, hemos reforzado nuestros servicios t\u00e9cnicos.<\/p>\n<p>Agradecemos la comprensi\u00f3n a todos nuestros clientes.<\/p>\n<p><strong>Centro de Atenci\u00f3n al Cliente<\/strong><br \/>\nTel\u00e9fono:\u00a0<a href=\"https:\/\/128089.clicks.memtas.com\/track\/click?u=2045462&amp;p=3132383038393a3734323a3639363a303a313a30&amp;s=984a6116d960ca2b299264a5c76204bb&amp;m=105\" target=\"_blank\" rel=\"nofollow noopener noreferrer\">0810-122-0180<\/a>\u00a0&#8211;\u00a0\u00a0<a href=\"https:\/\/128089.clicks.memtas.com\/track\/click?u=2049497&amp;p=3132383038393a3734323a3639363a303a323a30&amp;s=984a6116d960ca2b299264a5c76204bb&amp;m=105\" target=\"_blank\" rel=\"nofollow noopener noreferrer\">0810-122-0810<\/a><br \/>\nMail:\u00a0<a href=\"mailto:contacto@bbt.com.ar?subject=Fuertes%20tormentas&amp;body=\" target=\"_blank\" rel=\"nofollow noopener noreferrer\">contacto@bbt.com.ar<\/a><br \/>\nWhatsApp:\u00a0<a href=\"https:\/\/128089.clicks.memtas.com\/track\/click?u=2984255&amp;p=3132383038393a3734323a3639363a303a343a30&amp;s=984a6116d960ca2b299264a5c76204bb&amp;m=105\" target=\"_blank\" rel=\"nofollow noopener noreferrer\">11 6385-0000<\/a><\/p>\n<p>&nbsp;<\/p>\n<\/div>\n<\/div>\n<\/div>\n<\/td>\n<\/tr>\n<tr>\n<td width=\"100%\">\n<table class=\"yiv6194062303container\" border=\"0\" width=\"100%\" cellspacing=\"0\" cellpadding=\"0\" align=\"center\">\n<tbody>\n<tr>\n<td width=\"100%\">\n<table class=\"yiv6194062303block-grid\" width=\"100%\" cellspacing=\"0\" cellpadding=\"0\" bgcolor=\"transparent\">\n<tbody>\n<tr>\n<td>\n<div class=\"yiv6194062303col\">\n<p>&gt;<\/p>\n<\/div>\n<\/td>\n<\/tr>\n<\/tbody>\n<\/table>\n<\/td>\n<\/tr>\n<\/tbody>\n<\/table>\n<\/td>\n<\/tr>\n<\/tbody>\n<\/table>\n<\/td>\n<\/tr>\n<\/tbody>\n<\/table>\n<\/td>\n<\/tr>\n<\/tbody>\n<\/table>\n<p><!--more--><\/p>\n","protected":false},"excerpt":{"rendered":"<p>BBT inform\u00f3 a sus clientes a ra\u00edz de la tormenta. Estimado cliente. El viernes 9\/12, tormentas severas afectaron con intensidad distintos puntos de Buenos Aires, C\u00f3rdoba y Santa Fe. Fuertes r\u00e1fagas de viento, granizo y un tornado provocaron ca\u00edda de \u00e1rboles, roturas en torres de energ\u00eda y postes de media tensi\u00f3n que afectaron los servicios [&hellip;]<\/p>\n","protected":false},"author":3,"featured_media":19008,"comment_status":"open","ping_status":"open","sticky":false,"template":"","format":"standard","meta":{"footnotes":"","jetpack_publicize_message":"","jetpack_publicize_feature_enabled":true,"jetpack_social_post_already_shared":false,"jetpack_social_options":{"image_generator_settings":{"template":"highway","default_image_id":0,"font":"","enabled":false},"version":2}},"categories":[12],"tags":[1039],"class_list":["post-19003","post","type-post","status-publish","format-standard","has-post-thumbnail","hentry","category-espectaculos","tag-bbt"],"jetpack_publicize_connections":[],"jetpack_featured_media_url":"https:\/\/revistaepocadigital.com.ar\/wp-content\/uploads\/2022\/12\/logo-bbt.png","jetpack_likes_enabled":true,"_links":{"self":[{"href":"https:\/\/revistaepocadigital.com.ar\/index.php?rest_route=\/wp\/v2\/posts\/19003","targetHints":{"allow":["GET"]}}],"collection":[{"href":"https:\/\/revistaepocadigital.com.ar\/index.php?rest_route=\/wp\/v2\/posts"}],"about":[{"href":"https:\/\/revistaepocadigital.com.ar\/index.php?rest_route=\/wp\/v2\/types\/post"}],"author":[{"embeddable":true,"href":"https:\/\/revistaepocadigital.com.ar\/index.php?rest_route=\/wp\/v2\/users\/3"}],"replies":[{"embeddable":true,"href":"https:\/\/revistaepocadigital.com.ar\/index.php?rest_route=%2Fwp%2Fv2%2Fcomments&post=19003"}],"version-history":[{"count":0,"href":"https:\/\/revistaepocadigital.com.ar\/index.php?rest_route=\/wp\/v2\/posts\/19003\/revisions"}],"wp:featuredmedia":[{"embeddable":true,"href":"https:\/\/revistaepocadigital.com.ar\/index.php?rest_route=\/wp\/v2\/media\/19008"}],"wp:attachment":[{"href":"https:\/\/revistaepocadigital.com.ar\/index.php?rest_route=%2Fwp%2Fv2%2Fmedia&parent=19003"}],"wp:term":[{"taxonomy":"category","embeddable":true,"href":"https:\/\/revistaepocadigital.com.ar\/index.php?rest_route=%2Fwp%2Fv2%2Fcategories&post=19003"},{"taxonomy":"post_tag","embeddable":true,"href":"https:\/\/revistaepocadigital.com.ar\/index.php?rest_route=%2Fwp%2Fv2%2Ftags&post=19003"}],"curies":[{"name":"wp","href":"https:\/\/api.w.org\/{rel}","templated":true}]}}