{"id":19028,"date":"2022-12-22T22:24:38","date_gmt":"2022-12-23T01:24:38","guid":{"rendered":"https:\/\/revistaepocadigital.com.ar\/?p=19028"},"modified":"2023-01-02T14:07:43","modified_gmt":"2023-01-02T17:07:43","slug":"el-cept-32-de-diego-gaynor-en-grave-riesgo","status":"publish","type":"post","link":"https:\/\/revistaepocadigital.com.ar\/?p=19028","title":{"rendered":"SOLUCI\u00d3N PARA EL SERIO PROBLEMA EN EL CEPT 32 DE DIEGO GAYNOR POR UN \u00c1RBOL CA\u00cdDO"},"content":{"rendered":"<p><strong>ACTUALIZACI\u00d3N.\u00a0 <\/strong><!--more--><\/p>\n<p>&nbsp;<\/p>\n<p>&nbsp;<\/p>\n<p>&nbsp;<\/p>\n<p><strong>\u00a0 EL RECIENTE DEVASTADOR TEMPORAL.<\/strong><!--more--><\/p>\n<p>Golpe\u00f3 muy fuerte como es sabido en distintos puntos de Exaltaci\u00f3n de la Cruz, causando serios da\u00f1os materiales.<\/p>\n<p>La localidad de Diego Gaynor tambi\u00e9n result\u00f3 sumamente afectada. Las reveladoras im\u00e1genes muestran a un a\u00f1ejo \u00e1rbol, arrancado literalmente desde la ra\u00edz por el fen\u00f3meno clim\u00e1tico que se encuentra en el predio del CEPT 32.<\/p>\n<p>El \u00e1rbol de unos 25 metros de altura pend\u00eda hasta las \u00faltimas horas apoyado en algunas ramas endebles, con el muy serio riesgo de desplomarse sobre instalaciones del\u00a0 CEPT 32 de Gaynor, donde concurren alumnos, maestros, profesores y personal.<\/p>\n<p>Mientras aguardaban la urgente asistencia de las autoridades, como indicaron a EPOCA, vecinos de Gaynor tambi\u00e9n damnificados,\u00a0 mostraban su honda preocupaci\u00f3n por las consecuencias que podr\u00edan originarse en caso que semejante \u00e1rbol se desplomara al piso.<\/p>\n<p><img loading=\"lazy\" decoding=\"async\" class=\"aligncenter size-full wp-image-19030\" src=\"https:\/\/revistaepocadigital.com.ar\/wp-content\/uploads\/2022\/12\/arbol-gay1.jpg\" alt=\"\" width=\"608\" height=\"716\" srcset=\"https:\/\/revistaepocadigital.com.ar\/wp-content\/uploads\/2022\/12\/arbol-gay1.jpg 608w, https:\/\/revistaepocadigital.com.ar\/wp-content\/uploads\/2022\/12\/arbol-gay1-255x300.jpg 255w, https:\/\/revistaepocadigital.com.ar\/wp-content\/uploads\/2022\/12\/arbol-gay1-357x420.jpg 357w\" sizes=\"auto, (max-width: 608px) 100vw, 608px\" \/><\/p>\n<p>&nbsp;<\/p>\n<p><img loading=\"lazy\" decoding=\"async\" class=\"aligncenter size-full wp-image-19031\" src=\"https:\/\/revistaepocadigital.com.ar\/wp-content\/uploads\/2022\/12\/arbol-gqy2.jpg\" alt=\"\" width=\"608\" height=\"812\" srcset=\"https:\/\/revistaepocadigital.com.ar\/wp-content\/uploads\/2022\/12\/arbol-gqy2.jpg 608w, https:\/\/revistaepocadigital.com.ar\/wp-content\/uploads\/2022\/12\/arbol-gqy2-225x300.jpg 225w, https:\/\/revistaepocadigital.com.ar\/wp-content\/uploads\/2022\/12\/arbol-gqy2-314x420.jpg 314w\" sizes=\"auto, (max-width: 608px) 100vw, 608px\" \/><\/p>\n<p style=\"text-align: center;\">&#8211;<strong>&#8212;&#8212;&#8212;&#8212;&#8212;&#8212;&#8212;&#8212;&#8212;&#8212;&#8212;-<\/strong><\/p>\n<p><strong>Transcurridos unos d\u00edas de incertidumbre y temor, ante la posible ca\u00edda por completo del \u00e1rbol, personal del establecimiento seg\u00fan pudo saber este medio, tom\u00f3 contacto con un especialista en podas riesgosas, dado que no se sab\u00eda el camino para solucionar el serio problema.<\/strong><\/p>\n<p><strong>El especialista entonces procedi\u00f3 a desmontar el \u00e1rbol, sin causar da\u00f1o alguno, apelando a su gran experiencia y equipamiento acorde.<\/strong><\/p>\n<p><strong>Tambi\u00e9n supo EPOCA que el costo del importante trabajo, iba a ser cubierto por el municipio de Exaltaci\u00f3n de la Cruz, mediante un subsidio que se aguardaba, estuviera disponible en los pr\u00f3ximos d\u00edas.<\/strong><\/p>\n<p>&nbsp;<\/p>\n<p>Fotos: EPOCA<\/p>\n","protected":false},"excerpt":{"rendered":"<p>ACTUALIZACI\u00d3N.\u00a0<\/p>\n","protected":false},"author":4,"featured_media":19029,"comment_status":"open","ping_status":"open","sticky":false,"template":"","format":"standard","meta":{"footnotes":"","jetpack_publicize_message":"","jetpack_publicize_feature_enabled":true,"jetpack_social_post_already_shared":false,"jetpack_social_options":{"image_generator_settings":{"template":"highway","default_image_id":0,"font":"","enabled":false},"version":2}},"categories":[6],"tags":[2135,2136],"class_list":["post-19028","post","type-post","status-publish","format-standard","has-post-thumbnail","hentry","category-barrios","tag-arbol","tag-cept-32-gaynor"],"jetpack_publicize_connections":[],"jetpack_featured_media_url":"https:\/\/revistaepocadigital.com.ar\/wp-content\/uploads\/2022\/12\/gaynor-arbol.jpg","jetpack_likes_enabled":true,"_links":{"self":[{"href":"https:\/\/revistaepocadigital.com.ar\/index.php?rest_route=\/wp\/v2\/posts\/19028","targetHints":{"allow":["GET"]}}],"collection":[{"href":"https:\/\/revistaepocadigital.com.ar\/index.php?rest_route=\/wp\/v2\/posts"}],"about":[{"href":"https:\/\/revistaepocadigital.com.ar\/index.php?rest_route=\/wp\/v2\/types\/post"}],"author":[{"embeddable":true,"href":"https:\/\/revistaepocadigital.com.ar\/index.php?rest_route=\/wp\/v2\/users\/4"}],"replies":[{"embeddable":true,"href":"https:\/\/revistaepocadigital.com.ar\/index.php?rest_route=%2Fwp%2Fv2%2Fcomments&post=19028"}],"version-history":[{"count":0,"href":"https:\/\/revistaepocadigital.com.ar\/index.php?rest_route=\/wp\/v2\/posts\/19028\/revisions"}],"wp:featuredmedia":[{"embeddable":true,"href":"https:\/\/revistaepocadigital.com.ar\/index.php?rest_route=\/wp\/v2\/media\/19029"}],"wp:attachment":[{"href":"https:\/\/revistaepocadigital.com.ar\/index.php?rest_route=%2Fwp%2Fv2%2Fmedia&parent=19028"}],"wp:term":[{"taxonomy":"category","embeddable":true,"href":"https:\/\/revistaepocadigital.com.ar\/index.php?rest_route=%2Fwp%2Fv2%2Fcategories&post=19028"},{"taxonomy":"post_tag","embeddable":true,"href":"https:\/\/revistaepocadigital.com.ar\/index.php?rest_route=%2Fwp%2Fv2%2Ftags&post=19028"}],"curies":[{"name":"wp","href":"https:\/\/api.w.org\/{rel}","templated":true}]}}