{"id":19095,"date":"2022-12-20T11:05:40","date_gmt":"2022-12-20T14:05:40","guid":{"rendered":"https:\/\/revistaepocadigital.com.ar\/?p=19095"},"modified":"2022-12-20T11:14:23","modified_gmt":"2022-12-20T14:14:23","slug":"a-tres-anos-del-comienzo-el-municipio-difundio-logros-hay-vecinos-que-se-hacen-escuchar","status":"publish","type":"post","link":"https:\/\/revistaepocadigital.com.ar\/?p=19095","title":{"rendered":"A TRES A\u00d1OS DEL COMIENZO, EL MUNICIPIO DIFUNDI\u00d3 LOGROS Y VECINOS QUE TAMBI\u00c9N QUIEREN SER TENIDOS EN CUENTA"},"content":{"rendered":"<p><strong>\u00a1COMO PASA EL TIEMPO!, Y PENSAR QUE ESTAMOS POR ADENTRARNOS EN UN\u00a0 \u00a0A\u00d1O 2023, ELECTORAL, CRUCIAL PARA EL PA\u00cdS Y TAMBI\u00c9N PARA EXALTACI\u00d3N DE LA CRUZ<\/strong>.<!--more--><\/p>\n<p>Desde el municipio, a tres a\u00f1os de comenzada la gesti\u00f3n de Diego Nanni como intendente, han difundido un clip por distintas redes sociales y a los medios de prensa.<\/p>\n<p>&nbsp;<\/p>\n<p><iframe loading=\"lazy\" title=\"3 A\u00d1OS DE GESTI\u00d3N\" width=\"696\" height=\"392\" src=\"https:\/\/www.youtube.com\/embed\/Gd9W37EOGG0?feature=oembed\" frameborder=\"0\" allow=\"accelerometer; autoplay; clipboard-write; encrypted-media; gyroscope; picture-in-picture\" allowfullscreen><\/iframe><\/p>\n<p>En el raconto, el eje pasa por reflejar el estado de cosas en distintos \u00e1mbitos y las mejoras conseguidas, en el marco de continuas gestiones y acercamientos pol\u00edticos tanto con los gobiernos nacional y provincial.<\/p>\n<p>&nbsp;<\/p>\n<figure id=\"attachment_19117\" aria-describedby=\"caption-attachment-19117\" style=\"width: 640px\" class=\"wp-caption aligncenter\"><img loading=\"lazy\" decoding=\"async\" class=\"size-full wp-image-19117\" src=\"https:\/\/revistaepocadigital.com.ar\/wp-content\/uploads\/2022\/12\/CAE.jpg\" alt=\"\" width=\"640\" height=\"281\" srcset=\"https:\/\/revistaepocadigital.com.ar\/wp-content\/uploads\/2022\/12\/CAE.jpg 640w, https:\/\/revistaepocadigital.com.ar\/wp-content\/uploads\/2022\/12\/CAE-300x132.jpg 300w\" sizes=\"auto, (max-width: 640px) 100vw, 640px\" \/><figcaption id=\"caption-attachment-19117\" class=\"wp-caption-text\">Nuevo ingreso a Capilla del Se\u00f1or<\/figcaption><\/figure>\n<p>El cometido y las concreciones por alcanzar sigue resultando un gran desaf\u00edo, mas all\u00e1 de las 60 obras valiosas que la comuna resalta y lo ha reflejado a medios y vecinos del distrito por distintos canales. Vecinos avalando a rajatabla la gesti\u00f3n Nanni, otros reconoci\u00e9ndola con salvedades y tambi\u00e9n aquellos con miradas cr\u00edticas y de ser fundamentadas, a tener muy en cuenta por cierto. A modo de referencia, este medio ha recogido inquietudes puntuales de vecinos de algunos sectores del distrito, haciendo escuchar reclamos a necesidades irresueltas y quejas por <em>&#8220;sentirnos discriminados en particular quienes vivimos en la zona del Corredor de la ruta 8, que no podemos entender tanta discriminaci\u00f3n en cuanto a atenci\u00f3n de necesidades y obras, algo que nos parece indignante, mientras que en cambio, se pueden ver en Capilla del Se\u00f1or, en otros puntos y en particular en Cardales&#8221;.<\/em> &#8220;<em>El municipio debe ser m\u00e1s equitativo en sus pol\u00edticas y proyectos que se relacionen con los vecinos&#8221;<\/em>, insistieron ante EPOCA.<\/p>\n<p>&nbsp;<\/p>\n","protected":false},"excerpt":{"rendered":"<p>\u00a1COMO PASA EL TIEMPO!, Y PENSAR QUE ESTAMOS POR ADENTRARNOS EN UN\u00a0 \u00a0A\u00d1O 2023, ELECTORAL, CRUCIAL PARA EL PA\u00cdS Y TAMBI\u00c9N PARA EXALTACI\u00d3N DE LA CRUZ.<\/p>\n","protected":false},"author":4,"featured_media":19116,"comment_status":"open","ping_status":"open","sticky":false,"template":"","format":"standard","meta":{"footnotes":"","jetpack_publicize_message":"","jetpack_publicize_feature_enabled":true,"jetpack_social_post_already_shared":false,"jetpack_social_options":{"image_generator_settings":{"template":"highway","default_image_id":0,"font":"","enabled":false},"version":2}},"categories":[17],"tags":[608,589],"class_list":["post-19095","post","type-post","status-publish","format-standard","has-post-thumbnail","hentry","category-politica","tag-gestion","tag-vecinos"],"jetpack_publicize_connections":[],"jetpack_featured_media_url":"https:\/\/revistaepocadigital.com.ar\/wp-content\/uploads\/2022\/12\/CARDAAA-1.jpg","jetpack_likes_enabled":true,"_links":{"self":[{"href":"https:\/\/revistaepocadigital.com.ar\/index.php?rest_route=\/wp\/v2\/posts\/19095","targetHints":{"allow":["GET"]}}],"collection":[{"href":"https:\/\/revistaepocadigital.com.ar\/index.php?rest_route=\/wp\/v2\/posts"}],"about":[{"href":"https:\/\/revistaepocadigital.com.ar\/index.php?rest_route=\/wp\/v2\/types\/post"}],"author":[{"embeddable":true,"href":"https:\/\/revistaepocadigital.com.ar\/index.php?rest_route=\/wp\/v2\/users\/4"}],"replies":[{"embeddable":true,"href":"https:\/\/revistaepocadigital.com.ar\/index.php?rest_route=%2Fwp%2Fv2%2Fcomments&post=19095"}],"version-history":[{"count":0,"href":"https:\/\/revistaepocadigital.com.ar\/index.php?rest_route=\/wp\/v2\/posts\/19095\/revisions"}],"wp:featuredmedia":[{"embeddable":true,"href":"https:\/\/revistaepocadigital.com.ar\/index.php?rest_route=\/wp\/v2\/media\/19116"}],"wp:attachment":[{"href":"https:\/\/revistaepocadigital.com.ar\/index.php?rest_route=%2Fwp%2Fv2%2Fmedia&parent=19095"}],"wp:term":[{"taxonomy":"category","embeddable":true,"href":"https:\/\/revistaepocadigital.com.ar\/index.php?rest_route=%2Fwp%2Fv2%2Fcategories&post=19095"},{"taxonomy":"post_tag","embeddable":true,"href":"https:\/\/revistaepocadigital.com.ar\/index.php?rest_route=%2Fwp%2Fv2%2Ftags&post=19095"}],"curies":[{"name":"wp","href":"https:\/\/api.w.org\/{rel}","templated":true}]}}