{"id":19120,"date":"2022-12-20T13:01:06","date_gmt":"2022-12-20T16:01:06","guid":{"rendered":"https:\/\/revistaepocadigital.com.ar\/?p=19120"},"modified":"2022-12-20T13:01:06","modified_gmt":"2022-12-20T16:01:06","slug":"denuncia-por-la-utilizacion-de-fitosanitarios-en-un-campo-de-capilla-del-senor","status":"publish","type":"post","link":"https:\/\/revistaepocadigital.com.ar\/?p=19120","title":{"rendered":"DENUNCIA POR LA UTILIZACI\u00d3N DE FITOSANITARIOS EN UN CAMPO DE CAPILLA DEL SE\u00d1OR\u00a0"},"content":{"rendered":"<p>El d\u00eda 20\/12 , en horas de la madrugada, un agente municipal realiz\u00f3\u00a0 una denuncia sobre una aplicaci\u00f3n terrestre de productos fitosanitarios ilegal en un campo cercano a la localidad de Capilla del Se\u00f1or.<\/p>\n<p>Ante la denuncia, se hizo presente personal del CAV y de la polic\u00eda rural, deteniendo al operario de la m\u00e1quina en el camino a Chacras de Mart\u00edn Fierro.<\/p>\n<p>En el lugar se pudo constatar que la aplicaci\u00f3n no contaba con la correspondiente receta agron\u00f3mica.<\/p>\n<p>Sumado a esto, al tratarse de un predio ubicado en la zona de exclusi\u00f3n para dicha labor, el municipio solicit\u00f3 intervenci\u00f3n a la fiscal\u00eda quien actualmente se encuentra realizando los procesos judiciales correspondientes<\/p>\n","protected":false},"excerpt":{"rendered":"<p>El d\u00eda 20\/12 , en horas de la madrugada, un agente municipal realiz\u00f3\u00a0 una denuncia sobre una aplicaci\u00f3n terrestre de productos fitosanitarios ilegal en un campo cercano a la localidad de Capilla del Se\u00f1or. Ante la denuncia, se hizo presente personal del CAV y de la polic\u00eda rural, deteniendo al operario de la m\u00e1quina en [&hellip;]<\/p>\n","protected":false},"author":3,"featured_media":19121,"comment_status":"open","ping_status":"open","sticky":false,"template":"","format":"standard","meta":{"footnotes":"","jetpack_publicize_message":"","jetpack_publicize_feature_enabled":true,"jetpack_social_post_already_shared":false,"jetpack_social_options":{"image_generator_settings":{"template":"highway","default_image_id":0,"font":"","enabled":false},"version":2}},"categories":[17],"tags":[],"class_list":["post-19120","post","type-post","status-publish","format-standard","has-post-thumbnail","hentry","category-politica"],"jetpack_publicize_connections":[],"jetpack_featured_media_url":"https:\/\/revistaepocadigital.com.ar\/wp-content\/uploads\/2022\/12\/mosquiro.jpg","jetpack_likes_enabled":true,"_links":{"self":[{"href":"https:\/\/revistaepocadigital.com.ar\/index.php?rest_route=\/wp\/v2\/posts\/19120","targetHints":{"allow":["GET"]}}],"collection":[{"href":"https:\/\/revistaepocadigital.com.ar\/index.php?rest_route=\/wp\/v2\/posts"}],"about":[{"href":"https:\/\/revistaepocadigital.com.ar\/index.php?rest_route=\/wp\/v2\/types\/post"}],"author":[{"embeddable":true,"href":"https:\/\/revistaepocadigital.com.ar\/index.php?rest_route=\/wp\/v2\/users\/3"}],"replies":[{"embeddable":true,"href":"https:\/\/revistaepocadigital.com.ar\/index.php?rest_route=%2Fwp%2Fv2%2Fcomments&post=19120"}],"version-history":[{"count":0,"href":"https:\/\/revistaepocadigital.com.ar\/index.php?rest_route=\/wp\/v2\/posts\/19120\/revisions"}],"wp:featuredmedia":[{"embeddable":true,"href":"https:\/\/revistaepocadigital.com.ar\/index.php?rest_route=\/wp\/v2\/media\/19121"}],"wp:attachment":[{"href":"https:\/\/revistaepocadigital.com.ar\/index.php?rest_route=%2Fwp%2Fv2%2Fmedia&parent=19120"}],"wp:term":[{"taxonomy":"category","embeddable":true,"href":"https:\/\/revistaepocadigital.com.ar\/index.php?rest_route=%2Fwp%2Fv2%2Fcategories&post=19120"},{"taxonomy":"post_tag","embeddable":true,"href":"https:\/\/revistaepocadigital.com.ar\/index.php?rest_route=%2Fwp%2Fv2%2Ftags&post=19120"}],"curies":[{"name":"wp","href":"https:\/\/api.w.org\/{rel}","templated":true}]}}