{"id":19124,"date":"2022-12-22T15:41:45","date_gmt":"2022-12-22T18:41:45","guid":{"rendered":"https:\/\/revistaepocadigital.com.ar\/?p=19124"},"modified":"2022-12-22T15:43:57","modified_gmt":"2022-12-22T18:43:57","slug":"llego-equipo-de-rayos-para-el-hospital-de-cardale","status":"publish","type":"post","link":"https:\/\/revistaepocadigital.com.ar\/?p=19124","title":{"rendered":"Lleg\u00f3 equipo de rayos para el Hospital de Cardales"},"content":{"rendered":"<div class=\"x11i5rnm xat24cr x1mh8g0r x1vvkbs xdj266r x126k92a\">\n<div dir=\"auto\"><strong>SE ENCUENTRA ENTRE EL EQUIPAMIENTO QUE VA ARRIBANDO.<\/strong><\/div>\n<div dir=\"auto\"><\/div>\n<\/div>\n<p><!--more--><\/p>\n<div class=\"x11i5rnm xat24cr x1mh8g0r x1vvkbs xtlvy1s x126k92a\">\n<div dir=\"auto\">El Hospital de Los Cardales sigue recibiendo el equipamiento hospitalario necesario para que comience a funcionar. En esta ocasi\u00f3n arrib\u00f3 al nuevo centro asistencial por inaugurarse, el equipo de Rayos X port\u00e1til, con todo lo necesario para su utilizaci\u00f3n.<\/div>\n<\/div>\n<div class=\"x11i5rnm xat24cr x1mh8g0r x1vvkbs xtlvy1s x126k92a\">\n<div dir=\"auto\">Este equipo se suma a las camas de internaci\u00f3n y para shockroom, camillas, mobiliario de guardado, mesas, sillas de ruedas y respiradores que ya se encuentran en el Hospital.<\/div>\n<div dir=\"auto\"><\/div>\n<\/div>\n<div class=\"x11i5rnm xat24cr x1mh8g0r x1vvkbs xtlvy1s x126k92a\">\n<div dir=\"auto\">Desde el municipio han informado que &#8220;estamos cada vez m\u00e1s cerca de poner en funcionamiento\u00a0 el Hospital, con m\u00e1s complejidad, brindando soluciones a nuestros vecinos&#8221;,<\/div>\n<div dir=\"auto\"><\/div>\n<\/div>\n","protected":false},"excerpt":{"rendered":"<p>SE ENCUENTRA ENTRE EL EQUIPAMIENTO QUE VA ARRIBANDO.<\/p>\n","protected":false},"author":3,"featured_media":19126,"comment_status":"open","ping_status":"open","sticky":false,"template":"","format":"standard","meta":{"footnotes":"","jetpack_publicize_message":"","jetpack_publicize_feature_enabled":true,"jetpack_social_post_already_shared":false,"jetpack_social_options":{"image_generator_settings":{"template":"highway","default_image_id":0,"font":"","enabled":false},"version":2}},"categories":[4,13],"tags":[423,133],"class_list":["post-19124","post","type-post","status-publish","format-standard","has-post-thumbnail","hentry","category-aqui-los-cardales","category-interes-general","tag-cardales","tag-hospital"],"jetpack_publicize_connections":[],"jetpack_featured_media_url":"https:\/\/revistaepocadigital.com.ar\/wp-content\/uploads\/2022\/12\/cardal-h-ospi22.jpg","jetpack_likes_enabled":true,"_links":{"self":[{"href":"https:\/\/revistaepocadigital.com.ar\/index.php?rest_route=\/wp\/v2\/posts\/19124","targetHints":{"allow":["GET"]}}],"collection":[{"href":"https:\/\/revistaepocadigital.com.ar\/index.php?rest_route=\/wp\/v2\/posts"}],"about":[{"href":"https:\/\/revistaepocadigital.com.ar\/index.php?rest_route=\/wp\/v2\/types\/post"}],"author":[{"embeddable":true,"href":"https:\/\/revistaepocadigital.com.ar\/index.php?rest_route=\/wp\/v2\/users\/3"}],"replies":[{"embeddable":true,"href":"https:\/\/revistaepocadigital.com.ar\/index.php?rest_route=%2Fwp%2Fv2%2Fcomments&post=19124"}],"version-history":[{"count":0,"href":"https:\/\/revistaepocadigital.com.ar\/index.php?rest_route=\/wp\/v2\/posts\/19124\/revisions"}],"wp:featuredmedia":[{"embeddable":true,"href":"https:\/\/revistaepocadigital.com.ar\/index.php?rest_route=\/wp\/v2\/media\/19126"}],"wp:attachment":[{"href":"https:\/\/revistaepocadigital.com.ar\/index.php?rest_route=%2Fwp%2Fv2%2Fmedia&parent=19124"}],"wp:term":[{"taxonomy":"category","embeddable":true,"href":"https:\/\/revistaepocadigital.com.ar\/index.php?rest_route=%2Fwp%2Fv2%2Fcategories&post=19124"},{"taxonomy":"post_tag","embeddable":true,"href":"https:\/\/revistaepocadigital.com.ar\/index.php?rest_route=%2Fwp%2Fv2%2Ftags&post=19124"}],"curies":[{"name":"wp","href":"https:\/\/api.w.org\/{rel}","templated":true}]}}