{"id":1913,"date":"2019-03-14T23:39:46","date_gmt":"2019-03-15T02:39:46","guid":{"rendered":"https:\/\/revistaepocadigital.com.ar\/?p=1913"},"modified":"2019-03-15T00:03:52","modified_gmt":"2019-03-15T03:03:52","slug":"intendente-sanchez-nos-hacen-sentir-discriminados-en-exaltacion-de-la-cruz","status":"publish","type":"post","link":"https:\/\/revistaepocadigital.com.ar\/?p=1913","title":{"rendered":"Intendente S\u00e1nchez,  Flores, Bozzani: &#8220;Nos hacen sentir discriminados en Exaltaci\u00f3n de la Cruz&#8221;"},"content":{"rendered":"<p><strong>LA CONTROVERSIA CON EL MINISTRO DE SEGURIDAD.<\/strong><!--more--><\/p>\n<p>Elev\u00f3 como nunca los <strong>decibeles<\/strong> en el municipio y crisp\u00f3 los \u00e1nimos, como no se hab\u00eda dado, el intendente <strong>Adri\u00e1n S\u00e1nchez<\/strong> junto al secretario de coordinaci\u00f3n<strong> Guillermo Flores<\/strong> y a la tambi\u00e9n funcionaria comunal<strong> Mar\u00eda Luz Bozzani<\/strong>, los que convocaron a los medios locales e hicieron escuchar sus <strong>fuertes cuestionamientos<\/strong> debido a la <strong>falta de respuestas<\/strong> que afirmaron, han tenido a los reiterados reclamos al <strong>Ministerio de Seguridad de la provincia de Buenos Aires, <\/strong>encabezado por <strong>Cristian Ritondo<\/strong>, aduciendo como punto central y cr\u00edtico, la<strong> carencia de apoyo en el rubro seguridad <\/strong><strong>hacia la municipalidad de Exaltaci\u00f3n de la Cruz<\/strong>, a la vez que sobrevolaron <strong>cr\u00edticas<\/strong> al presidente del Concejo Deliberante y referente de Cambiemos en el distrito,<strong> Ra\u00fal Sancho<\/strong>, por no hacerse eco de los planteos de la comuna, percibi\u00e9ndose la sensaci\u00f3n aunque fuera descartado por los funcionarios, que ya se transita con cada vez mayor intensidad un a\u00f1o electoral <strong>crucial<\/strong> para el pa\u00eds y desde ya, para el futuro de <strong>Exaltaci\u00f3n de la Cruz.<\/strong><\/p>\n<p><strong>EPOCA<\/strong> te cuenta ac\u00e1 los principales conceptos que dejaron los funcionarios municipales, a los que se los not\u00f3 molestos y a la vez preocupados.<\/p>\n<p><em>&#8220;Voy a empezar a hablar este a\u00f1o, hay momentos que tenemos que decir las cosas; concurro a todas las reuniones<\/em>, (en la gobernaci\u00f3n)<em> tienen biblioratos con nuestros reclamos; respeto a todo el mundo, pero hay que cosas que desde hace tiempo nos hacen sentir discriminados en Exaltaci\u00f3n de la Cruz, y me refiero en este caso puntualmente al tema seguridad&#8221;,<\/em> dijo el intendente <strong>S\u00e1nchez.<\/strong><\/p>\n<p><em>&#8220;Desde la gobernaci\u00f3n nos quieren hacer ver que no nos hacemos cargo de algunos temas, como son los m\u00f3viles policiales, su mantenimiento y el de edificios; ahora bien, hace 15 a\u00f1os que nos venimos haciendo cargo de esosgastos!&#8221;<\/em>, apunt\u00f3 el jefe comunal. &#8220;<em>Nosotros manejamos n\u00fameros ver\u00eddicos, todos son p\u00fablicos, tengo una excelente relaci\u00f3n con la gobernaci\u00f3n pero, lleg\u00f3 el momento de sacarse la m\u00e1scara&#8221;,<\/em> dispar\u00f3 S\u00e1nchez.<\/p>\n<p>Luego sostuvo <em>&#8220;hay que parar la m\u00e1quina y decir la verdad como siempre lo hacemos en Exaltaci\u00f3n de la Cruz, tenemos respuestas a los temas y no hablamos mal de nadie, pero llega el momento en que hay que decir sobre situaciones que ocurren porque nos debemos a los 45 mil habitantes del distrito que deben saber la verdad&#8221;. &#8220;Me cans\u00e9 de ir a hablar con el ministro de seguridad y otros, yo estoy permanentemente gestionando para nuestro distrito, en cambio hay gente, vecinos que no trajeron nada para Exaltaci\u00f3n de la Cruz pero igual hablan!&#8221;<\/em>, enfatiz\u00f3 <strong>S\u00e1nchez<\/strong> en alusi\u00f3n como qued\u00f3 la sensaci\u00f3n, a <strong>Ra\u00fal Sancho<\/strong> quien se estima para el municipio, es el principal y mejor posicionado<strong> candidato<\/strong> a intendente por la oposicion para las elecciones de octubre.<\/p>\n<p>&nbsp;<\/p>\n<figure id=\"attachment_1919\" aria-describedby=\"caption-attachment-1919\" style=\"width: 566px\" class=\"wp-caption aligncenter\"><img loading=\"lazy\" decoding=\"async\" class=\"size-full wp-image-1919\" src=\"https:\/\/revistaepocadigital.com.ar\/wp-content\/uploads\/2019\/03\/bozza-san-flor-3-19a.jpg\" alt=\"\" width=\"566\" height=\"418\" srcset=\"https:\/\/revistaepocadigital.com.ar\/wp-content\/uploads\/2019\/03\/bozza-san-flor-3-19a.jpg 566w, https:\/\/revistaepocadigital.com.ar\/wp-content\/uploads\/2019\/03\/bozza-san-flor-3-19a-300x222.jpg 300w, https:\/\/revistaepocadigital.com.ar\/wp-content\/uploads\/2019\/03\/bozza-san-flor-3-19a-80x60.jpg 80w\" sizes=\"auto, (max-width: 566px) 100vw, 566px\" \/><figcaption id=\"caption-attachment-1919\" class=\"wp-caption-text\">Mar\u00eda Luz Bozzani y Guillermo Flores y en el centro el intendente S\u00e1nchez. Subieron el tono de los reclamos en materia de seguridad. Los rostros serios reflejaron el momento.<\/figcaption><\/figure>\n<p>Acerca de su relaci\u00f3n con funcionarios, S\u00e1nchez asegur\u00f3, <em>&#8220;tengo una relaci\u00f3n estrecha con todos los funcionarios de la gobernaci\u00f3n, incluso con Ra\u00fal Sancho, pero lo que nos est\u00e1 pasando en cuanto a que nos sentimos discriminados en nuestro municipio, es bien concreto. Hace 15 a\u00f1os que nos venimos haciendo cargo de muchos gastos; Sancho es amigo del ministro Ritondo, ha trabajado en forma estrecha con el, sin embargo&#8230;&#8221;<\/em>.<\/p>\n<p>Ante la pregunta acerca de si la actitud del ministerio de seguridad expuesta por los funcionarios de la comuna, pod\u00edan interpretarla como una forma de pretender <strong>asfixiar a la comuna<\/strong> en un a\u00f1o electoral como el que transitramos,<strong> Adri\u00e1n S\u00e1nchez<\/strong> sostuvo que<em> &#8220;eso queda a criterio de quien lo diga o piense&#8230;&#8221;.<\/em><\/p>\n<p><strong>\u00bfQue reclama el municipio?,<\/strong> <em>&#8220;estamos solicitando que nos env\u00eden nuevos m\u00f3viles y materiales para la polic\u00eda, el tema seguridad es sumamente importante y hace a la tranquilidad de nuestros vecinos, insisto nos estamos haciendo cargo del mantenimiento de los actuales m\u00f3viles, muchos obsoletos, y de los edificios de la polic\u00eda; necesitamos nuevos m\u00f3viles!&#8221;,<\/em> remarc\u00f3 el intendente.<\/p>\n<p>&#8220;<em>Hay que respetar y es lo que hacemos desde el gobienro muncipal, asi como tambi\u00e9n desde el bloque de nuestros concejales en el HCD, a la vez hacemos todo lo posible para cubrir las necesidades en materia de seguridad, pero\u00a0 precisamos que en la gobernaci\u00f3n nos escuchen&#8221;,<\/em> manifest\u00f3 despu\u00e9s <strong>Flores<\/strong> y agreg\u00f3, <em>&#8220;se dice que contamos con cosasobsoletas, en fin, se hace mucha politiquer\u00eda, en seguridad veninos invirtiendo fondos del municipio dese 2015 cuando comenzamos con los problemas de apoyo de la gobernaci\u00f3n&#8221;.<\/em><\/p>\n<p>A prop\u00f3sito se dijo que el personal policial pas\u00f3 de 90 a 225 efectivos, que fueron instaladas 160 c\u00e1maras de seguridad y por ende, los requerimientos econ\u00f3micos se duplicaron.<em> &#8220;Cada d\u00eda nos complicamos m\u00e1s en el municipio en cuanto a los gastos en seguridad, no podemos sostenerlos m\u00e1s&#8221;,<\/em> admiti\u00f3 Flores.<\/p>\n<p>S\u00e1nchez luego sostuvo que <em>&#8220;Ra\u00fal Sancho no es nexo entre el municipio y la gobernaci\u00f3n, m\u00e1s all\u00e1 que ha ejercido un alto cargo en el ministerio de seguridad junto al ministro Ritondo&#8221;. &#8220;No tenemos problemas<\/em> -manifest\u00f3- <em>en que el diga que si consigue cosas para Exaltaci\u00f3n de la Cruz, ha sido por su gesti\u00f3n, no hay problemas; que las traigan, que se saquen las fotos, no hay problemas, lo importante es beneficiar al pueblo de Exaltaci\u00f3n de la Cruz&#8221;.<\/em><\/p>\n<p>Acerca de las <strong>cr\u00edticas<\/strong> a Sancho, <strong>Mar\u00eda Luz Bozzani<\/strong> las descart\u00f3, <em>&#8220;nosotros no salimos a criticar a Ra\u00fal Sancho, s\u00f3lo nos hacemos eco y decimos como son las cosas a partir de lo que Sancho expresa en sus publicaciones en Facebook, en su cuenta personal y en forma habitual&#8221;.<\/em><\/p>\n<p><strong>Flores<\/strong> sobre la <strong>disputa<\/strong> planteada con el <strong>ministerio de seguridad<\/strong>, mencion\u00f3 datos: <em>&#8220;el ministerio nos env\u00eda por semana 180 pesos para cada m\u00f3vil para combustible, y desde ya son insuficientes por lo que el municipio aporta 400 pesos m\u00e1s por vehiculo y 500 m\u00e1s los fine de semana por cada m\u00f3vil tambi\u00e9n&#8221;<\/em>. Y luego neg\u00f3 uno de los cuestionamientos que han reca\u00eddo, acerca del destino de fondos,<em> &#8220;es mentira que usamos fondos para seguridad para cortar el pasto a los costados de las rutas del distrito. Hacemos s\u00ed esa tarea que es algo que deberia efectuar vialidad provincial, pero lo hacemos con fondos propio de la comuna. Ac\u00e1 no hacemos ninguna especulaci\u00f3n pol\u00edtica ni tenemos intencionalidad pol\u00f3tica, lo concreto es que de la gobernaci\u00f3n no nos ayudan&#8230;&#8221;.<\/em><\/p>\n<p>&nbsp;<\/p>\n<figure id=\"attachment_1920\" aria-describedby=\"caption-attachment-1920\" style=\"width: 640px\" class=\"wp-caption aligncenter\"><img loading=\"lazy\" decoding=\"async\" class=\"size-full wp-image-1920\" src=\"https:\/\/revistaepocadigital.com.ar\/wp-content\/uploads\/2019\/03\/medios-locales-19.jpg\" alt=\"\" width=\"640\" height=\"480\" srcset=\"https:\/\/revistaepocadigital.com.ar\/wp-content\/uploads\/2019\/03\/medios-locales-19.jpg 640w, https:\/\/revistaepocadigital.com.ar\/wp-content\/uploads\/2019\/03\/medios-locales-19-300x225.jpg 300w, https:\/\/revistaepocadigital.com.ar\/wp-content\/uploads\/2019\/03\/medios-locales-19-80x60.jpg 80w, https:\/\/revistaepocadigital.com.ar\/wp-content\/uploads\/2019\/03\/medios-locales-19-160x120.jpg 160w, https:\/\/revistaepocadigital.com.ar\/wp-content\/uploads\/2019\/03\/medios-locales-19-265x198.jpg 265w, https:\/\/revistaepocadigital.com.ar\/wp-content\/uploads\/2019\/03\/medios-locales-19-560x420.jpg 560w\" sizes=\"auto, (max-width: 640px) 100vw, 640px\" \/><figcaption id=\"caption-attachment-1920\" class=\"wp-caption-text\">Medios locales en la conferencia de prensa con alta temperatura.<\/figcaption><\/figure>\n<p>Entre los presentes en la conferencia de prensa, tambi\u00e9n estuvieron los<strong> concejales<\/strong> del bloque oficialista, <strong>Mart\u00edn David y Norma Santill\u00e1n. David<\/strong> hizo menci\u00f3n a que en la reciente sesi\u00f3n del HCD, propusieron confeccionar un <strong>proyecto de comunicaci\u00f3n<\/strong> solicitando una reuni\u00f3n por el tema seguridad, entre el ministro <strong>Ritondo, el intendente S\u00e1nchez y los concejales.<\/strong> El edil <strong>Mart\u00edn Real Salas<\/strong> propuso la votaci\u00f3n nominal, David defendi\u00f3 el proyecto y no faltaron cruces fuertes. <strong>Ra\u00fal Sancho<\/strong>, el presidente, ocup\u00f3 su banca y fij\u00f3 su posici\u00f3n, refutando el proyecto y critic\u00f3 al municipio. Al momento de la votaci\u00f3n, en contra vot\u00f3 el bloque de<strong> Cambiemos<\/strong> compuesto por <strong>Sancho, Gonz\u00e1lez, Herling,<\/strong> a excepci\u00f3n de la concejal <strong>Graciela Venturino<\/strong> que reiter\u00f3 posturas anteriores y se apoy\u00f3 en sucriterio personal. <em>&#8220;Adem\u00e1s<\/em> -acot\u00f3 David- <em>en el HCD recibimos una nota firmada por unos 80 vecinos, muy preocupados por la seguridad&#8221;.<\/em><\/p>\n<p>Sobre la <strong>aguda pol\u00e9mica<\/strong> planteada con la seguridad en el medio, el intendente expres\u00f3, <em>&#8220;percibimos que esta jugada de la gobernaci\u00f3n no va en contra del gobierno municipal, sino que va en contra de los intereses de Exaltaci\u00f3n de la Cruz&#8221;. &#8220;No es momento para declaraciones, hay que solucionar cosas prioritarias como siempre hacemos para con los vecinos, ya vendr\u00e1 el momento de las cr\u00edticas en el calendario electoral, hay que que enviar un mensaje de cordura y responsabilidad; llegar\u00e1n las instancias de las elecciones y los actos pol\u00edticos, sin embargo nosotros en el muncipio seguimos atendiendo las cosas de todos los d\u00edas que aflijen a los vecinos&#8221;,<\/em> asegur\u00f3 el jefe comunal con un disimulado tono proselitista.<\/p>\n<p>Para cerrar, <strong>dos datos con tinte pol\u00edtico<\/strong>. Previo a la conferencia de prensa, se vio en forma fugaz en la oficina anterior al despacho municipal a<strong> Luis Mariano Martin,<\/strong> referente del Frente Renovador y como te hemos contado, en sinton\u00eda con el candidato oficialista<strong> Diego Nanni,<\/strong> el secretario de gobierno de licencia mientras se recupera en forma favorable de la doble operaci\u00f3n de cadera. El otro, en el despacho del jefe comunal entre los representantes de la prensa local, <strong>Hugo Gigena,<\/strong> conocido afiliado y militante radical&#8230;<\/p>\n<p>Esto reci\u00e9n comienza&#8230;<\/p>\n<p>Fotos: Revista EPOCA.<\/p>\n","protected":false},"excerpt":{"rendered":"<p>LA CONTROVERSIA CON EL MINISTRO DE SEGURIDAD.<\/p>\n","protected":false},"author":4,"featured_media":1918,"comment_status":"open","ping_status":"open","sticky":false,"template":"","format":"standard","meta":{"footnotes":"","jetpack_publicize_message":"","jetpack_publicize_feature_enabled":true,"jetpack_social_post_already_shared":false,"jetpack_social_options":{"image_generator_settings":{"template":"highway","default_image_id":0,"font":"","enabled":false},"version":2}},"categories":[17],"tags":[],"class_list":["post-1913","post","type-post","status-publish","format-standard","has-post-thumbnail","hentry","category-politica"],"jetpack_publicize_connections":[],"jetpack_featured_media_url":"https:\/\/revistaepocadigital.com.ar\/wp-content\/uploads\/2019\/03\/bozz-san-flor-3-19-epo.jpg","jetpack_likes_enabled":true,"_links":{"self":[{"href":"https:\/\/revistaepocadigital.com.ar\/index.php?rest_route=\/wp\/v2\/posts\/1913","targetHints":{"allow":["GET"]}}],"collection":[{"href":"https:\/\/revistaepocadigital.com.ar\/index.php?rest_route=\/wp\/v2\/posts"}],"about":[{"href":"https:\/\/revistaepocadigital.com.ar\/index.php?rest_route=\/wp\/v2\/types\/post"}],"author":[{"embeddable":true,"href":"https:\/\/revistaepocadigital.com.ar\/index.php?rest_route=\/wp\/v2\/users\/4"}],"replies":[{"embeddable":true,"href":"https:\/\/revistaepocadigital.com.ar\/index.php?rest_route=%2Fwp%2Fv2%2Fcomments&post=1913"}],"version-history":[{"count":0,"href":"https:\/\/revistaepocadigital.com.ar\/index.php?rest_route=\/wp\/v2\/posts\/1913\/revisions"}],"wp:featuredmedia":[{"embeddable":true,"href":"https:\/\/revistaepocadigital.com.ar\/index.php?rest_route=\/wp\/v2\/media\/1918"}],"wp:attachment":[{"href":"https:\/\/revistaepocadigital.com.ar\/index.php?rest_route=%2Fwp%2Fv2%2Fmedia&parent=1913"}],"wp:term":[{"taxonomy":"category","embeddable":true,"href":"https:\/\/revistaepocadigital.com.ar\/index.php?rest_route=%2Fwp%2Fv2%2Fcategories&post=1913"},{"taxonomy":"post_tag","embeddable":true,"href":"https:\/\/revistaepocadigital.com.ar\/index.php?rest_route=%2Fwp%2Fv2%2Ftags&post=1913"}],"curies":[{"name":"wp","href":"https:\/\/api.w.org\/{rel}","templated":true}]}}