{"id":19201,"date":"2023-01-02T13:33:17","date_gmt":"2023-01-02T16:33:17","guid":{"rendered":"https:\/\/revistaepocadigital.com.ar\/?p=19201"},"modified":"2023-01-02T13:33:17","modified_gmt":"2023-01-02T16:33:17","slug":"valentina-victoria-encarna-la-esperanza-en-el-nuevo-ano","status":"publish","type":"post","link":"https:\/\/revistaepocadigital.com.ar\/?p=19201","title":{"rendered":"VALENTINA VICTORIA, ENCARNA LA ESPERANZA EN EL NUEVO A\u00d1O"},"content":{"rendered":"<div class=\"x11i5rnm xat24cr x1mh8g0r x1vvkbs xdj266r x126k92a\">\n<div dir=\"auto\"><strong>EL PRIMER BEB\u00c9 DE 2023, NACIDO EN EXALTACI\u00d3N DE LA CRUZ.<!--more--><\/strong><\/div>\n<div dir=\"auto\"><\/div>\n<div dir=\"auto\">Es una nena, Valentina Victoria, nacida a las 5 de la ma\u00f1ana del 2-1-23.\u00a0 Pes\u00f3 3,610 kilos. \u00a1Felicitaciones a su mam\u00e1 Marisol, su pap\u00e1 Jos\u00e9, oriundos de Parada Robles, y toda su familia!<\/div>\n<\/div>\n<p>&nbsp;<\/p>\n<p>Valentina Victoria simboliza porqu\u00e9 no, la ilusi\u00f3n, las ganas de vivir en un pa\u00eds mejor como largamente merecemos los argentinos, y la fuerza para seguir adelante.<\/p>\n<div dir=\"auto\"><\/div>\n<div dir=\"auto\">Desde EPOCA, vale la ocasi\u00f3n, el mejor deseo para todos!<\/div>\n","protected":false},"excerpt":{"rendered":"<p>EL PRIMER BEB\u00c9 DE 2023, NACIDO EN EXALTACI\u00d3N DE LA CRUZ.<\/p>\n","protected":false},"author":4,"featured_media":19202,"comment_status":"open","ping_status":"open","sticky":false,"template":"","format":"standard","meta":{"footnotes":"","jetpack_publicize_message":"","jetpack_publicize_feature_enabled":true,"jetpack_social_post_already_shared":false,"jetpack_social_options":{"image_generator_settings":{"template":"highway","default_image_id":0,"font":"","enabled":false},"version":2}},"categories":[13],"tags":[2152,2151],"class_list":["post-19201","post","type-post","status-publish","format-standard","has-post-thumbnail","hentry","category-interes-general","tag-2152","tag-nacimiento"],"jetpack_publicize_connections":[],"jetpack_featured_media_url":"https:\/\/revistaepocadigital.com.ar\/wp-content\/uploads\/2023\/01\/beba23.jpg","jetpack_likes_enabled":true,"_links":{"self":[{"href":"https:\/\/revistaepocadigital.com.ar\/index.php?rest_route=\/wp\/v2\/posts\/19201","targetHints":{"allow":["GET"]}}],"collection":[{"href":"https:\/\/revistaepocadigital.com.ar\/index.php?rest_route=\/wp\/v2\/posts"}],"about":[{"href":"https:\/\/revistaepocadigital.com.ar\/index.php?rest_route=\/wp\/v2\/types\/post"}],"author":[{"embeddable":true,"href":"https:\/\/revistaepocadigital.com.ar\/index.php?rest_route=\/wp\/v2\/users\/4"}],"replies":[{"embeddable":true,"href":"https:\/\/revistaepocadigital.com.ar\/index.php?rest_route=%2Fwp%2Fv2%2Fcomments&post=19201"}],"version-history":[{"count":0,"href":"https:\/\/revistaepocadigital.com.ar\/index.php?rest_route=\/wp\/v2\/posts\/19201\/revisions"}],"wp:featuredmedia":[{"embeddable":true,"href":"https:\/\/revistaepocadigital.com.ar\/index.php?rest_route=\/wp\/v2\/media\/19202"}],"wp:attachment":[{"href":"https:\/\/revistaepocadigital.com.ar\/index.php?rest_route=%2Fwp%2Fv2%2Fmedia&parent=19201"}],"wp:term":[{"taxonomy":"category","embeddable":true,"href":"https:\/\/revistaepocadigital.com.ar\/index.php?rest_route=%2Fwp%2Fv2%2Fcategories&post=19201"},{"taxonomy":"post_tag","embeddable":true,"href":"https:\/\/revistaepocadigital.com.ar\/index.php?rest_route=%2Fwp%2Fv2%2Ftags&post=19201"}],"curies":[{"name":"wp","href":"https:\/\/api.w.org\/{rel}","templated":true}]}}