{"id":19208,"date":"2023-01-02T13:58:46","date_gmt":"2023-01-02T16:58:46","guid":{"rendered":"https:\/\/revistaepocadigital.com.ar\/?p=19208"},"modified":"2023-01-09T14:10:03","modified_gmt":"2023-01-09T17:10:03","slug":"ahora-si-el-sabado-7-de-enero-la-fiesta-por-los-120-anos-de-cardales","status":"publish","type":"post","link":"https:\/\/revistaepocadigital.com.ar\/?p=19208","title":{"rendered":"Un festejo a pleno por los 120 a\u00f1os de Cardales"},"content":{"rendered":"<div class=\"x11i5rnm xat24cr x1mh8g0r x1vvkbs xdj266r x126k92a\">\n<div dir=\"auto\"><strong>\u00c1NGELA LEIVA CANT\u00d3 E HIZO CANTAR Y BAILAR A MUCHOS!<\/strong><\/div>\n<\/div>\n<p><!--more--><\/p>\n<div class=\"x11i5rnm xat24cr x1mh8g0r x1vvkbs xtlvy1s x126k92a\">\n<div dir=\"auto\">https:\/\/www.youtube.com\/watch?v=3v9qnifqPoQ<\/div>\n<div dir=\"auto\"><\/div>\n<div dir=\"auto\">Luego de la obligada postergaci\u00f3n debido al temporal que golpe\u00f3 duro a varios puntos del partido, el s\u00e1bado 7 de enero se realiz\u00f3 la esperada fiesta aniversario de Los Cardales, que ha cumplido 120 a\u00f1os en diciembre \u00faltimo, iniciada con una noche anterior tradicional y m\u00e1gica como la de Reyes<\/div>\n<\/div>\n<div dir=\"auto\"><\/div>\n<div dir=\"auto\">\n<div class=\"x11i5rnm xat24cr x1mh8g0r x1vvkbs xtlvy1s x126k92a\">\n<div dir=\"auto\">l festejo por los 120 a\u00f1os de Los Cardales, lo vivimos a lo grande comenzando con una noche m\u00e1gica de Reyes.<\/div>\n<\/div>\n<div class=\"x11i5rnm xat24cr x1mh8g0r x1vvkbs xtlvy1s x126k92a\">\n<div dir=\"auto\"><\/div>\n<div dir=\"auto\">El s\u00e1bado comenz\u00f3 con la apertura de la calle peatonal, y la presencia de artesanos, emprendedores y productores. Adem\u00e1s, la exposici\u00f3n de Artes Visuales en el Centro Cultural Cardales (CCC), para dar comienzo luego a los shows en el escenario principal con la actuaci\u00f3n de artistas locales, baile y el cierre de Angela Leiva como se hab\u00eda anunciado.<\/div>\n<div dir=\"auto\"><\/div>\n<\/div>\n<\/div>\n<div dir=\"auto\"><\/div>\n<div dir=\"auto\"><\/div>\n<div dir=\"auto\">https:\/\/www.youtube.com\/watch?v=3v9qnifqPoQ<\/div>\n","protected":false},"excerpt":{"rendered":"<p>\u00c1NGELA LEIVA CANT\u00d3 E HIZO CANTAR Y BAILAR A MUCHOS!<\/p>\n","protected":false},"author":3,"featured_media":19294,"comment_status":"open","ping_status":"open","sticky":false,"template":"","format":"standard","meta":{"footnotes":"","jetpack_publicize_message":"","jetpack_publicize_feature_enabled":true,"jetpack_social_post_already_shared":false,"jetpack_social_options":{"image_generator_settings":{"template":"highway","default_image_id":0,"font":"","enabled":false},"version":2}},"categories":[4],"tags":[2153,20,423],"class_list":["post-19208","post","type-post","status-publish","format-standard","has-post-thumbnail","hentry","category-aqui-los-cardales","tag-120-anos","tag-aniversario","tag-cardales"],"jetpack_publicize_connections":[],"jetpack_featured_media_url":"https:\/\/revistaepocadigital.com.ar\/wp-content\/uploads\/2023\/01\/Screenshot-2023-01-09-at-12-36-20-VIDEO-2023-01-08-16-10-42.png","jetpack_likes_enabled":true,"_links":{"self":[{"href":"https:\/\/revistaepocadigital.com.ar\/index.php?rest_route=\/wp\/v2\/posts\/19208","targetHints":{"allow":["GET"]}}],"collection":[{"href":"https:\/\/revistaepocadigital.com.ar\/index.php?rest_route=\/wp\/v2\/posts"}],"about":[{"href":"https:\/\/revistaepocadigital.com.ar\/index.php?rest_route=\/wp\/v2\/types\/post"}],"author":[{"embeddable":true,"href":"https:\/\/revistaepocadigital.com.ar\/index.php?rest_route=\/wp\/v2\/users\/3"}],"replies":[{"embeddable":true,"href":"https:\/\/revistaepocadigital.com.ar\/index.php?rest_route=%2Fwp%2Fv2%2Fcomments&post=19208"}],"version-history":[{"count":0,"href":"https:\/\/revistaepocadigital.com.ar\/index.php?rest_route=\/wp\/v2\/posts\/19208\/revisions"}],"wp:featuredmedia":[{"embeddable":true,"href":"https:\/\/revistaepocadigital.com.ar\/index.php?rest_route=\/wp\/v2\/media\/19294"}],"wp:attachment":[{"href":"https:\/\/revistaepocadigital.com.ar\/index.php?rest_route=%2Fwp%2Fv2%2Fmedia&parent=19208"}],"wp:term":[{"taxonomy":"category","embeddable":true,"href":"https:\/\/revistaepocadigital.com.ar\/index.php?rest_route=%2Fwp%2Fv2%2Fcategories&post=19208"},{"taxonomy":"post_tag","embeddable":true,"href":"https:\/\/revistaepocadigital.com.ar\/index.php?rest_route=%2Fwp%2Fv2%2Ftags&post=19208"}],"curies":[{"name":"wp","href":"https:\/\/api.w.org\/{rel}","templated":true}]}}