{"id":19230,"date":"2023-01-27T00:53:10","date_gmt":"2023-01-27T03:53:10","guid":{"rendered":"https:\/\/revistaepocadigital.com.ar\/?p=19230"},"modified":"2023-01-27T03:12:57","modified_gmt":"2023-01-27T06:12:57","slug":"el-presidente-alberto-fernandez-anunciara-este-jueves-la-ampliacion-de-la-auh","status":"publish","type":"post","link":"https:\/\/revistaepocadigital.com.ar\/?p=19230","title":{"rendered":"ANSES. FECHAS DE PAGOS. Jubilaciones y pensiones que superan los haberes m\u00ednimos."},"content":{"rendered":"<p><strong>FIJATE:<\/strong><!--more--><\/p>\n<div class=\"I_ZkbNhI D_FY W_6D6F\" data-test-id=\"message-view-body\">\n<div class=\"msg-body P_wpofO mq_AS\" data-test-id=\"message-view-body-content\">\n<div class=\"jb_0 X_6MGW N_6Fd5\">\n<div id=\"yiv4724821406\">\n<div class=\"yiv4724821406WordSection1\">\n<p class=\"yiv4149799525MsoNormal\">ANSES inform\u00f3 sobre el pago de jubilaciones y pensiones que superan los haberes m\u00ednimos.<\/p>\n<p class=\"yiv4149799525MsoNormal\"><strong>En este sentido, el cronograma qued\u00f3 conformado de la siguiente manera:<\/strong><\/p>\n<p><strong>\u00b7\u00a0\u00a0\u00a0\u00a0\u00a0\u00a0\u00a0\u00a0<\/strong><strong>DNI terminados en 0 y 1: 24 de enero<\/strong><\/p>\n<p><strong>\u00b7\u00a0\u00a0\u00a0\u00a0\u00a0\u00a0\u00a0\u00a0<\/strong><strong>DNI terminados en 2 y 3: 25 de enero<\/strong><\/p>\n<p><strong>\u00b7\u00a0\u00a0\u00a0\u00a0\u00a0\u00a0\u00a0\u00a0<\/strong><strong>DNI terminados en 4 y 5: 26 de enero<\/strong><\/p>\n<p><strong>\u00b7\u00a0\u00a0\u00a0\u00a0\u00a0\u00a0\u00a0\u00a0<\/strong><strong>DNI terminados en 6 y 7: 27 de enero<\/strong><\/p>\n<p><strong>\u00b7\u00a0\u00a0\u00a0\u00a0\u00a0\u00a0\u00a0\u00a0<\/strong><strong>DNI terminados en 8 y 9: 30 de enero<\/strong><\/p>\n<p>&#8212;&#8212;&#8212;&#8212;&#8212;&#8212;&#8212;&#8212;&#8212;&#8212;&#8212;&#8212;&#8212;&#8212;&#8212;&#8212;&#8212;&#8212;&#8212;&#8212;&#8212;&#8212;&#8212;&#8211;<\/p>\n<p>NOTA ANTERIOR.<\/p>\n<p class=\"yiv4724821406MsoNormal\">ANSES inform\u00f3 sobre los pagos de la Asignaci\u00f3n por Embarazo y las Becas Progresar.<\/p>\n<p class=\"yiv4724821406MsoNormal\">Los cronogramas:<\/p>\n<p><strong>Asignaci\u00f3n por Embarazo<\/strong><\/p>\n<p><strong>\u00b7\u00a0\u00a0\u00a0\u00a0\u00a0\u00a0\u00a0\u00a0<\/strong><strong>DNI terminados en 0: 11 de enero<\/strong><\/p>\n<p><strong>\u00b7\u00a0\u00a0\u00a0\u00a0\u00a0\u00a0\u00a0\u00a0<\/strong><strong>DNI terminados en 1: 12 de enero<\/strong><\/p>\n<p><strong>\u00b7\u00a0\u00a0\u00a0\u00a0\u00a0\u00a0\u00a0\u00a0<\/strong><strong>DNI terminados en 2: 13 de enero<\/strong><\/p>\n<p><strong>\u00b7\u00a0\u00a0\u00a0\u00a0\u00a0\u00a0\u00a0\u00a0<\/strong><strong>DNI terminados en 3: 16 de enero<\/strong><\/p>\n<p><strong>\u00b7\u00a0\u00a0\u00a0\u00a0\u00a0\u00a0\u00a0\u00a0<\/strong><strong>DNI terminados en 4: 17 de enero<\/strong><\/p>\n<p><strong>\u00b7\u00a0\u00a0\u00a0\u00a0\u00a0\u00a0\u00a0\u00a0<\/strong><strong>DNI terminados en 5: 18 de enero<\/strong><\/p>\n<p><strong>\u00b7\u00a0\u00a0\u00a0\u00a0\u00a0\u00a0\u00a0\u00a0<\/strong><strong>DNI terminados en 6: 19 de enero<\/strong><\/p>\n<p><strong>\u00b7\u00a0\u00a0\u00a0\u00a0\u00a0\u00a0\u00a0\u00a0<\/strong><strong>DNI terminados en 7: 20 de enero<\/strong><\/p>\n<p><strong>\u00b7\u00a0\u00a0\u00a0\u00a0\u00a0\u00a0\u00a0\u00a0<\/strong><strong>DNI terminados en 8: 23 de enero<\/strong><\/p>\n<p><strong>\u00b7\u00a0\u00a0\u00a0\u00a0\u00a0\u00a0\u00a0\u00a0<\/strong><strong>DNI terminados en 9: 24 de enero<\/strong><\/p>\n<p><strong>Becas Progresar<\/strong><\/p>\n<p><strong>\u00b7\u00a0\u00a0\u00a0\u00a0\u00a0\u00a0\u00a0\u00a0<\/strong><strong>DNI terminados en 0 y 1: 11 de enero<\/strong><\/p>\n<p><strong>\u00b7\u00a0\u00a0\u00a0\u00a0\u00a0\u00a0\u00a0\u00a0<\/strong><strong>DNI terminados en 2 y 3: 12 de enero<\/strong><\/p>\n<p><strong>\u00b7\u00a0\u00a0\u00a0\u00a0\u00a0\u00a0\u00a0\u00a0<\/strong><strong>DNI terminados en 4 y 5: 13 de enero<\/strong><\/p>\n<p><strong>\u00b7\u00a0\u00a0\u00a0\u00a0\u00a0\u00a0\u00a0\u00a0<\/strong><strong>DNI terminados en 6 y 7: 16 de enero<\/strong><\/p>\n<p><strong>\u00b7\u00a0\u00a0\u00a0\u00a0\u00a0\u00a0\u00a0\u00a0<\/strong><strong>DNI terminados en 8 y 9: 17 de enero<\/strong><\/p>\n<\/div>\n<\/div>\n<\/div>\n<\/div>\n<\/div>\n<div class=\"H_7jIs D_F ab_C Q_69H5 E_36RhU\" data-test-id=\"toolbar-hover-area\">\n<div class=\"D_F W_6D6F r_BN gl_C\" data-test-id=\"card-toolbar\">\n<div class=\"D_F ab_C en_0 b_Z14vXdP e_3mS2U I_ZkbNhI P_Z1otBpf\">\n<ul class=\"hd_n P_0 H_6D6F M_0 ir3_0 iy_h D_F ab_C\" tabindex=\"-1\" role=\"menubar\" data-test-id=\"navigable-list\">\n<li role=\"menuitem\"><\/li>\n<li role=\"menuitem\"><\/li>\n<li class=\"G_e p_R\" role=\"menuitem\">&#8212;&#8212;&#8212;&#8212;&#8212;&#8212;&#8212;&#8212;&#8212;&#8212;&#8212;&#8212;&#8212;&#8212;&#8212;&#8212;-<\/li>\n<\/ul>\n<\/div>\n<\/div>\n<\/div>\n<p>nota anterior.<\/p>\n<p><strong>El presidente Alberto Fern\u00e1ndez anunciar\u00e1 este jueves la ampliaci\u00f3n de la AUH<\/strong><\/p>\n<p><strong>La Asignaci\u00f3n Universal por Hijo (AUH).<\/strong><!--more--><\/p>\n<p>Con el fin de garantizar el pago del beneficio dependiente de la Administraci\u00f3n Nacional de la Seguridad Social (ANSES), en ni\u00f1os y adolescentes que viven en dispositivos de cuidado residencial o familiar.<\/p>\n<p>El acto est\u00e1 previsto en el Espacio de Promoci\u00f3n de Derechos del Instituto Saturnino Unzu\u00e9, en Mar del Plata, con la directora ejecutiva del organismo previsional, Fernanda Raverta; la ministra de Desarrollo Social, Victoria Tolosa Paz; su par de Obras P\u00fablicas, Gabriel Katopodis; y el secretario nacional de Ni\u00f1ez, Adolescencia y Familia (SENAF), Gabriel Lerner.<\/p>\n<p>&nbsp;<\/p>\n","protected":false},"excerpt":{"rendered":"<p>FIJATE:<\/p>\n","protected":false},"author":3,"featured_media":19232,"comment_status":"open","ping_status":"open","sticky":false,"template":"","format":"standard","meta":{"footnotes":"","jetpack_publicize_message":"","jetpack_publicize_feature_enabled":true,"jetpack_social_post_already_shared":false,"jetpack_social_options":{"image_generator_settings":{"template":"highway","default_image_id":0,"font":"","enabled":false},"version":2}},"categories":[81,17],"tags":[21,999,142],"class_list":["post-19230","post","type-post","status-publish","format-standard","has-post-thumbnail","hentry","category-anses","category-politica","tag-anses","tag-auh","tag-pagos"],"jetpack_publicize_connections":[],"jetpack_featured_media_url":"https:\/\/revistaepocadigital.com.ar\/wp-content\/uploads\/2023\/01\/auh.webp","jetpack_likes_enabled":true,"_links":{"self":[{"href":"https:\/\/revistaepocadigital.com.ar\/index.php?rest_route=\/wp\/v2\/posts\/19230","targetHints":{"allow":["GET"]}}],"collection":[{"href":"https:\/\/revistaepocadigital.com.ar\/index.php?rest_route=\/wp\/v2\/posts"}],"about":[{"href":"https:\/\/revistaepocadigital.com.ar\/index.php?rest_route=\/wp\/v2\/types\/post"}],"author":[{"embeddable":true,"href":"https:\/\/revistaepocadigital.com.ar\/index.php?rest_route=\/wp\/v2\/users\/3"}],"replies":[{"embeddable":true,"href":"https:\/\/revistaepocadigital.com.ar\/index.php?rest_route=%2Fwp%2Fv2%2Fcomments&post=19230"}],"version-history":[{"count":0,"href":"https:\/\/revistaepocadigital.com.ar\/index.php?rest_route=\/wp\/v2\/posts\/19230\/revisions"}],"wp:featuredmedia":[{"embeddable":true,"href":"https:\/\/revistaepocadigital.com.ar\/index.php?rest_route=\/wp\/v2\/media\/19232"}],"wp:attachment":[{"href":"https:\/\/revistaepocadigital.com.ar\/index.php?rest_route=%2Fwp%2Fv2%2Fmedia&parent=19230"}],"wp:term":[{"taxonomy":"category","embeddable":true,"href":"https:\/\/revistaepocadigital.com.ar\/index.php?rest_route=%2Fwp%2Fv2%2Fcategories&post=19230"},{"taxonomy":"post_tag","embeddable":true,"href":"https:\/\/revistaepocadigital.com.ar\/index.php?rest_route=%2Fwp%2Fv2%2Ftags&post=19230"}],"curies":[{"name":"wp","href":"https:\/\/api.w.org\/{rel}","templated":true}]}}