{"id":19240,"date":"2023-01-06T01:48:46","date_gmt":"2023-01-06T04:48:46","guid":{"rendered":"https:\/\/revistaepocadigital.com.ar\/?p=19240"},"modified":"2023-01-06T01:50:27","modified_gmt":"2023-01-06T04:50:27","slug":"gambra-el-nuevo-presidente-de-la-ucr-al-momento-no-hemos-tenido-ningun-contacto-con-la-gente-del-pro","status":"publish","type":"post","link":"https:\/\/revistaepocadigital.com.ar\/?p=19240","title":{"rendered":"GAMBRA, EL NUEVO PRESIDENTE DE LA UCR. &#8220;Al momento no hemos tenido ning\u00fan contacto con la gente del PRO&#8221;"},"content":{"rendered":"<figure id=\"attachment_19249\" aria-describedby=\"caption-attachment-19249\" style=\"width: 696px\" class=\"wp-caption aligncenter\"><img loading=\"lazy\" decoding=\"async\" class=\"size-large wp-image-19249\" src=\"https:\/\/revistaepocadigital.com.ar\/wp-content\/uploads\/2023\/01\/GAMBRA-EQUI23-1200x900.jpg\" alt=\"\" width=\"696\" height=\"522\" srcset=\"https:\/\/revistaepocadigital.com.ar\/wp-content\/uploads\/2023\/01\/GAMBRA-EQUI23-1200x900.jpg 1200w, https:\/\/revistaepocadigital.com.ar\/wp-content\/uploads\/2023\/01\/GAMBRA-EQUI23-300x225.jpg 300w, https:\/\/revistaepocadigital.com.ar\/wp-content\/uploads\/2023\/01\/GAMBRA-EQUI23-768x576.jpg 768w, https:\/\/revistaepocadigital.com.ar\/wp-content\/uploads\/2023\/01\/GAMBRA-EQUI23-1536x1152.jpg 1536w, https:\/\/revistaepocadigital.com.ar\/wp-content\/uploads\/2023\/01\/GAMBRA-EQUI23-80x60.jpg 80w, https:\/\/revistaepocadigital.com.ar\/wp-content\/uploads\/2023\/01\/GAMBRA-EQUI23-160x120.jpg 160w, https:\/\/revistaepocadigital.com.ar\/wp-content\/uploads\/2023\/01\/GAMBRA-EQUI23-265x198.jpg 265w, https:\/\/revistaepocadigital.com.ar\/wp-content\/uploads\/2023\/01\/GAMBRA-EQUI23-696x522.jpg 696w, https:\/\/revistaepocadigital.com.ar\/wp-content\/uploads\/2023\/01\/GAMBRA-EQUI23-1068x801.jpg 1068w, https:\/\/revistaepocadigital.com.ar\/wp-content\/uploads\/2023\/01\/GAMBRA-EQUI23-560x420.jpg 560w, https:\/\/revistaepocadigital.com.ar\/wp-content\/uploads\/2023\/01\/GAMBRA-EQUI23-1120x840.jpg 1120w, https:\/\/revistaepocadigital.com.ar\/wp-content\/uploads\/2023\/01\/GAMBRA-EQUI23-1920x1440.jpg 1920w, https:\/\/revistaepocadigital.com.ar\/wp-content\/uploads\/2023\/01\/GAMBRA-EQUI23.jpg 2048w\" sizes=\"auto, (max-width: 696px) 100vw, 696px\" \/><figcaption id=\"caption-attachment-19249\" class=\"wp-caption-text\">Gambra e integrantes de su sector<\/figcaption><\/figure>\n<p><strong>DESPU\u00c9S DE GANAR LAS INTERNAS RADICALES EN 2022, A\u00daN NO ASUMI\u00d3 COMO NUEVO PRESIDENTE DE LA UCR DE EXALTACI\u00d3N DE LA CRUZ.<\/strong><!--more--><\/p>\n<p>Medita las palabras y responde con calma al conversar con EPOCA. Es el m\u00e9dico<strong> Iv\u00e1n Gambra,<\/strong> el <strong>nuevo presidente de la UCR<\/strong> local encabezando la lista Adelante Radicales, que se impuso en las tan discutidas internas concretadas en el tramo final de 2022.<\/p>\n<figure id=\"attachment_19250\" aria-describedby=\"caption-attachment-19250\" style=\"width: 300px\" class=\"wp-caption alignleft\"><img loading=\"lazy\" decoding=\"async\" class=\"size-medium wp-image-19250\" src=\"https:\/\/revistaepocadigital.com.ar\/wp-content\/uploads\/2023\/01\/GAMBRA-1-300x255.jpg\" alt=\"\" width=\"300\" height=\"255\" srcset=\"https:\/\/revistaepocadigital.com.ar\/wp-content\/uploads\/2023\/01\/GAMBRA-1-300x255.jpg 300w, https:\/\/revistaepocadigital.com.ar\/wp-content\/uploads\/2023\/01\/GAMBRA-1-768x653.jpg 768w, https:\/\/revistaepocadigital.com.ar\/wp-content\/uploads\/2023\/01\/GAMBRA-1-696x592.jpg 696w, https:\/\/revistaepocadigital.com.ar\/wp-content\/uploads\/2023\/01\/GAMBRA-1-1068x908.jpg 1068w, https:\/\/revistaepocadigital.com.ar\/wp-content\/uploads\/2023\/01\/GAMBRA-1-494x420.jpg 494w, https:\/\/revistaepocadigital.com.ar\/wp-content\/uploads\/2023\/01\/GAMBRA-1-988x840.jpg 988w, https:\/\/revistaepocadigital.com.ar\/wp-content\/uploads\/2023\/01\/GAMBRA-1.jpg 1170w\" sizes=\"auto, (max-width: 300px) 100vw, 300px\" \/><figcaption id=\"caption-attachment-19250\" class=\"wp-caption-text\">El nuevo titular del radicalismo.<\/figcaption><\/figure>\n<p>&nbsp;<\/p>\n<p>&#8211;<strong>\u00bfQue opina sobre la decisi\u00f3n adoptada por la conducci\u00f3n anterior, en la \u00faltima parte de 2022 en la UCR, poco tiempo despu\u00e9s de las elecciones internas que tantas controversias y enfrentamientos depararon, de convertir al Comit\u00e9 Radical de Capilla del Se\u00f1or en una propiedad privada?<\/strong><br \/>\n<em>-No dudo que fue una decisi\u00f3n tomada en caliente, sin saber ni siquiera la realidad. La persona que la tom\u00f3, desconoce que a las elecciones internas llevadas a cabo, nosotros, nuestra l\u00ednea interna, tratamos de evitarla pero la conducci\u00f3n anterior se jug\u00f3 a llevarlas adelante porque cre\u00edan que ganaban.<\/em><\/p>\n<p><strong>-\u00bfYa asumi\u00f3 la nueva conducci\u00f3n del radicalismo exaltacrucense con usted como presidente?<\/strong><br \/>\n&#8211;<em>A\u00fan no hemos podido asumir, pues la conducci\u00f3n anterior no hizo en su gesti\u00f3n al frente del radicalismo local, nada formal. No hay libro de actas, ni libros contables. Y desde ya, ni el Comit\u00e9 dejaron, dado que lo entregaron sin la documentaci\u00f3n que acredite alguno de todos los eventos y actividades desarrolladas.<\/em><\/p>\n<p><strong>-Ante lo sucedido, \u00bfdonde pasar\u00e1 a funcionar el nuevo Comit\u00e9 de la UCR local?<\/strong><br \/>\n<em>-A ver. estamos conversando con los herederos de las familias Aner y L\u00e1zzaro, para encontrar la forma de poder continuar y desarrollar nuestra gesti\u00f3n en el mismo Comit\u00e9. En febrero o marzo vamos a tomar posesi\u00f3n de la conducci\u00f3n del partido, y ojal\u00e1 pueda darse que sea en el Comit\u00e9 tradicional, caso contrario apuntaremos a alquilar otro local.<\/em><\/p>\n<p>&#8211;<strong>\u00bfHa mantenido, o prev\u00e9 tener conversaciones con representantes de Juntos por el Cambio?. A prop\u00f3sito, \u00bfc\u00f3mo percibe el futuro de la alianza Juntos en Exaltaci\u00f3n de la Cruz?, \u00bfhabr\u00e1 buena convivencia?<\/strong><br \/>\n&#8211;<em>En realidad Juntos por el Cambio somos todos, ellos son PRO y nosotros RADICALES <\/em>(enfatiz\u00f3 Gambra).<em> Ahora bien, respecto a conversaciones, al momento no hemos tenido ning\u00fan contacto con la gente del PRO. Es m\u00e1s, ni siquiera recibimos un saludo por los comicios internos llevados a cabo; pero bueno, obviamente nosotros estamos abiertos al di\u00e1logo para trabajar por la unidad y el triunfo de Juntos por el Cambio en las elecciones de este a\u00f1o.<\/em><\/p>\n<p><strong>-Las cr\u00edticas recibidas por su sector en ocasi\u00f3n de las internas, ante la presencia de empleados municipales que lo apoyaron, trabajaron en la campa\u00f1a y estuvieron presentes en el Comit\u00e9 en la misma jornada de las elecciones, fortaleci\u00f3 la sensaci\u00f3n del involucramiento de la gesti\u00f3n municipal en la interna. \u00bfConsidera que le puede ocasionar un costo pol\u00edtico a la UCR que usted ha pasado a presidir tras el triunfo, si bien como ha dicho, todav\u00eda no asumieron?<\/strong><br \/>\n&#8211;<em>Nunca cre\u00ed y sigo pensando igual, que la presencia de afiliados radicales obviamente ligados laboralmente al municipio, pueda significar alg\u00fan problema a futuro. Recordemos que la municipalidad en nuestro distrito, es la mayor fuente de salida laboral hasta el presente, dado que no contamos con empresas instaladas para cubrir la demanda laboral. Los verdaderos queremos un radicalismo fuerte, unido, grande, con principio<\/em>s<em> e ideales que son los que nos han llevado a elegir ser radicales, y a eso apuntamos.<\/em><br \/>\n<em>Por otra parte, me interesa mencionar que la gente que me acompa\u00f1\u00f3 en la campa\u00f1a electoral para las internas, es la misma que acompa\u00f1\u00f3 a ellos (la anterior conducci\u00f3n). Y en esa oportunidad, esa misma gente eran &#8220;s\u00faper&#8221; radicales y ahora resulta que somos radicales K. De hecho considero que cuando no se tiene un proyecto o una idea, s\u00f3lo queda la difamaci\u00f3n y la calumnia<\/em><\/p>\n<p>&nbsp;<\/p>\n","protected":false},"excerpt":{"rendered":"<p>DESPU\u00c9S DE GANAR LAS INTERNAS RADICALES EN 2022, A\u00daN NO ASUMI\u00d3 COMO NUEVO PRESIDENTE DE LA UCR DE EXALTACI\u00d3N DE LA CRUZ.<\/p>\n","protected":false},"author":4,"featured_media":19249,"comment_status":"open","ping_status":"open","sticky":false,"template":"","format":"standard","meta":{"footnotes":"","jetpack_publicize_message":"","jetpack_publicize_feature_enabled":true,"jetpack_social_post_already_shared":false,"jetpack_social_options":{"image_generator_settings":{"template":"highway","default_image_id":0,"font":"","enabled":false},"version":2}},"categories":[17],"tags":[2152,2158,987,363],"class_list":["post-19240","post","type-post","status-publish","format-standard","has-post-thumbnail","hentry","category-politica","tag-2152","tag-gambra","tag-presidente","tag-ucr"],"jetpack_publicize_connections":[],"jetpack_featured_media_url":"https:\/\/revistaepocadigital.com.ar\/wp-content\/uploads\/2023\/01\/GAMBRA-EQUI23.jpg","jetpack_likes_enabled":true,"_links":{"self":[{"href":"https:\/\/revistaepocadigital.com.ar\/index.php?rest_route=\/wp\/v2\/posts\/19240","targetHints":{"allow":["GET"]}}],"collection":[{"href":"https:\/\/revistaepocadigital.com.ar\/index.php?rest_route=\/wp\/v2\/posts"}],"about":[{"href":"https:\/\/revistaepocadigital.com.ar\/index.php?rest_route=\/wp\/v2\/types\/post"}],"author":[{"embeddable":true,"href":"https:\/\/revistaepocadigital.com.ar\/index.php?rest_route=\/wp\/v2\/users\/4"}],"replies":[{"embeddable":true,"href":"https:\/\/revistaepocadigital.com.ar\/index.php?rest_route=%2Fwp%2Fv2%2Fcomments&post=19240"}],"version-history":[{"count":0,"href":"https:\/\/revistaepocadigital.com.ar\/index.php?rest_route=\/wp\/v2\/posts\/19240\/revisions"}],"wp:featuredmedia":[{"embeddable":true,"href":"https:\/\/revistaepocadigital.com.ar\/index.php?rest_route=\/wp\/v2\/media\/19249"}],"wp:attachment":[{"href":"https:\/\/revistaepocadigital.com.ar\/index.php?rest_route=%2Fwp%2Fv2%2Fmedia&parent=19240"}],"wp:term":[{"taxonomy":"category","embeddable":true,"href":"https:\/\/revistaepocadigital.com.ar\/index.php?rest_route=%2Fwp%2Fv2%2Fcategories&post=19240"},{"taxonomy":"post_tag","embeddable":true,"href":"https:\/\/revistaepocadigital.com.ar\/index.php?rest_route=%2Fwp%2Fv2%2Ftags&post=19240"}],"curies":[{"name":"wp","href":"https:\/\/api.w.org\/{rel}","templated":true}]}}