{"id":19253,"date":"2023-01-06T02:11:25","date_gmt":"2023-01-06T05:11:25","guid":{"rendered":"https:\/\/revistaepocadigital.com.ar\/?p=19253"},"modified":"2023-01-06T02:14:03","modified_gmt":"2023-01-06T05:14:03","slug":"reconocieron-a-empleados-municipales-por-su-trayectoria-laboral","status":"publish","type":"post","link":"https:\/\/revistaepocadigital.com.ar\/?p=19253","title":{"rendered":"RECONOCIERON A EMPLEADOS MUNICIPALES POR SU TRAYECTORIA LABORAL"},"content":{"rendered":"<div class=\"x11i5rnm xat24cr x1mh8g0r x1vvkbs xdj266r x126k92a\">\n<div dir=\"auto\"><strong>FUERON ENTREGADOS.<!--more--><\/strong><\/div>\n<div dir=\"auto\"><\/div>\n<div dir=\"auto\">A los empleados municipales que han cumplido 20, 25, 30, 35 y 40 a\u00f1os en la labor dentro del municipio. &#8220;<em>Personas que son parte de la familia municipal y que, desde su puesto de trabajo, contribuyen a un mejor Exaltaci\u00f3n de la Cruz cada d\u00eda&#8221;<\/em>, hicieron saber desde la comuna.<\/div>\n<\/div>\n<div dir=\"auto\"><\/div>\n<div dir=\"auto\"><\/div>\n<div dir=\"auto\"><img loading=\"lazy\" decoding=\"async\" class=\"alignleft size-large wp-image-19256\" src=\"https:\/\/revistaepocadigital.com.ar\/wp-content\/uploads\/2023\/01\/muni-1-empl-1200x800.jpg\" alt=\"\" width=\"696\" height=\"464\" srcset=\"https:\/\/revistaepocadigital.com.ar\/wp-content\/uploads\/2023\/01\/muni-1-empl-1200x800.jpg 1200w, https:\/\/revistaepocadigital.com.ar\/wp-content\/uploads\/2023\/01\/muni-1-empl-300x200.jpg 300w, https:\/\/revistaepocadigital.com.ar\/wp-content\/uploads\/2023\/01\/muni-1-empl-768x512.jpg 768w, https:\/\/revistaepocadigital.com.ar\/wp-content\/uploads\/2023\/01\/muni-1-empl-1536x1024.jpg 1536w, https:\/\/revistaepocadigital.com.ar\/wp-content\/uploads\/2023\/01\/muni-1-empl-696x464.jpg 696w, https:\/\/revistaepocadigital.com.ar\/wp-content\/uploads\/2023\/01\/muni-1-empl-1068x712.jpg 1068w, https:\/\/revistaepocadigital.com.ar\/wp-content\/uploads\/2023\/01\/muni-1-empl-630x420.jpg 630w, https:\/\/revistaepocadigital.com.ar\/wp-content\/uploads\/2023\/01\/muni-1-empl-1260x840.jpg 1260w, https:\/\/revistaepocadigital.com.ar\/wp-content\/uploads\/2023\/01\/muni-1-empl-1920x1280.jpg 1920w, https:\/\/revistaepocadigital.com.ar\/wp-content\/uploads\/2023\/01\/muni-1-empl.jpg 2048w\" sizes=\"auto, (max-width: 696px) 100vw, 696px\" \/><\/div>\n<div class=\"x11i5rnm xat24cr x1mh8g0r x1vvkbs xdj266r x126k92a\">\n<div dir=\"auto\"><\/div>\n<div dir=\"auto\"><\/div>\n<div dir=\"auto\"><\/div>\n<div dir=\"auto\"><\/div>\n<div dir=\"auto\"><\/div>\n<div dir=\"auto\"><\/div>\n<div dir=\"auto\"><\/div>\n<div dir=\"auto\"><\/div>\n<div dir=\"auto\"><\/div>\n<div dir=\"auto\"><\/div>\n<div dir=\"auto\"><\/div>\n<div dir=\"auto\"><\/div>\n<\/div>\n<p><!--more--><\/p>\n<p>&nbsp;<\/p>\n<div class=\"x11i5rnm xat24cr x1mh8g0r x1vvkbs xtlvy1s x126k92a\">\n<div dir=\"auto\">Los homenajeados.<\/div>\n<div dir=\"auto\"><\/div>\n<div dir=\"auto\">Novas, Laura<\/div>\n<div dir=\"auto\">Flores, Guillermo<\/div>\n<div dir=\"auto\">Sancho, Raul<\/div>\n<div dir=\"auto\">San Mart\u00edn, Marta<\/div>\n<div dir=\"auto\">Paolinelli, Marcela<\/div>\n<div dir=\"auto\">Debiaggi, Alicia<\/div>\n<div dir=\"auto\">Monsalvo, Rosa<\/div>\n<div dir=\"auto\">Mamani, Clarisa<\/div>\n<div dir=\"auto\">Serrano, Mar\u00eda de los \u00c1ngeles<\/div>\n<div dir=\"auto\">Rossi, Luc\u00eda<\/div>\n<div dir=\"auto\">Santill\u00e1n, Sandra<\/div>\n<div dir=\"auto\">Gonz\u00e1lez, Andrea<\/div>\n<div dir=\"auto\">Burone, Rosa<\/div>\n<div dir=\"auto\">Gentile, Ana Mar\u00eda<\/div>\n<div dir=\"auto\">Banegas, Gladys<\/div>\n<div dir=\"auto\">Garc\u00eda Ponce de Le\u00f3n, Mar\u00eda Graciana<\/div>\n<div dir=\"auto\">Vel\u00e1zquez, Roberto<\/div>\n<div dir=\"auto\">Martinoli, Mar\u00eda de los \u00c1ngeles<\/div>\n<div dir=\"auto\">Puche, Mar\u00eda Fernanda<\/div>\n<div dir=\"auto\">Atienza, Carlos<\/div>\n<div dir=\"auto\">Cabrera Montesino, Elvis<\/div>\n<div dir=\"auto\">Angio, Daniel<\/div>\n<div dir=\"auto\">Maidana, Aldo<\/div>\n<div dir=\"auto\">Lencina, Rodolfo<\/div>\n<div dir=\"auto\">Mart\u00ednez, Feliciano<\/div>\n<div dir=\"auto\">Guti\u00e9rrez, Maximiliano<\/div>\n<div dir=\"auto\">Garc\u00eda, Antonio<\/div>\n<div dir=\"auto\">Rosales, Gerardo<\/div>\n<div dir=\"auto\">Alga\u00f1araz, Enrique<\/div>\n<div dir=\"auto\">Fern\u00e1ndez, Benita<\/div>\n<div dir=\"auto\">Anriquez, Ra\u00fal<\/div>\n<div dir=\"auto\">Wolhein, Roberto<\/div>\n<div dir=\"auto\">Carmona, Julio<\/div>\n<div dir=\"auto\">Lodeiro, Fernando<\/div>\n<div dir=\"auto\">Gallardo, Lidia<\/div>\n<div dir=\"auto\">Tonini, Cecilia<\/div>\n<div dir=\"auto\">S\u00e1nchez, Juan Carlos<\/div>\n<div dir=\"auto\">Tierno, Liliana<\/div>\n<div dir=\"auto\">Esteinou, Mirta<\/div>\n<\/div>\n<div class=\"x11i5rnm xat24cr x1mh8g0r x1vvkbs xtlvy1s x126k92a\">\n<div dir=\"auto\"><img loading=\"lazy\" decoding=\"async\" class=\"alignleft size-medium wp-image-19255\" src=\"https:\/\/revistaepocadigital.com.ar\/wp-content\/uploads\/2023\/01\/municipales-emp-300x200.jpg\" alt=\"\" width=\"300\" height=\"200\" srcset=\"https:\/\/revistaepocadigital.com.ar\/wp-content\/uploads\/2023\/01\/municipales-emp-300x200.jpg 300w, https:\/\/revistaepocadigital.com.ar\/wp-content\/uploads\/2023\/01\/municipales-emp-768x512.jpg 768w, https:\/\/revistaepocadigital.com.ar\/wp-content\/uploads\/2023\/01\/municipales-emp-696x464.jpg 696w, https:\/\/revistaepocadigital.com.ar\/wp-content\/uploads\/2023\/01\/municipales-emp-630x420.jpg 630w, https:\/\/revistaepocadigital.com.ar\/wp-content\/uploads\/2023\/01\/municipales-emp.jpg 960w\" sizes=\"auto, (max-width: 300px) 100vw, 300px\" \/><\/div>\n<\/div>\n","protected":false},"excerpt":{"rendered":"<p>FUERON ENTREGADOS.<\/p>\n","protected":false},"author":3,"featured_media":19258,"comment_status":"open","ping_status":"open","sticky":false,"template":"","format":"standard","meta":{"footnotes":"","jetpack_publicize_message":"","jetpack_publicize_feature_enabled":true,"jetpack_social_post_already_shared":false,"jetpack_social_options":{"image_generator_settings":{"template":"highway","default_image_id":0,"font":"","enabled":false},"version":2}},"categories":[13,16],"tags":[2159],"class_list":["post-19253","post","type-post","status-publish","format-standard","has-post-thumbnail","hentry","category-interes-general","category-municipales","tag-reconocimiento-empleados-municipales"],"jetpack_publicize_connections":[],"jetpack_featured_media_url":"https:\/\/revistaepocadigital.com.ar\/wp-content\/uploads\/2023\/01\/municipales-emp-1.jpg","jetpack_likes_enabled":true,"_links":{"self":[{"href":"https:\/\/revistaepocadigital.com.ar\/index.php?rest_route=\/wp\/v2\/posts\/19253","targetHints":{"allow":["GET"]}}],"collection":[{"href":"https:\/\/revistaepocadigital.com.ar\/index.php?rest_route=\/wp\/v2\/posts"}],"about":[{"href":"https:\/\/revistaepocadigital.com.ar\/index.php?rest_route=\/wp\/v2\/types\/post"}],"author":[{"embeddable":true,"href":"https:\/\/revistaepocadigital.com.ar\/index.php?rest_route=\/wp\/v2\/users\/3"}],"replies":[{"embeddable":true,"href":"https:\/\/revistaepocadigital.com.ar\/index.php?rest_route=%2Fwp%2Fv2%2Fcomments&post=19253"}],"version-history":[{"count":0,"href":"https:\/\/revistaepocadigital.com.ar\/index.php?rest_route=\/wp\/v2\/posts\/19253\/revisions"}],"wp:featuredmedia":[{"embeddable":true,"href":"https:\/\/revistaepocadigital.com.ar\/index.php?rest_route=\/wp\/v2\/media\/19258"}],"wp:attachment":[{"href":"https:\/\/revistaepocadigital.com.ar\/index.php?rest_route=%2Fwp%2Fv2%2Fmedia&parent=19253"}],"wp:term":[{"taxonomy":"category","embeddable":true,"href":"https:\/\/revistaepocadigital.com.ar\/index.php?rest_route=%2Fwp%2Fv2%2Fcategories&post=19253"},{"taxonomy":"post_tag","embeddable":true,"href":"https:\/\/revistaepocadigital.com.ar\/index.php?rest_route=%2Fwp%2Fv2%2Ftags&post=19253"}],"curies":[{"name":"wp","href":"https:\/\/api.w.org\/{rel}","templated":true}]}}