{"id":1927,"date":"2019-03-18T12:36:19","date_gmt":"2019-03-18T15:36:19","guid":{"rendered":"https:\/\/revistaepocadigital.com.ar\/?p=1927"},"modified":"2019-03-18T12:45:38","modified_gmt":"2019-03-18T15:45:38","slug":"el-fallecimiento-de-juan-manuel-garay","status":"publish","type":"post","link":"https:\/\/revistaepocadigital.com.ar\/?p=1927","title":{"rendered":"El fallecimiento de Juan Manuel Garay"},"content":{"rendered":"<p>El fallecimiento del ingeniero Juan Manuel Garay.<!--more--><\/p>\n<p>Q.E.P.D.<\/p>\n<p>Falleci\u00f3 el 16\/3\/2019 en San Luis<\/p>\n<p>Su esposa Mar\u00eda Ester Amieva Saravia, hijas Mar\u00eda Soledad y Mar\u00eda Luj\u00e1n , hijos politicos Thomas Cavers and Eric Carlson, nietos Eric, Dolores, Juan Cruz y Trinidad, y dem\u00e1s familiares comunican su fallecimiento.<\/p>\n<p>&nbsp;<\/p>\n<p>&#8212;&#8212;&#8212;&#8212;&#8212;&#8212;&#8212;&#8212;-<\/p>\n<p>&nbsp;<\/p>\n<p><strong>El ingeniero Garay<\/strong><\/p>\n<p>Un vecino apreciado de Capilla que se fue<\/p>\n<p>Reconocido, con muchos amigos, apasionado por el campo, provoc\u00f3 pesar el fallecimiento de &#8220;Garay&#8221;, como se lo sol\u00eda llamar con afecto en Capilla del Se\u00f1or.<\/p>\n<p>Vale la emotiva y sentida semblanza de <strong>Mar\u00eda Soledad<\/strong>, una de sus hijas.<\/p>\n<p><em>&#8220;Mi pap\u00e1 amaba el campo y la libertad. Sobre todo la libertad. Fue un hombre que vivi\u00f3 como \u00e9l quiso. Vivi\u00f3 con los valores gauchos de honor, valent\u00eda y libertad. Apasionado de los caballos, la m\u00fasica folkl\u00f3rica, la pampa argentina, los asados y el buen vino. Estaba orgulloso de su ascendencia vasca, de la estancia familiar donde pasaba los veranos cuando era chico, de su trabajo como ingeniero agr\u00f3nomo, de su familia y de sus nietos. En su mundo la palabra val\u00eda m\u00e1s que una firma, un apret\u00f3n de manos era un contrato.<\/em><\/p>\n<p><em> No encuentro una mejor manera que despedirlo que con una frase de Don Segundo Sombra: \u201cuna luz fresca chorreaba de oro el campo, tras de todo se ve\u00eda mi libertad, mi fuerza\u201d. Me imagino que pap\u00e1 ya est\u00e1 de vuelta en los montes de eucaliptos de El Chaj\u00e1<\/em>&#8220;.<\/p>\n","protected":false},"excerpt":{"rendered":"<p>El fallecimiento del ingeniero Juan Manuel Garay.<\/p>\n","protected":false},"author":3,"featured_media":1929,"comment_status":"open","ping_status":"open","sticky":false,"template":"","format":"standard","meta":{"footnotes":"","jetpack_publicize_message":"","jetpack_publicize_feature_enabled":true,"jetpack_social_post_already_shared":false,"jetpack_social_options":{"image_generator_settings":{"template":"highway","default_image_id":0,"font":"","enabled":false},"version":2}},"categories":[14],"tags":[257],"class_list":["post-1927","post","type-post","status-publish","format-standard","has-post-thumbnail","hentry","category-la-gente","tag-garay"],"jetpack_publicize_connections":[],"jetpack_featured_media_url":"https:\/\/revistaepocadigital.com.ar\/wp-content\/uploads\/2019\/03\/euca.jpg","jetpack_likes_enabled":true,"_links":{"self":[{"href":"https:\/\/revistaepocadigital.com.ar\/index.php?rest_route=\/wp\/v2\/posts\/1927","targetHints":{"allow":["GET"]}}],"collection":[{"href":"https:\/\/revistaepocadigital.com.ar\/index.php?rest_route=\/wp\/v2\/posts"}],"about":[{"href":"https:\/\/revistaepocadigital.com.ar\/index.php?rest_route=\/wp\/v2\/types\/post"}],"author":[{"embeddable":true,"href":"https:\/\/revistaepocadigital.com.ar\/index.php?rest_route=\/wp\/v2\/users\/3"}],"replies":[{"embeddable":true,"href":"https:\/\/revistaepocadigital.com.ar\/index.php?rest_route=%2Fwp%2Fv2%2Fcomments&post=1927"}],"version-history":[{"count":0,"href":"https:\/\/revistaepocadigital.com.ar\/index.php?rest_route=\/wp\/v2\/posts\/1927\/revisions"}],"wp:featuredmedia":[{"embeddable":true,"href":"https:\/\/revistaepocadigital.com.ar\/index.php?rest_route=\/wp\/v2\/media\/1929"}],"wp:attachment":[{"href":"https:\/\/revistaepocadigital.com.ar\/index.php?rest_route=%2Fwp%2Fv2%2Fmedia&parent=1927"}],"wp:term":[{"taxonomy":"category","embeddable":true,"href":"https:\/\/revistaepocadigital.com.ar\/index.php?rest_route=%2Fwp%2Fv2%2Fcategories&post=1927"},{"taxonomy":"post_tag","embeddable":true,"href":"https:\/\/revistaepocadigital.com.ar\/index.php?rest_route=%2Fwp%2Fv2%2Ftags&post=1927"}],"curies":[{"name":"wp","href":"https:\/\/api.w.org\/{rel}","templated":true}]}}