{"id":19271,"date":"2023-01-09T19:03:09","date_gmt":"2023-01-09T22:03:09","guid":{"rendered":"https:\/\/revistaepocadigital.com.ar\/?p=19271"},"modified":"2023-01-17T01:00:18","modified_gmt":"2023-01-17T04:00:18","slug":"este-verano-movete","status":"publish","type":"post","link":"https:\/\/revistaepocadigital.com.ar\/?p=19271","title":{"rendered":"ESTE VERANO, \u00a1MOVETE! EN CAPILLA, SAKURA, ROBLES Y CARDALES"},"content":{"rendered":"<div class=\"\" dir=\"auto\">\n<div id=\"jsc_c_5\" class=\"x1iorvi4 x1pi30zi x1l90r2v x1swvt13\" data-ad-comet-preview=\"message\" data-ad-preview=\"message\">\n<div class=\"x78zum5 xdt5ytf xz62fqu x16ldp7u\">\n<div class=\"xu06os2 x1ok221b\">\n<div class=\"x11i5rnm xat24cr x1mh8g0r x1vvkbs xdj266r x126k92a\">\n<div dir=\"auto\"><strong>LOS PARTICIPANTES DEL PROGRAMA MOVETE.<\/strong><\/div>\n<div dir=\"auto\"><strong><!--more--><\/strong><\/div>\n<div dir=\"auto\"><strong>EL 27 DE ENERO LA PR\u00d3XIMA VISITA, ANOTATE!<\/strong><\/div>\n<div dir=\"auto\"><\/div>\n<div dir=\"auto\">Desde el 13 de enero, y cada 15 d\u00edas, los participantes del programa Movete Exaltaci\u00f3n de Capilla, Cardales, Robles y Barrio Sakura tienen la posibilidad de pasar el d\u00eda en el predio de FATICA.<\/div>\n<\/div>\n<div class=\"x11i5rnm xat24cr x1mh8g0r x1vvkbs xtlvy1s x126k92a\">\n<div dir=\"auto\">Hay actividades f\u00edsicas saludables, bailes, charlas de nutrici\u00f3n, caminatas, juegos recreativos, juegos de mesa, gimnasia acu\u00e1tica y mucho m\u00e1s, seg\u00fan inform\u00f3 el municipio.<\/div>\n<\/div>\n<\/div>\n<\/div>\n<\/div>\n<\/div>\n<div dir=\"auto\"><\/div>\n<div dir=\"auto\"><img loading=\"lazy\" decoding=\"async\" class=\"aligncenter size-full wp-image-19272\" src=\"https:\/\/revistaepocadigital.com.ar\/wp-content\/uploads\/2023\/01\/movete.jpg\" alt=\"\" width=\"552\" height=\"440\" srcset=\"https:\/\/revistaepocadigital.com.ar\/wp-content\/uploads\/2023\/01\/movete.jpg 552w, https:\/\/revistaepocadigital.com.ar\/wp-content\/uploads\/2023\/01\/movete-300x239.jpg 300w, https:\/\/revistaepocadigital.com.ar\/wp-content\/uploads\/2023\/01\/movete-527x420.jpg 527w\" sizes=\"auto, (max-width: 552px) 100vw, 552px\" \/><\/div>\n<div dir=\"auto\">El programa se lleva adelante para favorecer encuentros entre pares, donde se realizan actividades para compartir, disfrutar, cuidar el cuerpo y lograr un bienestar general tanto desde lo f\u00edsico, lo ps\u00edquico, lo social y lo emocional.<\/div>\n<div class=\"\" dir=\"auto\">\n<div id=\"jsc_c_5\" class=\"x1iorvi4 x1pi30zi x1l90r2v x1swvt13\" data-ad-comet-preview=\"message\" data-ad-preview=\"message\">\n<div class=\"x78zum5 xdt5ytf xz62fqu x16ldp7u\">\n<div class=\"xu06os2 x1ok221b\">\n<div class=\"x11i5rnm xat24cr x1mh8g0r x1vvkbs xtlvy1s x126k92a\">\n<div dir=\"auto\">&#8220;\u00a1Sumate y anotate para participar vos tambi\u00e9n al MOVETE que tengas m\u00e1s cerca de tu casa, y disfrut\u00e1 este verano de la pileta de FATICA y de todas las actividades!&#8221;, remarcaron desde la comuna.<\/div>\n<div dir=\"auto\"><\/div>\n<\/div>\n<div class=\"x11i5rnm xat24cr x1mh8g0r x1vvkbs xtlvy1s x126k92a\">\n<div dir=\"auto\">El traslado. La gente interesada en participar, va a contar con traslados y regresos desde FATICA, en combis dispuestas por el municipio. Las salidas a las 10 horas y el regreso fijado para las 16 horas.<\/div>\n<div dir=\"auto\"><\/div>\n<\/div>\n<div class=\"x11i5rnm xat24cr x1mh8g0r x1vvkbs xtlvy1s x126k92a\">\n<div dir=\"auto\"><strong>D\u00edas, horarios y lugares para &#8220;moverse&#8221;<\/strong><span class=\"x3nfvp2 x1j61x8r x1fcty0u xdj266r xhhsvwb xat24cr xgzva0m xxymvpz xlup9mm x1kky2od\"><img loading=\"lazy\" decoding=\"async\" src=\"https:\/\/static.xx.fbcdn.net\/images\/emoji.php\/v9\/td\/1\/16\/1f447_1f3fe.png\" alt=\"\ud83d\udc47\ud83c\udffe\" width=\"16\" height=\"16\" \/><\/span><\/div>\n<div dir=\"auto\">Capilla del Se\u00f1or: Sociedad Espa\u00f1ola &#8211; martes y jueves de 9,30 a 10,30 hs. (horario de verano)<\/div>\n<div dir=\"auto\"><span class=\"x3nfvp2 x1j61x8r x1fcty0u xdj266r xhhsvwb xat24cr xgzva0m xxymvpz xlup9mm x1kky2od\"><img loading=\"lazy\" decoding=\"async\" src=\"https:\/\/static.xx.fbcdn.net\/images\/emoji.php\/v9\/t4c\/1\/16\/25aa.png\" alt=\"\u25aa\ufe0f\" width=\"16\" height=\"16\" \/><\/span>Parque Sakura : Polideportivo &#8211; mi\u00e9rcoles y viernes de 18 a 19 hs.<\/div>\n<div dir=\"auto\"><span class=\"x3nfvp2 x1j61x8r x1fcty0u xdj266r xhhsvwb xat24cr xgzva0m xxymvpz xlup9mm x1kky2od\"><img loading=\"lazy\" decoding=\"async\" src=\"https:\/\/static.xx.fbcdn.net\/images\/emoji.php\/v9\/t4c\/1\/16\/25aa.png\" alt=\"\u25aa\ufe0f\" width=\"16\" height=\"16\" \/><\/span>Los Cardales: Club Progresista &#8211; viernes de 9,30 a 10,30 hs.<\/div>\n<div dir=\"auto\"><span class=\"x3nfvp2 x1j61x8r x1fcty0u xdj266r xhhsvwb xat24cr xgzva0m xxymvpz xlup9mm x1kky2od\"><img loading=\"lazy\" decoding=\"async\" src=\"https:\/\/static.xx.fbcdn.net\/images\/emoji.php\/v9\/t4c\/1\/16\/25aa.png\" alt=\"\u25aa\ufe0f\" width=\"16\" height=\"16\" \/><\/span>Parada Robles: Centro Cultural &#8211; mi\u00e9rcoles 9 hs.<\/div>\n<\/div>\n<\/div>\n<\/div>\n<\/div>\n<\/div>\n<p>&nbsp;<\/p>\n","protected":false},"excerpt":{"rendered":"<p>LOS PARTICIPANTES DEL PROGRAMA MOVETE.<\/p>\n","protected":false},"author":3,"featured_media":19408,"comment_status":"open","ping_status":"open","sticky":false,"template":"","format":"standard","meta":{"footnotes":"","jetpack_publicize_message":"","jetpack_publicize_feature_enabled":true,"jetpack_social_post_already_shared":false,"jetpack_social_options":{"image_generator_settings":{"template":"highway","default_image_id":0,"font":"","enabled":false},"version":2}},"categories":[5],"tags":[2160,2161],"class_list":["post-19271","post","type-post","status-publish","format-standard","has-post-thumbnail","hentry","category-aqui-parada-robles","tag-programa-movete","tag-verano-2023"],"jetpack_publicize_connections":[],"jetpack_featured_media_url":"https:\/\/revistaepocadigital.com.ar\/wp-content\/uploads\/2023\/01\/movete-2.jpg","jetpack_likes_enabled":true,"_links":{"self":[{"href":"https:\/\/revistaepocadigital.com.ar\/index.php?rest_route=\/wp\/v2\/posts\/19271","targetHints":{"allow":["GET"]}}],"collection":[{"href":"https:\/\/revistaepocadigital.com.ar\/index.php?rest_route=\/wp\/v2\/posts"}],"about":[{"href":"https:\/\/revistaepocadigital.com.ar\/index.php?rest_route=\/wp\/v2\/types\/post"}],"author":[{"embeddable":true,"href":"https:\/\/revistaepocadigital.com.ar\/index.php?rest_route=\/wp\/v2\/users\/3"}],"replies":[{"embeddable":true,"href":"https:\/\/revistaepocadigital.com.ar\/index.php?rest_route=%2Fwp%2Fv2%2Fcomments&post=19271"}],"version-history":[{"count":0,"href":"https:\/\/revistaepocadigital.com.ar\/index.php?rest_route=\/wp\/v2\/posts\/19271\/revisions"}],"wp:featuredmedia":[{"embeddable":true,"href":"https:\/\/revistaepocadigital.com.ar\/index.php?rest_route=\/wp\/v2\/media\/19408"}],"wp:attachment":[{"href":"https:\/\/revistaepocadigital.com.ar\/index.php?rest_route=%2Fwp%2Fv2%2Fmedia&parent=19271"}],"wp:term":[{"taxonomy":"category","embeddable":true,"href":"https:\/\/revistaepocadigital.com.ar\/index.php?rest_route=%2Fwp%2Fv2%2Fcategories&post=19271"},{"taxonomy":"post_tag","embeddable":true,"href":"https:\/\/revistaepocadigital.com.ar\/index.php?rest_route=%2Fwp%2Fv2%2Ftags&post=19271"}],"curies":[{"name":"wp","href":"https:\/\/api.w.org\/{rel}","templated":true}]}}