{"id":19279,"date":"2023-01-08T22:14:41","date_gmt":"2023-01-09T01:14:41","guid":{"rendered":"https:\/\/revistaepocadigital.com.ar\/?p=19279"},"modified":"2023-01-08T22:14:41","modified_gmt":"2023-01-09T01:14:41","slug":"nanni-ante-el-ano-electoral-confirma-que-va-por-la-reeleccion-como-intendente","status":"publish","type":"post","link":"https:\/\/revistaepocadigital.com.ar\/?p=19279","title":{"rendered":"NANNI ANTE EL A\u00d1O ELECTORAL. CONFIRMA QUE VA POR LA REELECCI\u00d3N COMO INTENDENTE"},"content":{"rendered":"<div dir=\"ltr\"><strong>2023 EN MARCHA Y CON MOVIMIENTOS POL\u00cdTICOS FUERTES DE MOVIDA. LA CONFIRMACI\u00d3N DE SU CANDIDATURA A INTENDENTE, Y LA INAUGURACI\u00d3N DEL HOSPITAL MODULAR EN CARDALES QUE VA A FUNCIONAR DESDE MARZO PR\u00d3XIMO.<\/strong><\/div>\n<p><!--more--><\/p>\n<div dir=\"ltr\">Transcurre el caluroso verano de 2023, a\u00f1o que ha llegado con un alto perfil y cuestiones muy serias y de fondo por dilucidarse y resolverse en la Argentina inflacionada.<\/div>\n<div dir=\"ltr\"><\/div>\n<div dir=\"ltr\">2023 un a\u00f1o electoral con in\u00e9ditas y muy conversadas perspectivas en el pa\u00eds, inmerso en una crisis general extendida que no cesa y provoc\u00f3 tremendas consecuencias en el tejido social de los argentinos.<\/div>\n<div dir=\"ltr\"><\/div>\n<div dir=\"ltr\">Exaltaci\u00f3n de la Cruz desde ya, se encuentra inmersa en el contexto actual. EPOCA se focaliz\u00f3 en dos temas centrales en el distrito al conversar con el intendente<strong> Diego Nanni.<\/strong><\/div>\n<div dir=\"ltr\"><\/div>\n<div dir=\"ltr\">\n<figure id=\"attachment_19285\" aria-describedby=\"caption-attachment-19285\" style=\"width: 792px\" class=\"wp-caption aligncenter\"><img loading=\"lazy\" decoding=\"async\" class=\"size-full wp-image-19285\" src=\"https:\/\/revistaepocadigital.com.ar\/wp-content\/uploads\/2023\/01\/NANNI-23-1.jpg\" alt=\"\" width=\"792\" height=\"604\" srcset=\"https:\/\/revistaepocadigital.com.ar\/wp-content\/uploads\/2023\/01\/NANNI-23-1.jpg 792w, https:\/\/revistaepocadigital.com.ar\/wp-content\/uploads\/2023\/01\/NANNI-23-1-300x229.jpg 300w, https:\/\/revistaepocadigital.com.ar\/wp-content\/uploads\/2023\/01\/NANNI-23-1-768x586.jpg 768w, https:\/\/revistaepocadigital.com.ar\/wp-content\/uploads\/2023\/01\/NANNI-23-1-80x60.jpg 80w, https:\/\/revistaepocadigital.com.ar\/wp-content\/uploads\/2023\/01\/NANNI-23-1-696x531.jpg 696w, https:\/\/revistaepocadigital.com.ar\/wp-content\/uploads\/2023\/01\/NANNI-23-1-551x420.jpg 551w\" sizes=\"auto, (max-width: 792px) 100vw, 792px\" \/><figcaption id=\"caption-attachment-19285\" class=\"wp-caption-text\">Nanni hace poco en la entrega de subsidios, cr\u00e9ditos e insumos a productores locales afectados por el grave temporala en diciembre pasado. Luego de la preinscripci\u00f3n, productores locales los recibieron insumos as\u00ed como materiales para la refacci\u00f3n de sus unidades agr\u00edcolas para continuar con la producci\u00f3n. Adem\u00e1s, accedieron al registro nacional de agricultura familiar, al programa Agropyme, al monotributo social. El operativo fue realizado por la secretar\u00eda de Agricultura, Ganader\u00eda y Pesca de la Naci\u00f3n, ministerio de Desarrollo Social de la Naci\u00f3n, ministerio de Desarrollo Agrario de la Provincia y la direcci\u00f3n de Producci\u00f3n municipal.<\/figcaption><\/figure>\n<\/div>\n<div dir=\"ltr\"><\/div>\n<div dir=\"ltr\"><em>&#8220;Espero para este 2023, en principio, que tengamos un panorama m\u00e1s claro de c\u00f3mo han de avanzar las medidas que tienen como fin acomodar la econom\u00eda del pa\u00eds. Sobre todo porque me preocupa much\u00edsimo la econom\u00eda dom\u00e9stica de los argentinos, y de los exaltacrucenses en particular. Claramente no podemos seguir tomando livianamente como se ha pulverizado el poder adquisitivo de los trabajadores, asalariados, jubilados, entre otros. Como as\u00ed tambi\u00e9n NO <\/em>(remarc\u00f3)<em> hay una relaci\u00f3n en como aumenta todo lo esencial en la vida de cualquiera de nosotros, y como tenemos que hacer para poder aunque sea sostener lo m\u00ednimo y prioritario en cada familia, hogar, persona, vecino&#8221;,<\/em> afirm\u00f3 Nanni.<\/div>\n<div dir=\"ltr\"><\/div>\n<div dir=\"ltr\"><em>&#8220;En principio<\/em> -sigui\u00f3 diciendo-, <em>si esto NO da al menos una esperanza, y una se\u00f1al concreta de que la cosa est\u00e1 en v\u00edas de resolverse, es muy dif\u00edcil planificar pol\u00edtica p\u00fablica, propuestas y menos a\u00fan una campa\u00f1a electoral&#8221;.<\/em><\/div>\n<div dir=\"ltr\"><\/div>\n<div dir=\"ltr\">-\u00bfUn a\u00f1o bisagra?<\/div>\n<div dir=\"ltr\"><em>-Conf\u00edo en que este a\u00f1o va a ser el a\u00f1o bisagra en esta cuesti\u00f3n,y as\u00ed podremos con claridad planificar una propuesta que tome lo prioritario y lo planificado, seg\u00fan el trabajo que venimos haciendo desde la gesti\u00f3n municipal.<\/em><\/div>\n<div dir=\"ltr\"><\/div>\n<div dir=\"ltr\">-\u00bfY su visi\u00f3n personal?<\/div>\n<div dir=\"ltr\"><em>-En lo personal creo qu\u00e9 hay mucha gesti\u00f3n en marcha, y quisiera poder concluir este primer periodo culminando lo iniciado a\u00fan en un escenario muy desafiante. <strong>Espero la confianza de nuestra gente que me permita desempe\u00f1arme\u00a0 como intendente de Exaltaci\u00f3n de la Cruz un periodo m\u00e1s a partir del a\u00f1o 2024,<\/strong> y que a partir del mismo poder contar con el tiempo para dedicarle a muchas cosas que nos quedaron en el tintero por los a\u00f1os que padecimos la pandemia, seguido adem\u00e1s por un escenario econ\u00f3mico sinuoso.<\/em><\/div>\n<div dir=\"ltr\"><\/div>\n<div dir=\"ltr\">-Los tiempos que se avecinan en el pa\u00eds, seg\u00fan indicadores y an\u00e1lisis efectuados, asoman con complicaciones que van a continuar.<\/div>\n<div dir=\"ltr\"><em>-Veamos, yo veo con mucho entusiasmo lo que venimos haciendo en Exaltaci\u00f3n de la Cruz; hemos conseguido incluir al distrito en <strong>la agenda Provincial y Nacional en distintas materias y \u00e1reas,<\/strong> como por ejemplo el progreso del corredor industrial, productivo, que genera mucho trabajo, y requiere de formar a nuestra gente para aprovechar la propuesta que ya estamos notando.<\/em><\/div>\n<div dir=\"ltr\"><\/div>\n<div dir=\"ltr\">-Definitivamente, Nanni va por la reelecci\u00f3n como intendente.<\/div>\n<div dir=\"ltr\"><strong><em>-Mi cabeza est\u00e1 puesta en Exaltaci\u00f3n de la Cruz, en encabezar un periodo m\u00e1s de gobierno al frente del municipio,<\/em><\/strong><em> e ir formando cuadros que sigan con responsabilidad el progreso de nuestro pueblo a partir de los a\u00f1os que van a continuar.<\/em><\/div>\n<div dir=\"ltr\"><\/div>\n<div dir=\"ltr\"><strong>EL HOSPITAL DE CARDALES QUE SE INAUGURA.<\/strong><\/div>\n<div dir=\"ltr\"><\/div>\n<div dir=\"ltr\">Acerca de otro de los aspectos centrales en 2023, el Hospital Modular de Los Cardales a inaugurarse este mi\u00e9rcoles 11 de enero con la presencia del sostuvo <strong>Nanni:<\/strong> <em>&#8220;Ten\u00eda fecha de inauguraci\u00f3n en diciembre de 2022, podr\u00edamos haber inaugurado sin algunos servicios que se van a prestar all\u00ed, y lo estamos inaugurando ahora con la visita del presidente de la Naci\u00f3n&#8221;.<\/em><\/div>\n<div dir=\"ltr\"><\/div>\n<div dir=\"ltr\">Las demoras en importaciones de algunos equipos, certificaciones entre el Estado y la Organizaci\u00f3n de las Naciones Unidas (ONU), y otras gestiones administrativa llevaron a posponer el original calendario. Se sabe que la infraestructura del Hospital cardalense est\u00e1 finalizada, <em>&#8220;si bien<\/em> -apunt\u00f3 el jefe comunal- l<em>e sumaremos<strong> tres m\u00f3dulos a lo constru\u00eddo, destinados a la cocina, lavander\u00eda y una habitaci\u00f3n<\/strong> m\u00e1s c\u00f3moda para ambulancieros, optimiz\u00e1nadose as\u00ed much\u00edsimo los espacios del edificio actual&#8221;.<\/em><\/div>\n<div dir=\"ltr\"><\/div>\n<div dir=\"ltr\">A su vez, ampli\u00f3 Nanni, <em>&#8220;hemos incorporado un <strong>consultorio de odontolog\u00eda<\/strong> que no estaba en el proyecto original, compramos un sill\u00f3n y equipamiento muy actualizado y esperamos tener un <strong>laboratorio<\/strong> bien equipado. Entonces, con los tr\u00e1mites de certificaciones de equipos y recepci\u00f3n de los mismos y otras cuestiones relacionadas con el servicio de salud que no pueden ser frenados en el lapso del traspaso del edificio, <strong>tenemos planeado dar inicio a la operaci\u00f3n del Hospital Modular en marzo pr\u00f3ximo<\/strong><\/em><strong><em>&#8220;.<\/em><\/strong><\/div>\n<div dir=\"ltr\"><\/div>\n<div dir=\"ltr\">Hizo hincapi\u00e9 el intendente cuando finaliz\u00f3 la entrevista con EPOCA respecto al hospital cardalense, <em>&#8220;me interesa que los vecinos tengan en claro que llevamos a cabo la inauguraci\u00f3n, <strong>pero a\u00fan NO se prestar\u00e1n la totalidad de los servicios<\/strong>, y de hecho a partir de la inauguraci\u00f3n iremos mudando determinadas prestaciones, mientras tanto ser\u00e1 recibido el resto del equipamiento&#8221;.<\/em><\/div>\n<div dir=\"ltr\"><\/div>\n<div dir=\"ltr\"><\/div>\n<div dir=\"ltr\"><\/div>\n","protected":false},"excerpt":{"rendered":"<p>2023 EN MARCHA Y CON MOVIMIENTOS POL\u00cdTICOS FUERTES DE MOVIDA. LA CONFIRMACI\u00d3N DE SU CANDIDATURA A INTENDENTE, Y LA INAUGURACI\u00d3N DEL HOSPITAL MODULAR EN CARDALES QUE VA A FUNCIONAR DESDE MARZO PR\u00d3XIMO.<\/p>\n","protected":false},"author":4,"featured_media":19284,"comment_status":"open","ping_status":"open","sticky":false,"template":"","format":"standard","meta":{"footnotes":"","jetpack_publicize_message":"","jetpack_publicize_feature_enabled":true,"jetpack_social_post_already_shared":false,"jetpack_social_options":{"image_generator_settings":{"template":"highway","default_image_id":0,"font":"","enabled":false},"version":2}},"categories":[17],"tags":[2152,2162,2163,66],"class_list":["post-19279","post","type-post","status-publish","format-standard","has-post-thumbnail","hentry","category-politica","tag-2152","tag-candidato-2023","tag-hospital-cardales-inauguracion","tag-nanni"],"jetpack_publicize_connections":[],"jetpack_featured_media_url":"https:\/\/revistaepocadigital.com.ar\/wp-content\/uploads\/2023\/01\/NANNI-23-2.jpg","jetpack_likes_enabled":true,"_links":{"self":[{"href":"https:\/\/revistaepocadigital.com.ar\/index.php?rest_route=\/wp\/v2\/posts\/19279","targetHints":{"allow":["GET"]}}],"collection":[{"href":"https:\/\/revistaepocadigital.com.ar\/index.php?rest_route=\/wp\/v2\/posts"}],"about":[{"href":"https:\/\/revistaepocadigital.com.ar\/index.php?rest_route=\/wp\/v2\/types\/post"}],"author":[{"embeddable":true,"href":"https:\/\/revistaepocadigital.com.ar\/index.php?rest_route=\/wp\/v2\/users\/4"}],"replies":[{"embeddable":true,"href":"https:\/\/revistaepocadigital.com.ar\/index.php?rest_route=%2Fwp%2Fv2%2Fcomments&post=19279"}],"version-history":[{"count":0,"href":"https:\/\/revistaepocadigital.com.ar\/index.php?rest_route=\/wp\/v2\/posts\/19279\/revisions"}],"wp:featuredmedia":[{"embeddable":true,"href":"https:\/\/revistaepocadigital.com.ar\/index.php?rest_route=\/wp\/v2\/media\/19284"}],"wp:attachment":[{"href":"https:\/\/revistaepocadigital.com.ar\/index.php?rest_route=%2Fwp%2Fv2%2Fmedia&parent=19279"}],"wp:term":[{"taxonomy":"category","embeddable":true,"href":"https:\/\/revistaepocadigital.com.ar\/index.php?rest_route=%2Fwp%2Fv2%2Fcategories&post=19279"},{"taxonomy":"post_tag","embeddable":true,"href":"https:\/\/revistaepocadigital.com.ar\/index.php?rest_route=%2Fwp%2Fv2%2Ftags&post=19279"}],"curies":[{"name":"wp","href":"https:\/\/api.w.org\/{rel}","templated":true}]}}