{"id":193,"date":"2018-10-24T22:36:13","date_gmt":"2018-10-24T22:36:13","guid":{"rendered":"https:\/\/revistaepocadigital.com.ar\/?p=193"},"modified":"2018-10-24T22:36:13","modified_gmt":"2018-10-24T22:36:13","slug":"justicia-por-valentin","status":"publish","type":"post","link":"https:\/\/revistaepocadigital.com.ar\/?p=193","title":{"rendered":"Justicia por Valent\u00edn"},"content":{"rendered":"<p><strong>NO FUE S\u00d3LO UN ROBO.<\/strong><!--more--><\/p>\n<p>Lo mataron cuando caminaba por una calle de Yerba Buena. Pobre madre, padre, hermanos y familia, y antes que nada \u00a1Justicia por Valent\u00edn! Hago eco de sus palabras, de la s\u00faplica de una madre y el polic\u00eda la abrazaba y le dec\u00eda cosas al o\u00eddo a modo de convencerla, pero no, no habr\u00e1 consuelo.<\/p>\n<p>Valent\u00edn, un ni\u00f1o de 15 a\u00f1os, fue asesinado en una calle de Yerba Buena en pleno d\u00eda, y \u00bfd\u00f3nde est\u00e1n quienes deben cuidarnos? Todos son responsables, el polic\u00eda que sabe qui\u00e9nes son, la justicia que los deja salir, la hermana que acompa\u00f1\u00f3 al asesino, los que venden drogas, el Gobernador que no hace nada.<\/p>\n<p>Sepan se\u00f1ores que en Yerba Buena les decimos \u00a1basta!, si sos polic\u00eda, juez, y no hac\u00e9s nada, \u00a1renunci\u00e1 ya!, y dej\u00e1 el lugar a quienes pueden hacer bien su trabajo. Se\u00f1ores, sepan que nos est\u00e1n matando y ustedes, disfrutando; y no me digan que no saben qui\u00e9nes son o d\u00f3nde venden la droga. \u00a1Justicia ya!, porque est\u00e1n matando a nuestros hijos.<\/p>\n<p>Mar\u00eda Ofelia Sal<\/p>\n","protected":false},"excerpt":{"rendered":"<p>NO FUE S\u00d3LO UN ROBO.<\/p>\n","protected":false},"author":3,"featured_media":194,"comment_status":"open","ping_status":"open","sticky":false,"template":"","format":"standard","meta":{"footnotes":"","jetpack_publicize_message":"","jetpack_publicize_feature_enabled":true,"jetpack_social_post_already_shared":false,"jetpack_social_options":{"image_generator_settings":{"template":"highway","default_image_id":0,"font":"","enabled":false},"version":2}},"categories":[8],"tags":[31],"class_list":["post-193","post","type-post","status-publish","format-standard","has-post-thumbnail","hentry","category-correo-de-lectores","tag-correo-lectores"],"jetpack_publicize_connections":[],"jetpack_featured_media_url":"https:\/\/revistaepocadigital.com.ar\/wp-content\/uploads\/2018\/10\/crimen-en-yerba-buena-valentin-villegas-victima-787323-110219-1.jpg","jetpack_likes_enabled":true,"_links":{"self":[{"href":"https:\/\/revistaepocadigital.com.ar\/index.php?rest_route=\/wp\/v2\/posts\/193","targetHints":{"allow":["GET"]}}],"collection":[{"href":"https:\/\/revistaepocadigital.com.ar\/index.php?rest_route=\/wp\/v2\/posts"}],"about":[{"href":"https:\/\/revistaepocadigital.com.ar\/index.php?rest_route=\/wp\/v2\/types\/post"}],"author":[{"embeddable":true,"href":"https:\/\/revistaepocadigital.com.ar\/index.php?rest_route=\/wp\/v2\/users\/3"}],"replies":[{"embeddable":true,"href":"https:\/\/revistaepocadigital.com.ar\/index.php?rest_route=%2Fwp%2Fv2%2Fcomments&post=193"}],"version-history":[{"count":0,"href":"https:\/\/revistaepocadigital.com.ar\/index.php?rest_route=\/wp\/v2\/posts\/193\/revisions"}],"wp:featuredmedia":[{"embeddable":true,"href":"https:\/\/revistaepocadigital.com.ar\/index.php?rest_route=\/wp\/v2\/media\/194"}],"wp:attachment":[{"href":"https:\/\/revistaepocadigital.com.ar\/index.php?rest_route=%2Fwp%2Fv2%2Fmedia&parent=193"}],"wp:term":[{"taxonomy":"category","embeddable":true,"href":"https:\/\/revistaepocadigital.com.ar\/index.php?rest_route=%2Fwp%2Fv2%2Fcategories&post=193"},{"taxonomy":"post_tag","embeddable":true,"href":"https:\/\/revistaepocadigital.com.ar\/index.php?rest_route=%2Fwp%2Fv2%2Ftags&post=193"}],"curies":[{"name":"wp","href":"https:\/\/api.w.org\/{rel}","templated":true}]}}