{"id":19305,"date":"2023-01-12T11:00:30","date_gmt":"2023-01-12T14:00:30","guid":{"rendered":"https:\/\/revistaepocadigital.com.ar\/?p=19305"},"modified":"2023-01-12T18:47:56","modified_gmt":"2023-01-12T21:47:56","slug":"el-impacto-por-la-inauguracion-del-hospital-de-cardales","status":"publish","type":"post","link":"https:\/\/revistaepocadigital.com.ar\/?p=19305","title":{"rendered":"EL ALTO IMPACTO POR LA INAUGURACI\u00d3N DEL HOSPITAL DE CARDALES"},"content":{"rendered":"<div class=\"x11i5rnm xat24cr x1mh8g0r x1vvkbs xdj266r x126k92a\">\n<div dir=\"auto\"><strong>CON LA PRESENCIA DE UN PRESIDENTE A EXALTACI\u00d3N DE LA CRUZ POR SEGUNDA VEZ EN LA HISTORIA DEL DISTRITO.<\/strong><\/div>\n<div dir=\"auto\"><\/div>\n<div dir=\"auto\">El presidente de la Naci\u00f3n, Alberto Fern\u00e1ndez, encabez\u00f3 el acto de inauguaci\u00f3n del Hospital Modular de Cardales, convirti\u00e9ndose en el segundo jefe de estado en visitar el distrito en forma oficial (Ra\u00fal Alfons\u00edn lo hizo en 1985): tambi\u00e9n Mauricio Macri en dos ocasiones pero no en forma oficial cuando se constru\u00eda la autov\u00eda 8.<\/div>\n<\/div>\n<div dir=\"auto\"><\/div>\n<div class=\"x11i5rnm xat24cr x1mh8g0r x1vvkbs xdj266r x126k92a\">\n<div dir=\"auto\"><img loading=\"lazy\" decoding=\"async\" class=\"aligncenter size-large wp-image-19329\" src=\"https:\/\/revistaepocadigital.com.ar\/wp-content\/uploads\/2023\/01\/fernan-nanni-1200x835.jpg\" alt=\"\" width=\"696\" height=\"484\" srcset=\"https:\/\/revistaepocadigital.com.ar\/wp-content\/uploads\/2023\/01\/fernan-nanni-1200x835.jpg 1200w, https:\/\/revistaepocadigital.com.ar\/wp-content\/uploads\/2023\/01\/fernan-nanni-300x209.jpg 300w, https:\/\/revistaepocadigital.com.ar\/wp-content\/uploads\/2023\/01\/fernan-nanni-768x535.jpg 768w, https:\/\/revistaepocadigital.com.ar\/wp-content\/uploads\/2023\/01\/fernan-nanni-100x70.jpg 100w, https:\/\/revistaepocadigital.com.ar\/wp-content\/uploads\/2023\/01\/fernan-nanni-200x140.jpg 200w, https:\/\/revistaepocadigital.com.ar\/wp-content\/uploads\/2023\/01\/fernan-nanni-696x484.jpg 696w, https:\/\/revistaepocadigital.com.ar\/wp-content\/uploads\/2023\/01\/fernan-nanni-1068x743.jpg 1068w, https:\/\/revistaepocadigital.com.ar\/wp-content\/uploads\/2023\/01\/fernan-nanni-603x420.jpg 603w, https:\/\/revistaepocadigital.com.ar\/wp-content\/uploads\/2023\/01\/fernan-nanni-1207x840.jpg 1207w, https:\/\/revistaepocadigital.com.ar\/wp-content\/uploads\/2023\/01\/fernan-nanni.jpg 1280w\" sizes=\"auto, (max-width: 696px) 100vw, 696px\" \/><\/div>\n<div dir=\"auto\">&#8220;Un sue\u00f1o hecho realidad para un pueblo que crece cada d\u00eda y necesitaba m\u00e1s complejidad en el sistema de salud. Nosotros analizamos c\u00f3mo creci\u00f3 la poblaci\u00f3n y la demanda en los \u00faltimos a\u00f1os, la complejidad de salud que deb\u00edamos alcanzar, con el objetivo de que nuestra gente puede planificar y hacer su vida ac\u00e1&#8221;, dijo el intendente Diego Nanni quien junto al ministro de obras p\u00fablicas de la Naci\u00f3n, Gabriel Katopodis, el ministro de salud de la provincia de Buenos Aires, Nicol\u00e1s Kreplak, y la directora del hospital dra. Diana Guzm\u00e1n. Tambi\u00e9n se not\u00f3 la presencia, llamativa acaso, del ministro de relaciones exteriores Santiago Cafiero quien convers\u00f3 entre otros con los ex-intendentes Ricardo Bozzani y Adri\u00e1n S\u00e1nchez.<\/div>\n<\/div>\n<div dir=\"auto\"><\/div>\n<div dir=\"auto\">Despu\u00e9s de recordar el presidente sus visitas en su ni\u00f1ez a Cardales junto a su padre, a un campo de un amigo, &#8220;me encantaba, tra\u00eda mi guitarra y me pon\u00eda a tocar abajo de los \u00e1rboles&#8221;, se\u00f1al\u00f3 que la Argentina cuenta con un \u0093pueblo maravilloso\u0094 y \u0093resiliente\u0094 que se ha sabido levantar \u0093una y mil veces, y que en su gobierno se han fijado los cimientos para el crecimiento, no como \u0093un deseo\u0094 sino como \u0093una realidad\u0094.<\/div>\n<div dir=\"auto\"><\/div>\n<div dir=\"auto\">\n<figure id=\"attachment_19330\" aria-describedby=\"caption-attachment-19330\" style=\"width: 1066px\" class=\"wp-caption aligncenter\"><img loading=\"lazy\" decoding=\"async\" class=\"size-full wp-image-19330\" src=\"https:\/\/revistaepocadigital.com.ar\/wp-content\/uploads\/2023\/01\/fernan-hospi-personal.jpg\" alt=\"\" width=\"1066\" height=\"1066\" srcset=\"https:\/\/revistaepocadigital.com.ar\/wp-content\/uploads\/2023\/01\/fernan-hospi-personal.jpg 1066w, https:\/\/revistaepocadigital.com.ar\/wp-content\/uploads\/2023\/01\/fernan-hospi-personal-300x300.jpg 300w, https:\/\/revistaepocadigital.com.ar\/wp-content\/uploads\/2023\/01\/fernan-hospi-personal-150x150.jpg 150w, https:\/\/revistaepocadigital.com.ar\/wp-content\/uploads\/2023\/01\/fernan-hospi-personal-768x768.jpg 768w, https:\/\/revistaepocadigital.com.ar\/wp-content\/uploads\/2023\/01\/fernan-hospi-personal-696x696.jpg 696w, https:\/\/revistaepocadigital.com.ar\/wp-content\/uploads\/2023\/01\/fernan-hospi-personal-420x420.jpg 420w, https:\/\/revistaepocadigital.com.ar\/wp-content\/uploads\/2023\/01\/fernan-hospi-personal-840x840.jpg 840w\" sizes=\"auto, (max-width: 1066px) 100vw, 1066px\" \/><figcaption id=\"caption-attachment-19330\" class=\"wp-caption-text\">El presidente con el intendente y los ministros y parte del personal.<\/figcaption><\/figure>\n<\/div>\n<div dir=\"auto\">En un mensaje al &#8220;mercado&#8221; luego puntualiz\u00f3 que &#8220;este tipo de obras las hace el Estado d\u00f3nde el mercado no llega porque no es negocio hacerlo&#8221;.<\/div>\n<div dir=\"auto\">Tambi\u00e9n reiter\u00f3 cr\u00edticas al ex-presidente Mauricio Macri cuando afirm\u00f3 haberse &#8220;indignado&#8221; y haber sentido &#8220;mucho dolor&#8221; al escuchar a su antecesor decir que &#8220;Argentina tiene la sociedad m\u00e1s frustrada de los \u00faltimos 70 a\u00f1os&#8221;. Fue en ese momento cuando se\u00f1al\u00f3 la experiencia de los habitantes de Cardales quienes, antes de la construcci\u00f3n del nuevo hospital, hab\u00edan luchado por tener una sala de atenci\u00f3n primaria de la salud. En tal sentido, lo destac\u00f3 al\u00a0 hablar emocionada la vecina ex concejal y ex funcionaria municipal y docente, Cristina Ponce, quien ha formado parte de la Cooperadora de la Sala de Primeros Auxilios de Cardales, existente desde hace muchos a\u00f1os.<\/div>\n<div dir=\"auto\">&#8220;Esta es una sociedad maravillosa que busca gestionar la salud que el Estado no le daba. Somos un pueblo maravilloso y no quiero que los confundan y le digan que somos de cuarta. Somos el pueblo m\u00e1s resiliente del mundo. Nos hemos puesto de pie una y mil veces, despu\u00e9s de mil problemas&#8221;, remarc\u00f3 el jefe de Estado.<\/div>\n<div dir=\"auto\"><span class=\"highlightWire\">Fern\u00e1ndez<\/span> se\u00f1al\u00f3 que cuando el Frente de Todos (FdT) lleg\u00f3 al poder no solo no exist\u00eda el hospital de Cardales, sino que &#8221; la Naci\u00f3n no ten\u00eda Ministerio de Salud y el sarampi\u00f3n hab\u00eda vuelto a ser una enfermedad en el pa\u00eds. La Ciencia y la Tecnolog\u00eda, la Cultura, el Trabajo hab\u00edan dejado de ser Ministerio. Algunos creen que el mercado todo lo arregla y otros sabemos que no es as\u00ed. No es negocio abrir esto ac\u00e1&#8221;, dijo en referencia al centro asistencial cardalense ubicado a metros de la ruta provincial 6, tan transitada y nuevamente en reparaci\u00f3n.<\/div>\n<div dir=\"auto\"><\/div>\n<div dir=\"auto\">\n<figure id=\"attachment_19342\" aria-describedby=\"caption-attachment-19342\" style=\"width: 300px\" class=\"wp-caption aligncenter\"><img loading=\"lazy\" decoding=\"async\" class=\"size-medium wp-image-19342\" src=\"https:\/\/revistaepocadigital.com.ar\/wp-content\/uploads\/2023\/01\/fernan-hosp-ponce-300x200.jpg\" alt=\"\" width=\"300\" height=\"200\" srcset=\"https:\/\/revistaepocadigital.com.ar\/wp-content\/uploads\/2023\/01\/fernan-hosp-ponce-300x200.jpg 300w, https:\/\/revistaepocadigital.com.ar\/wp-content\/uploads\/2023\/01\/fernan-hosp-ponce-1200x800.jpg 1200w, https:\/\/revistaepocadigital.com.ar\/wp-content\/uploads\/2023\/01\/fernan-hosp-ponce-768x512.jpg 768w, https:\/\/revistaepocadigital.com.ar\/wp-content\/uploads\/2023\/01\/fernan-hosp-ponce-696x464.jpg 696w, https:\/\/revistaepocadigital.com.ar\/wp-content\/uploads\/2023\/01\/fernan-hosp-ponce-1068x712.jpg 1068w, https:\/\/revistaepocadigital.com.ar\/wp-content\/uploads\/2023\/01\/fernan-hosp-ponce-630x420.jpg 630w, https:\/\/revistaepocadigital.com.ar\/wp-content\/uploads\/2023\/01\/fernan-hosp-ponce-1260x840.jpg 1260w, https:\/\/revistaepocadigital.com.ar\/wp-content\/uploads\/2023\/01\/fernan-hosp-ponce.jpg 1280w\" sizes=\"auto, (max-width: 300px) 100vw, 300px\" \/><figcaption id=\"caption-attachment-19342\" class=\"wp-caption-text\">Como integrante de la Cooperadora de la Sala de Primeros Auxilios, habl\u00f3 Cristina Ponce y emocion\u00f3.<\/figcaption><\/figure>\n<\/div>\n<div dir=\"auto\"><\/div>\n<div dir=\"auto\">Tambi\u00e9n enumer\u00f3 una serie de logros conseguidos a pesar de los a\u00f1os de pandemia y de la guerra europea: &#8220;Desde el 2019 somos el segundo pa\u00eds que m\u00e1s creci\u00f3 en el mundo. Hay 21 provincias cuya desocupaci\u00f3n est\u00e1 por debajo del 1%&#8221;.<br \/>\nSi bien explic\u00f3 que no deja de &#8220;pensar un segundo en la inflaci\u00f3n, y en mejorar los ingresos de la gente&#8221;, aclar\u00f3 que &#8220;por delante&#8221; est\u00e1 el desaf\u00edo de la igualdad.<br \/>\n&#8220;Dejamos los cimientos para que la Argentina crezca. No es un deseo, es una realidad. crecimos el 10,3% el a\u00f1o pasado, vamos a crecer por arriba del 5%. Vamos a crecer en este 2023&#8221;, agreg\u00f3.<br \/>\nEn un momento del discurso, el mandatario fue interpelado por uno de los asistentes al acto qui\u00e9n, a los gritos y con insultos, le reclam\u00f3 por el uso de agrot\u00f3xicos, y <span class=\"highlightWire\">Fern\u00e1ndez<\/span> dijo &#8220;son temas que se debaten en el mundo&#8221; pero que hay que hacerlo &#8220;sin necesidad de maltratos. No hace falta maltratarnos m\u00e1s. Recuperemos la convivencia democr\u00e1tica ahora que vemos lo que pas\u00f3 en Brasil, en Per\u00fa. Conviviendo en la diversidad, si no todos tenemos que pensar igual. Tenemos que bajar los gritos y escucharnos un poco m\u00e1s&#8221;.<\/div>\n<div dir=\"auto\"><\/div>\n<div dir=\"auto\">\n<p>El nuevo Hospital Modular de Los Cardales acercar\u00e1 el servicio de salud p\u00fablica a los habitantes de la localidad quienes, hasta ahora, deb\u00edan trasladarse hasta el Hospital Municipal San Jos\u00e9, en Capilla del Se\u00f1or, para ser atendidos. El centro, que fue creado en el marco de la Red Federal de Infraestructura Sanitaria, implic\u00f3 una inversi\u00f3n de 327 millones de pesos, y generar\u00e1 60 empleos directos. En una superficie de 900 metros cuadrados cuenta con consultorios generales, ginecol\u00f3gicos y obst\u00e9tricos, sala de shock room y camas cr\u00edticas de internaci\u00f3n. Tambi\u00e9n incluye una sala de enfermer\u00eda, laboratorio, sala de rayos X, farmacia y vacunatorio.<\/p>\n<p>El hospital como mencionara el intendente Nanni\u00a0 a EPOCA en una nota anterior, donde confirm\u00f3 su postulaci\u00f3n a la candidatura a intendente para un segundo per\u00edodo en las elecciones de este a\u00f1o, comenzaba a funcionar este jueves 12 de enero, si bien con atenciones determinadas y espec\u00edficas hasta que se completara el total equipamiento, a producirse en marzo venidero cuando el funcionamiento ser\u00e1 total.<\/p>\n<\/div>\n<div dir=\"auto\"><\/div>\n","protected":false},"excerpt":{"rendered":"<p>CON LA PRESENCIA DE UN PRESIDENTE A EXALTACI\u00d3N DE LA CRUZ POR SEGUNDA VEZ EN LA HISTORIA DEL DISTRITO. El presidente de la Naci\u00f3n, Alberto Fern\u00e1ndez, encabez\u00f3 el acto de inauguaci\u00f3n del Hospital Modular de Cardales, convirti\u00e9ndose en el segundo jefe de estado en visitar el distrito en forma oficial (Ra\u00fal Alfons\u00edn lo hizo en [&hellip;]<\/p>\n","protected":false},"author":4,"featured_media":19327,"comment_status":"open","ping_status":"open","sticky":false,"template":"","format":"standard","meta":{"footnotes":"","jetpack_publicize_message":"","jetpack_publicize_feature_enabled":true,"jetpack_social_post_already_shared":false,"jetpack_social_options":{"image_generator_settings":{"template":"highway","default_image_id":0,"font":"","enabled":false},"version":2}},"categories":[17],"tags":[1390,997,1148],"class_list":["post-19305","post","type-post","status-publish","format-standard","has-post-thumbnail","hentry","category-politica","tag-hospital-cardales","tag-inauguracion","tag-presidente-fernandez"],"jetpack_publicize_connections":[],"jetpack_featured_media_url":"https:\/\/revistaepocadigital.com.ar\/wp-content\/uploads\/2023\/01\/kreplak-hospi-carda.jpg","jetpack_likes_enabled":true,"_links":{"self":[{"href":"https:\/\/revistaepocadigital.com.ar\/index.php?rest_route=\/wp\/v2\/posts\/19305","targetHints":{"allow":["GET"]}}],"collection":[{"href":"https:\/\/revistaepocadigital.com.ar\/index.php?rest_route=\/wp\/v2\/posts"}],"about":[{"href":"https:\/\/revistaepocadigital.com.ar\/index.php?rest_route=\/wp\/v2\/types\/post"}],"author":[{"embeddable":true,"href":"https:\/\/revistaepocadigital.com.ar\/index.php?rest_route=\/wp\/v2\/users\/4"}],"replies":[{"embeddable":true,"href":"https:\/\/revistaepocadigital.com.ar\/index.php?rest_route=%2Fwp%2Fv2%2Fcomments&post=19305"}],"version-history":[{"count":0,"href":"https:\/\/revistaepocadigital.com.ar\/index.php?rest_route=\/wp\/v2\/posts\/19305\/revisions"}],"wp:featuredmedia":[{"embeddable":true,"href":"https:\/\/revistaepocadigital.com.ar\/index.php?rest_route=\/wp\/v2\/media\/19327"}],"wp:attachment":[{"href":"https:\/\/revistaepocadigital.com.ar\/index.php?rest_route=%2Fwp%2Fv2%2Fmedia&parent=19305"}],"wp:term":[{"taxonomy":"category","embeddable":true,"href":"https:\/\/revistaepocadigital.com.ar\/index.php?rest_route=%2Fwp%2Fv2%2Fcategories&post=19305"},{"taxonomy":"post_tag","embeddable":true,"href":"https:\/\/revistaepocadigital.com.ar\/index.php?rest_route=%2Fwp%2Fv2%2Ftags&post=19305"}],"curies":[{"name":"wp","href":"https:\/\/api.w.org\/{rel}","templated":true}]}}