{"id":19335,"date":"2023-01-12T11:36:07","date_gmt":"2023-01-12T14:36:07","guid":{"rendered":"https:\/\/revistaepocadigital.com.ar\/?p=19335"},"modified":"2023-01-12T11:36:07","modified_gmt":"2023-01-12T14:36:07","slug":"no-falto-la-rosca-politica-en-cardales-con-las-elecciones-a-la-vista","status":"publish","type":"post","link":"https:\/\/revistaepocadigital.com.ar\/?p=19335","title":{"rendered":"No falt\u00f3 la rosca pol\u00edtica en Cardales con las elecciones a la vista"},"content":{"rendered":"<h5 class=\"detail-header\" data-form=\"headerDetail\"><strong>LUEGO DE LA INAUGURACI\u00d3N DEL HOSPITAL.<\/strong><\/h5>\n<p><!--more--><\/p>\n<h5 class=\"detail-header\" data-form=\"headerDetail\">El presidente Alberto <span class=\"highlightWire\">Fern\u00e1ndez<\/span> comparti\u00f3 un asado con intendentes bonaerenses en Cardales, pertenecientes a la segunda secci\u00f3n, entre los que se encontr\u00f3 el jefe comunal anfitri\u00f3n Diego Nanni.<\/h5>\n<p>El foco principal durante el encuentro estuvo puesto en analizar la situaci\u00f3n de cada distrito, de cara al armado electoral de las elecciones presidenciales de este a\u00f1o. &#8220;La idea fue agasajar al Presidente que vino de visita&#8221;, precisaron a Noticias Argentinas fuentes de la intendencia de Exaltaci\u00f3n de la Cruz.<\/p>\n<div class=\"detail-scroll\">\n<p class=\"wire-detail\" data-form=\"wire-detail\">Seg\u00fan confirm\u00f3 dicha agencia de noticias, estuvieron intendentes Diego Nanni (Exaltaci\u00f3n de la Cruz), Federico Ach\u00e1val (Pilar), Ricardo Alessandro (Salto) y Ramon Salazar (San Pedro); los jefes comunales interinos Carlos Ramil (Escobar), Ariel R\u00edos (Z\u00e1rate) y Pablo Pino (Col\u00f3n), entre otros.<\/p>\n<p class=\"wire-detail\" data-form=\"wire-detail\">Tambi\u00e9n participaron los ministros nacionales Santiago Cafiero (Relaciones Exteriores) quien estuvo tambi\u00e9n en la inauguraci\u00f3n del hospital, y Gabriel Katopodis (Obras P\u00fablicas); el titular de la cartera sanitaria bonaerense, Nicol\u00e1s Kreplak; entre otros.<\/p>\n<\/div>\n","protected":false},"excerpt":{"rendered":"<p>LUEGO DE LA INAUGURACI\u00d3N DEL HOSPITAL.<\/p>\n","protected":false},"author":4,"featured_media":19336,"comment_status":"open","ping_status":"open","sticky":false,"template":"","format":"standard","meta":{"footnotes":"","jetpack_publicize_message":"","jetpack_publicize_feature_enabled":true,"jetpack_social_post_already_shared":false,"jetpack_social_options":{"image_generator_settings":{"template":"highway","default_image_id":0,"font":"","enabled":false},"version":2}},"categories":[13],"tags":[2165,1148],"class_list":["post-19335","post","type-post","status-publish","format-standard","has-post-thumbnail","hentry","category-interes-general","tag-inauguacion-hospial-cardales","tag-presidente-fernandez"],"jetpack_publicize_connections":[],"jetpack_featured_media_url":"https:\/\/revistaepocadigital.com.ar\/wp-content\/uploads\/2023\/01\/fernan-max.png","jetpack_likes_enabled":true,"_links":{"self":[{"href":"https:\/\/revistaepocadigital.com.ar\/index.php?rest_route=\/wp\/v2\/posts\/19335","targetHints":{"allow":["GET"]}}],"collection":[{"href":"https:\/\/revistaepocadigital.com.ar\/index.php?rest_route=\/wp\/v2\/posts"}],"about":[{"href":"https:\/\/revistaepocadigital.com.ar\/index.php?rest_route=\/wp\/v2\/types\/post"}],"author":[{"embeddable":true,"href":"https:\/\/revistaepocadigital.com.ar\/index.php?rest_route=\/wp\/v2\/users\/4"}],"replies":[{"embeddable":true,"href":"https:\/\/revistaepocadigital.com.ar\/index.php?rest_route=%2Fwp%2Fv2%2Fcomments&post=19335"}],"version-history":[{"count":0,"href":"https:\/\/revistaepocadigital.com.ar\/index.php?rest_route=\/wp\/v2\/posts\/19335\/revisions"}],"wp:featuredmedia":[{"embeddable":true,"href":"https:\/\/revistaepocadigital.com.ar\/index.php?rest_route=\/wp\/v2\/media\/19336"}],"wp:attachment":[{"href":"https:\/\/revistaepocadigital.com.ar\/index.php?rest_route=%2Fwp%2Fv2%2Fmedia&parent=19335"}],"wp:term":[{"taxonomy":"category","embeddable":true,"href":"https:\/\/revistaepocadigital.com.ar\/index.php?rest_route=%2Fwp%2Fv2%2Fcategories&post=19335"},{"taxonomy":"post_tag","embeddable":true,"href":"https:\/\/revistaepocadigital.com.ar\/index.php?rest_route=%2Fwp%2Fv2%2Ftags&post=19335"}],"curies":[{"name":"wp","href":"https:\/\/api.w.org\/{rel}","templated":true}]}}