{"id":19347,"date":"2023-01-13T23:37:15","date_gmt":"2023-01-14T02:37:15","guid":{"rendered":"https:\/\/revistaepocadigital.com.ar\/?p=19347"},"modified":"2023-01-13T23:37:50","modified_gmt":"2023-01-14T02:37:50","slug":"los-90-millones-para-dady-brieva","status":"publish","type":"post","link":"https:\/\/revistaepocadigital.com.ar\/?p=19347","title":{"rendered":"LOS 90 MILLONES PARA DADY BRIEVA, NO ACLAREN QUE OSCURECEN"},"content":{"rendered":"<p><strong>RECHAZO MAYORITARIO<\/strong>.<br \/>\n<!--more--><\/p>\n<p>Desde el Instituto Cultural donde cumple funciones la subsecretaria de Pol\u00edticas Culturales, la ex vedette <b><a href=\"https:\/\/realpolitik.com.ar\/tag\/victoria-onetto\">Victoria Onetto<\/a><\/b>, sostuvieron que se trata de \u201cmaniobras y operaciones medi\u00e1ticas para estigmatizar la presencia del Estado en la cultura\u201d.<\/p>\n<p>El c\u00f3mico que realiz\u00f3 dos funciones en el teatro Auditorium de Mar del Plata evit\u00f3 referirse al asunto. Mientras tanto por redes sociales circul\u00f3 la fuerte versi\u00f3n vinculada a que por estas presentaciones, habr\u00eda recibido una jugosa cifra de dinero. A su vez, desde el organismo sostuvieron que el costo del ecl\u00e9ctico programa cultural para la temporada de verano asciende a 94 millones de pesos, repartidos en 78 espect\u00e1culos, es decir, un promedio de 1,2 millones de pesos por cada uno.<\/p>\n<p><img decoding=\"async\" src=\"https:\/\/realpolitik.com.ar\/uploads\/ckeditor\/2023\/01\/20230113124747_fms06vhwacwk6cu.webp\" alt=\"\" \/><\/p>\n<h6><em>Dady Brieva y Victoria Onetto.<\/em><\/h6>\n<div class=\"relcionadas_internas fz16 ffalt bdtb bdtextlight pt2p pb2p mt4p mb4p\"><a class=\"cprincipal fz18 bold \" href=\"https:\/\/realpolitik.com.ar\/nota\/50193\/victoria-onetto-otra-vez-en-escena-ante-reclamos-de-los-musicos-del-teatro-argentino\/\">Victoria Onetto, otra vez en escena ante reclamos de los m\u00fasicos del Teatro Argentino<\/a><\/div>\n<p>Sin embargo, lo que m\u00e1s llam\u00f3 la atenci\u00f3n es que desde el oficina manejada por <b>Onetto<\/b> se negaron a dar detalles en torno al cach\u00e9 recibido por el artista <b>Dady Brieva<\/b>, en un acto de falta de transparencia en la asignaci\u00f3n de recursos que resulta anacr\u00f3nico.<\/p>\n<p><img decoding=\"async\" src=\"https:\/\/realpolitik.com.ar\/uploads\/ckeditor\/2023\/01\/20230113124356_captura-de-pantalla-2023-01-13-a-la-s-12-41-56.webp\" alt=\"\" \/><\/p>\n<p><img decoding=\"async\" src=\"https:\/\/realpolitik.com.ar\/uploads\/ckeditor\/2023\/01\/20230113124407_captura-de-pantalla-2023-01-13-a-la-s-12-42-07.webp\" alt=\"\" \/><\/p>\n<p>A pesar de la pol\u00e9mica, la desafiante respuesta de la ex vedette apunt\u00f3 en la misma direcci\u00f3n que la contrataci\u00f3n. En sus redes sociales public\u00f3 una foto junto al artista K sonriente, junto a la frase: \u201cLa cultura es el coraz\u00f3n y la alegr\u00eda del pueblo\u201d.<\/p>\n<p>Es que, como reza el dicho, no por mucho explicar se esclarecen las cosa. Muy por el contrario, la contrataci\u00f3n de la gesti\u00f3n de<b> <a href=\"https:\/\/realpolitik.com.ar\/tag\/axel-kicillof\">Axel Kicillof,<\/a><\/b> a\u00fan permanece bajo un manto de oscuridad, mientras gran parte de la poblaci\u00f3n que no pudo salir de vacaciones contempla indignada manejos tan burdos.<\/p>\n<p>&nbsp;<\/p>\n<p>nota publicada en: www.REALPOLITIK.com.ar<\/p>\n<div class=\"clear\"><\/div>\n<p>&nbsp;<\/p>\n<div id=\"banner_caballos\" class=\"pt20 pb20 bdt mt20\">\n<div class=\"cont-apoya\">\n<p class=\"fz16 lh22 mb30\">\n<\/div>\n<\/div>\n","protected":false},"excerpt":{"rendered":"<p>RECHAZO MAYORITARIO.<\/p>\n","protected":false},"author":4,"featured_media":19349,"comment_status":"open","ping_status":"open","sticky":false,"template":"","format":"standard","meta":{"footnotes":"","jetpack_publicize_message":"","jetpack_publicize_feature_enabled":true,"jetpack_social_post_already_shared":false,"jetpack_social_options":{"image_generator_settings":{"template":"highway","default_image_id":0,"font":"","enabled":false},"version":2}},"categories":[17],"tags":[2166,832],"class_list":["post-19347","post","type-post","status-publish","format-standard","has-post-thumbnail","hentry","category-politica","tag-brieva","tag-subsidio"],"jetpack_publicize_connections":[],"jetpack_featured_media_url":"https:\/\/revistaepocadigital.com.ar\/wp-content\/uploads\/2023\/01\/daddy-onett.webp","jetpack_likes_enabled":true,"_links":{"self":[{"href":"https:\/\/revistaepocadigital.com.ar\/index.php?rest_route=\/wp\/v2\/posts\/19347","targetHints":{"allow":["GET"]}}],"collection":[{"href":"https:\/\/revistaepocadigital.com.ar\/index.php?rest_route=\/wp\/v2\/posts"}],"about":[{"href":"https:\/\/revistaepocadigital.com.ar\/index.php?rest_route=\/wp\/v2\/types\/post"}],"author":[{"embeddable":true,"href":"https:\/\/revistaepocadigital.com.ar\/index.php?rest_route=\/wp\/v2\/users\/4"}],"replies":[{"embeddable":true,"href":"https:\/\/revistaepocadigital.com.ar\/index.php?rest_route=%2Fwp%2Fv2%2Fcomments&post=19347"}],"version-history":[{"count":0,"href":"https:\/\/revistaepocadigital.com.ar\/index.php?rest_route=\/wp\/v2\/posts\/19347\/revisions"}],"wp:featuredmedia":[{"embeddable":true,"href":"https:\/\/revistaepocadigital.com.ar\/index.php?rest_route=\/wp\/v2\/media\/19349"}],"wp:attachment":[{"href":"https:\/\/revistaepocadigital.com.ar\/index.php?rest_route=%2Fwp%2Fv2%2Fmedia&parent=19347"}],"wp:term":[{"taxonomy":"category","embeddable":true,"href":"https:\/\/revistaepocadigital.com.ar\/index.php?rest_route=%2Fwp%2Fv2%2Fcategories&post=19347"},{"taxonomy":"post_tag","embeddable":true,"href":"https:\/\/revistaepocadigital.com.ar\/index.php?rest_route=%2Fwp%2Fv2%2Ftags&post=19347"}],"curies":[{"name":"wp","href":"https:\/\/api.w.org\/{rel}","templated":true}]}}