{"id":19353,"date":"2023-01-14T01:22:17","date_gmt":"2023-01-14T04:22:17","guid":{"rendered":"https:\/\/revistaepocadigital.com.ar\/?p=19353"},"modified":"2023-01-14T01:22:17","modified_gmt":"2023-01-14T04:22:17","slug":"dina-nunez-peula-referente-del-inadi-en-la-municipalidad-la-violencia-no-es-solo-de-genero-y-hacia-las-mujeres","status":"publish","type":"post","link":"https:\/\/revistaepocadigital.com.ar\/?p=19353","title":{"rendered":"Dina Nu\u00f1ez Peula, referente del INADI en la municipalidad: &#8220;La violencia no es s\u00f3lo de g\u00e9nero y hacia las mujeres&#8221;"},"content":{"rendered":"<p><strong>El<\/strong> <strong>Instituto Nacional contra la Discriminaci\u00f3n, la Xenofobia y el Racismo<\/strong> (<strong>INADI<\/strong>).<!--more--><\/p>\n<p>Es un organismo nacional del Estado argentino. Por ley, cuenta con un Presidente y un Vicepresidente, quienes son acompa\u00f1ados por un Directorio y un Consejo Asesor compuestos por representantes del Gobierno nacional y de las Organizaciones de la Sociedad Civil.<\/p>\n<p>El 5 de julio de 1995, durante la presidencia de\u00a0 Carlos Menem, se sancion\u00f3 la Ley 24.515 creando el Instituto Nacional contra la Discriminaci\u00f3n, la Xenofobia y el Racismo, que comenz\u00f3 sus tareas en 1997 y su primer presidente fue el periodista V\u00edctor Ramos.<\/p>\n<p>Sus objetivos cada vez m\u00e1s latentes, son:<\/p>\n<ul>\n<li>Difundir la ley N\u00ba 23.592 sobre Actos de discriminaci\u00f3n racial.<\/li>\n<li>Investigar, sistematizar y difundir informaci\u00f3n acerca de los procesos y formas de discriminaci\u00f3n que se evidencian en el \u00e1mbito nacional.<\/li>\n<li>Recibir las denuncias que realicen los ciudadanos, instituciones o grupos sobre conductas discriminatorias, xen\u00f3fobas o racistas y producir dict\u00e1menes acerca de los actos denunciados o promover reuniones de conciliaci\u00f3n en todos aquellos casos en los que se considere beneficioso para los afectados.<\/li>\n<li>Dise\u00f1ar e impulsar campa\u00f1as y proyectos educativos y de difusi\u00f3n tendientes a eliminar actitudes discriminatorias, xen\u00f3fobas o racistas.<\/li>\n<li>Patrocinar gratuitamente a personas o grupos, v\u00edctimas de actos discriminatorios y xen\u00f3fobos o racistas.<\/li>\n<li>Establecer v\u00ednculos de coordinaci\u00f3n y cooperaci\u00f3n con organismos nacionales o extranjeros, p\u00fablicos o privados, con la finalidad de actuar conjuntamente en materia antidiscriminatoria.<\/li>\n<li>Realizar talleres permanentes de capacitaci\u00f3n a grupos, organizaciones sociales, actores comunitarios y todas aquellas personas que pueden intervenir en la comunidad para la prevenci\u00f3n de la discriminaci\u00f3n a otras personas e informar a habitantes o personas sobre las actitudes discriminatorias<\/li>\n<\/ul>\n<p>La problem\u00e1tica que atiende el INADI, se ha tornando cada vez m\u00e1s compleja y seria en la sociedad actual en nuestro pa\u00eds. En <strong>Exaltaci\u00f3n de la Cruz,<\/strong> el INADI tiene Subdelegaci\u00f3n en el \u00e1mbito del municipio.<\/p>\n<p>Lo encabeza <strong>Dina Nu\u00f1ez Peula,<\/strong> \u00a0Psicopedagoga Cl\u00ednica y referente del INADI en la municipalidad. Nu\u00f1ez Peula, habl\u00f3 con EPOCA.<\/p>\n<p>\u201c<em>Mi desempe\u00f1o en el INADI data desde el a\u00f1o 2000, y desde el 28 de agosto de 2017 cumplo funciones en el municipio en el marco de la Secretaria de Desarrollo de la Comunidad, trabajando en conjunto con Marcelo Maqueda<\/em> (Coordinador de Delegaciones y Redes del INADI) <em>y con Roc\u00edo Farina&#8221;,<\/em> detalla Nu\u00f1ez Peula.<\/p>\n<p><strong>-\u00bfCu\u00e1l es el enfoque general con el que se desenvuelve el INADI en el distrito?<\/strong><\/p>\n<p><em>-El enfoque de nuestra mirada hacia la sociedad, es transversalizador porque las pr\u00e1cticas discriminatorias se dan todos los estamentos de la sociedad. Donde nuestra matriz te\u00f3rica se fundament\u00f3 de lo que se desprende como objetivo de nuestra misi\u00f3n como instituto nacional, desde la Ley 23592, y desde el Plan Nacional contra la Discriminaci\u00f3n.En la post pandemia, constru\u00edmos colectivamente y desde un repautar te\u00f3rico, replicar la Campa\u00f1a Federal de Escuelas sin Discriminaci\u00f3n, desde la formaci\u00f3n en Buenas Pr\u00e1cticas en Pedagog\u00edas Antidiscriminatorias.<\/em><\/p>\n<figure id=\"attachment_19359\" aria-describedby=\"caption-attachment-19359\" style=\"width: 578px\" class=\"wp-caption aligncenter\"><img loading=\"lazy\" decoding=\"async\" class=\"size-full wp-image-19359\" src=\"https:\/\/revistaepocadigital.com.ar\/wp-content\/uploads\/2023\/01\/inadi-1.jpg\" alt=\"\" width=\"578\" height=\"434\" srcset=\"https:\/\/revistaepocadigital.com.ar\/wp-content\/uploads\/2023\/01\/inadi-1.jpg 578w, https:\/\/revistaepocadigital.com.ar\/wp-content\/uploads\/2023\/01\/inadi-1-300x225.jpg 300w, https:\/\/revistaepocadigital.com.ar\/wp-content\/uploads\/2023\/01\/inadi-1-80x60.jpg 80w, https:\/\/revistaepocadigital.com.ar\/wp-content\/uploads\/2023\/01\/inadi-1-160x120.jpg 160w, https:\/\/revistaepocadigital.com.ar\/wp-content\/uploads\/2023\/01\/inadi-1-265x198.jpg 265w, https:\/\/revistaepocadigital.com.ar\/wp-content\/uploads\/2023\/01\/inadi-1-559x420.jpg 559w\" sizes=\"auto, (max-width: 578px) 100vw, 578px\" \/><figcaption id=\"caption-attachment-19359\" class=\"wp-caption-text\">La referente del INADI en Exaltaci\u00f3n de la Cruz, al frente del aula, en una de las charlas en escuelas.<\/figcaption><\/figure>\n<p><strong>-Si hablamos de las m\u00e1s serias y preocupantes problem\u00e1ticas, \u00bfEn cuales se focalizar\u00eda?<\/strong><\/p>\n<p><em>-Desde una mirada pan\u00f3ptica hacia el distrito, y desde la perspectiva del INADI visualizamos la demanda en diferentes tem\u00e1ticas, y sobre todo, sostener y rearmar la realidad desde otro paradigma de abordaje, fue esencial para el acompa\u00f1amiento en todos los \u00e1mbitos. Por ejemplo, particularmente, el a\u00f1o 2022 tuvo como emergente el \u00e1mbito educativo, donde detonaban sucesos en toda la comunidad educativa y se reflejaban en los espacios de salud, a trav\u00e9s de la demanda. Tem\u00e1ticas que subyacen en el acoso escolar, en la discriminaci\u00f3n por cuestiones corporales, el racismo como acto segregador, la discapacidad y los diagn\u00f3sticos que clasifican y cosifican. En el deporte, desde un acceso libre e igualitario y libre de violencia.<\/em><\/p>\n<p><strong>-A prop\u00f3sito de lo mencionado, la violencia escolar, la discriminaci\u00f3n que se da en escuelas, tambi\u00e9n afecta a establecimientos del distrito. \u00bfDe qu\u00e9 forma trabajan para encarar estos temas y, los consideras muy preocupantes y en ascenso?<\/strong><\/p>\n<p><em>-Para este a\u00f1o, se implement\u00f3 en el distrito la Campa\u00f1a Federal de Escuelas sin Discriminaci\u00f3n, junto al equipo de Ni\u00f1ez y Adolescencia dependiente de la Secretaria de Desarrollo de la Comunidad de la municipalidad. En conjunto desarrollamos un trabajo sustantivo en las escuelas del distrito. Este nuevo a\u00f1o lectivo, continuaremos replicando esas charlas con formato de taller para entramar buenas pr\u00e1cticas con el otro, dando prioridad a lo que percibimos y no a lo que vemos.<\/em><\/p>\n<p><strong>-Exaltaci\u00f3n de la Cruz es un distrito chico podr\u00eda decirse, acerca de la diversidad sexual, tendencias, g\u00e9neros, etc. y la relaci\u00f3n de las personas que eligen otra vida sexual, \u00bfc\u00f3mo se da en el distrito?, se oculta, existen consultas al INADI, existen estrategias, \u00bfson discriminadas esas personas?<\/strong><\/p>\n<p><em>-Por cierto, desde nuestro inicio como gesti\u00f3n en el distrito, siempre acompa\u00f1amos los dispositivos que se desempe\u00f1aban en algunas tem\u00e1ticas y propiamente desde nuestro abordaje, bajamos capacitaciones especificas en todas las tem\u00e1ticas, iniciando con la sensibilizaci\u00f3n y visualizaci\u00f3n de la discriminaci\u00f3n, que para que sea una acci\u00f3n discriminatoria debe contener puntos esenciales contemplados en la ley. Como por ejemplo abordajes en tem\u00e1ticas de diversidad sexual, identidad de g\u00e9nero, acoso en todas sus variantes, discapacidad, desde asesoramiento y detecci\u00f3n hasta charlas de sensibilizaci\u00f3n y prevenci\u00f3n.<\/em><\/p>\n<p><strong>-La violencia de g\u00e9nero, tantas mujeres que sufren por cierto, \u00bfque an\u00e1lisis efect\u00faa sobre la situaci\u00f3n en Exaltaci\u00f3n de la Cruz?<\/strong><\/p>\n<p><em>-La violencia no es s\u00f3lo de g\u00e9nero y hacia las mujeres. Existen formas de violencias que suelen permanecer bajo el velo del disciplinamiento y de lo heteronormado. Donde resalta lo diferente por s\u00f3lo ser consecuente con su elecci\u00f3n, identidad, forma de ser, imagen corporal,etc. A la tem\u00e1tica de g\u00e9nero, nosotros la tomamos desde una manera transversal, disponiendo el tema g\u00e9nero como una de todas las tem\u00e1ticas del INADI.<\/em><\/p>\n<figure id=\"attachment_19361\" aria-describedby=\"caption-attachment-19361\" style=\"width: 225px\" class=\"wp-caption alignleft\"><img loading=\"lazy\" decoding=\"async\" class=\"size-medium wp-image-19361\" src=\"https:\/\/revistaepocadigital.com.ar\/wp-content\/uploads\/2023\/01\/inadi-cara-225x300.jpg\" alt=\"\" width=\"225\" height=\"300\" srcset=\"https:\/\/revistaepocadigital.com.ar\/wp-content\/uploads\/2023\/01\/inadi-cara-225x300.jpg 225w, https:\/\/revistaepocadigital.com.ar\/wp-content\/uploads\/2023\/01\/inadi-cara-900x1200.jpg 900w, https:\/\/revistaepocadigital.com.ar\/wp-content\/uploads\/2023\/01\/inadi-cara-768x1024.jpg 768w, https:\/\/revistaepocadigital.com.ar\/wp-content\/uploads\/2023\/01\/inadi-cara-1152x1536.jpg 1152w, https:\/\/revistaepocadigital.com.ar\/wp-content\/uploads\/2023\/01\/inadi-cara-696x928.jpg 696w, https:\/\/revistaepocadigital.com.ar\/wp-content\/uploads\/2023\/01\/inadi-cara-1068x1424.jpg 1068w, https:\/\/revistaepocadigital.com.ar\/wp-content\/uploads\/2023\/01\/inadi-cara-315x420.jpg 315w, https:\/\/revistaepocadigital.com.ar\/wp-content\/uploads\/2023\/01\/inadi-cara-630x840.jpg 630w, https:\/\/revistaepocadigital.com.ar\/wp-content\/uploads\/2023\/01\/inadi-cara.jpg 1200w\" sizes=\"auto, (max-width: 225px) 100vw, 225px\" \/><figcaption id=\"caption-attachment-19361\" class=\"wp-caption-text\">Nu\u00f1ez Peula.\u00a0Psicopedagoga Cl\u00ednica y referente del INADI en la municipalidad<\/figcaption><\/figure>\n<p>&#8211;<strong>Desde el INADI, y en funci\u00f3n de la amplia \u00e1rea que abarca, \u00bfcu\u00e1l es su mayor preocupaci\u00f3n?<\/strong><\/p>\n<p>&#8211;<em>Desde el amplio espectro que nos implica como INADI en el municipio, siempre nos ocupa la forma de buscar la prevenci\u00f3n y sensibilizaci\u00f3n en todos \u00e1mbitos, y somos formadores de buenas pr\u00e1cticas contra la discriminaci\u00f3n. \u00bfC\u00f3mo?, restableciendo el v\u00ednculo de lo raro con la empat\u00eda en la b\u00fasqueda de instalar nuevos conceptos, desde la igualdad y la diferencia. El respeto hacia lo otro e intentando en lo peque\u00f1o ser el cambio necesario, para una convivencia en la diversidad sociocultural de la cual somos parte.<\/em><\/p>\n<p>Por \u00faltimo acot\u00f3 Dina Nu\u00f1ez Peula que<em> \u201cpara realizar consultas o denuncias pueden llamar por tel\u00e9fono al 168 todos los d\u00edas de 9 a 19 horas, incluyendo s\u00e1bados, domingos y feriados.<\/em> <a href=\"https:\/\/www.argentina.gob.ar\/inadi\/delegaciones\">https:\/\/www.argentina.gob.ar\/inadi\/delegaciones<\/a><\/p>\n","protected":false},"excerpt":{"rendered":"<p>El Instituto Nacional contra la Discriminaci\u00f3n, la Xenofobia y el Racismo (INADI).<\/p>\n","protected":false},"author":4,"featured_media":19357,"comment_status":"open","ping_status":"open","sticky":false,"template":"","format":"standard","meta":{"footnotes":"","jetpack_publicize_message":"","jetpack_publicize_feature_enabled":true,"jetpack_social_post_already_shared":false,"jetpack_social_options":{"image_generator_settings":{"template":"highway","default_image_id":0,"font":"","enabled":false},"version":2}},"categories":[13],"tags":[2167,2168],"class_list":["post-19353","post","type-post","status-publish","format-standard","has-post-thumbnail","hentry","category-interes-general","tag-inadi","tag-nunez-peula"],"jetpack_publicize_connections":[],"jetpack_featured_media_url":"https:\/\/revistaepocadigital.com.ar\/wp-content\/uploads\/2023\/01\/inadi-a.jpg","jetpack_likes_enabled":true,"_links":{"self":[{"href":"https:\/\/revistaepocadigital.com.ar\/index.php?rest_route=\/wp\/v2\/posts\/19353","targetHints":{"allow":["GET"]}}],"collection":[{"href":"https:\/\/revistaepocadigital.com.ar\/index.php?rest_route=\/wp\/v2\/posts"}],"about":[{"href":"https:\/\/revistaepocadigital.com.ar\/index.php?rest_route=\/wp\/v2\/types\/post"}],"author":[{"embeddable":true,"href":"https:\/\/revistaepocadigital.com.ar\/index.php?rest_route=\/wp\/v2\/users\/4"}],"replies":[{"embeddable":true,"href":"https:\/\/revistaepocadigital.com.ar\/index.php?rest_route=%2Fwp%2Fv2%2Fcomments&post=19353"}],"version-history":[{"count":0,"href":"https:\/\/revistaepocadigital.com.ar\/index.php?rest_route=\/wp\/v2\/posts\/19353\/revisions"}],"wp:featuredmedia":[{"embeddable":true,"href":"https:\/\/revistaepocadigital.com.ar\/index.php?rest_route=\/wp\/v2\/media\/19357"}],"wp:attachment":[{"href":"https:\/\/revistaepocadigital.com.ar\/index.php?rest_route=%2Fwp%2Fv2%2Fmedia&parent=19353"}],"wp:term":[{"taxonomy":"category","embeddable":true,"href":"https:\/\/revistaepocadigital.com.ar\/index.php?rest_route=%2Fwp%2Fv2%2Fcategories&post=19353"},{"taxonomy":"post_tag","embeddable":true,"href":"https:\/\/revistaepocadigital.com.ar\/index.php?rest_route=%2Fwp%2Fv2%2Ftags&post=19353"}],"curies":[{"name":"wp","href":"https:\/\/api.w.org\/{rel}","templated":true}]}}