{"id":1936,"date":"2019-03-18T17:23:56","date_gmt":"2019-03-18T20:23:56","guid":{"rendered":"https:\/\/revistaepocadigital.com.ar\/?p=1936"},"modified":"2019-03-18T18:11:10","modified_gmt":"2019-03-18T21:11:10","slug":"coordinaron-el-viaje-de-los-chicos-a-la-escuela-tecnica-de-robles","status":"publish","type":"post","link":"https:\/\/revistaepocadigital.com.ar\/?p=1936","title":{"rendered":"COORDINARON EL VIAJE DE LOS CHICOS A LA ESCUELA T\u00c9CNICA DE ROBLES."},"content":{"rendered":"<p><strong>EL RECLAMO HABIA SIDO PLANTEADO.<\/strong><!--more--><\/p>\n<p>Vecinos de <strong>Los Cardales y de Barrios de Exaltaci\u00f3n de la Cruz<\/strong> cercanos a la ruta 8 hicieron escuchar reclamos, entre otros, por la cuesti\u00f3n del traslado de los alumnos que estudian en la <strong>Escuela T\u00e9cnica n\u00ba1 de Parada Robles.<\/strong> Incluso se manifestaron durante la sesi\u00f3n inaugural del <strong>Concejo Deliberante.<\/strong><\/p>\n<p>D\u00edas despu\u00e9s, durante la comentada conferencia de prensa ofrecida por el intendente <strong>Adri\u00e1n S\u00e1nchez<\/strong> y los funcionarios <strong>Guillermo Flores y Mar\u00eda Luz Bozzani, focalizada<\/strong> en la cuesti\u00f3n de la seguridad y los cuestionamientos al gobierno provincial, ante una pregunta sobre el problema planteado con el transporte para los chicos cursan en la escuela t\u00e9cnica de Robles, Bozzani mencion\u00f3 que exist\u00edan conversaciones para encontrar una salida a la cuesti\u00f3n.<\/p>\n<figure id=\"attachment_1939\" aria-describedby=\"caption-attachment-1939\" style=\"width: 960px\" class=\"wp-caption aligncenter\"><img loading=\"lazy\" decoding=\"async\" class=\"size-full wp-image-1939\" src=\"https:\/\/revistaepocadigital.com.ar\/wp-content\/uploads\/2019\/03\/bozza-pon-ruta-bus19.jpg\" alt=\"\" width=\"960\" height=\"720\" srcset=\"https:\/\/revistaepocadigital.com.ar\/wp-content\/uploads\/2019\/03\/bozza-pon-ruta-bus19.jpg 960w, https:\/\/revistaepocadigital.com.ar\/wp-content\/uploads\/2019\/03\/bozza-pon-ruta-bus19-300x225.jpg 300w, https:\/\/revistaepocadigital.com.ar\/wp-content\/uploads\/2019\/03\/bozza-pon-ruta-bus19-768x576.jpg 768w, https:\/\/revistaepocadigital.com.ar\/wp-content\/uploads\/2019\/03\/bozza-pon-ruta-bus19-80x60.jpg 80w, https:\/\/revistaepocadigital.com.ar\/wp-content\/uploads\/2019\/03\/bozza-pon-ruta-bus19-160x120.jpg 160w, https:\/\/revistaepocadigital.com.ar\/wp-content\/uploads\/2019\/03\/bozza-pon-ruta-bus19-265x198.jpg 265w, https:\/\/revistaepocadigital.com.ar\/wp-content\/uploads\/2019\/03\/bozza-pon-ruta-bus19-696x522.jpg 696w, https:\/\/revistaepocadigital.com.ar\/wp-content\/uploads\/2019\/03\/bozza-pon-ruta-bus19-560x420.jpg 560w\" sizes=\"auto, (max-width: 960px) 100vw, 960px\" \/><figcaption id=\"caption-attachment-1939\" class=\"wp-caption-text\">En la reuni\u00f3n se coordinaron horarios de colectivos (Foto prensa municipalidad).<\/figcaption><\/figure>\n<p>En las \u00faltimas horas, el municipio inform\u00f3 que el intendente <strong>S\u00e1nchez<\/strong> se reuni\u00f3 con el <strong>Jefe de Tr\u00e1fico de la Empresa Ruta Bus,<\/strong><em> &#8220;a los fines de coordinar los horarios de colectivos y trasbordos para los chicos que cursan en la Escuela T\u00e9cnica de Robles&#8221;<\/em>. En dicha reuni\u00f3n, hicieron saber desde la comuna, <em>&#8220;se pudo acordar que para el horario de ingreso de los chicos a la escuela, el servicio que sale de Cardales a Capilla a las 6.45, pasando por el Barrio Sakura a las 7.05, realice una combinaci\u00f3n a las 7.15 horas en Sakura, con un servicio que viene desde Pilar hacia San Antonio de Areco, pasando por Parada Robles a las 7.30 de la ma\u00f1ana&#8221;.<\/em><\/p>\n<figure id=\"attachment_1941\" aria-describedby=\"caption-attachment-1941\" style=\"width: 640px\" class=\"wp-caption aligncenter\"><img loading=\"lazy\" decoding=\"async\" class=\"size-full wp-image-1941\" src=\"https:\/\/revistaepocadigital.com.ar\/wp-content\/uploads\/2019\/03\/reclamos-hcd19.jpg\" alt=\"\" width=\"640\" height=\"480\" srcset=\"https:\/\/revistaepocadigital.com.ar\/wp-content\/uploads\/2019\/03\/reclamos-hcd19.jpg 640w, https:\/\/revistaepocadigital.com.ar\/wp-content\/uploads\/2019\/03\/reclamos-hcd19-300x225.jpg 300w, https:\/\/revistaepocadigital.com.ar\/wp-content\/uploads\/2019\/03\/reclamos-hcd19-80x60.jpg 80w, https:\/\/revistaepocadigital.com.ar\/wp-content\/uploads\/2019\/03\/reclamos-hcd19-160x120.jpg 160w, https:\/\/revistaepocadigital.com.ar\/wp-content\/uploads\/2019\/03\/reclamos-hcd19-265x198.jpg 265w, https:\/\/revistaepocadigital.com.ar\/wp-content\/uploads\/2019\/03\/reclamos-hcd19-560x420.jpg 560w\" sizes=\"auto, (max-width: 640px) 100vw, 640px\" \/><figcaption id=\"caption-attachment-1941\" class=\"wp-caption-text\">Los reclamos hab\u00edan llegado hasta el HCD en la sesi\u00f3n inaugural de este a\u00f1o (Foto Epoca)<\/figcaption><\/figure>\n<p>En cuanto a los <strong>horarios nocturnos,<\/strong> se acord\u00f3 retrasar la salida del colectivo que va desde Areco a Pilar, con el objetivo de que pase por Robles a las 21.25, llegando a Sakura a las 21.40. Y se acord\u00f3 que el colectivo que viene desde Pilar hacia Cardales, modifique su recorrido habitual para que efect\u00fae una parada en el Barrio Sakura a las 21.50, para luego arribar a Los Cardales a las 22.10.<\/p>\n<p>Junto a S\u00e1nchez, participaron en la mencionada reuni\u00f3n, la coordinadora de procedimientos administrativos y gesti\u00f3n Ooerativa Maria Luz Bozzani, el director del \u00e1rea de procedimientos administrativos y gesti\u00f3n operativa Carlos Tucci, la asesora en educaci\u00f3n Cristina Ponce y por la Oficina Municipal de Informaci\u00f3n al Consumidor, Vanesa Cufre.<\/p>\n","protected":false},"excerpt":{"rendered":"<p>EL RECLAMO HABIA SIDO PLANTEADO.<\/p>\n","protected":false},"author":4,"featured_media":1938,"comment_status":"open","ping_status":"open","sticky":false,"template":"","format":"standard","meta":{"footnotes":"","jetpack_publicize_message":"","jetpack_publicize_feature_enabled":true,"jetpack_social_post_already_shared":false,"jetpack_social_options":{"image_generator_settings":{"template":"highway","default_image_id":0,"font":"","enabled":false},"version":2}},"categories":[6,13],"tags":[261,37,260],"class_list":["post-1936","post","type-post","status-publish","format-standard","has-post-thumbnail","hentry","category-barrios","category-interes-general","tag-barrios","tag-destacada","tag-interes-general"],"jetpack_publicize_connections":[],"jetpack_featured_media_url":"https:\/\/revistaepocadigital.com.ar\/wp-content\/uploads\/2019\/03\/sanche-ruta-bus-19.jpg","jetpack_likes_enabled":true,"_links":{"self":[{"href":"https:\/\/revistaepocadigital.com.ar\/index.php?rest_route=\/wp\/v2\/posts\/1936","targetHints":{"allow":["GET"]}}],"collection":[{"href":"https:\/\/revistaepocadigital.com.ar\/index.php?rest_route=\/wp\/v2\/posts"}],"about":[{"href":"https:\/\/revistaepocadigital.com.ar\/index.php?rest_route=\/wp\/v2\/types\/post"}],"author":[{"embeddable":true,"href":"https:\/\/revistaepocadigital.com.ar\/index.php?rest_route=\/wp\/v2\/users\/4"}],"replies":[{"embeddable":true,"href":"https:\/\/revistaepocadigital.com.ar\/index.php?rest_route=%2Fwp%2Fv2%2Fcomments&post=1936"}],"version-history":[{"count":0,"href":"https:\/\/revistaepocadigital.com.ar\/index.php?rest_route=\/wp\/v2\/posts\/1936\/revisions"}],"wp:featuredmedia":[{"embeddable":true,"href":"https:\/\/revistaepocadigital.com.ar\/index.php?rest_route=\/wp\/v2\/media\/1938"}],"wp:attachment":[{"href":"https:\/\/revistaepocadigital.com.ar\/index.php?rest_route=%2Fwp%2Fv2%2Fmedia&parent=1936"}],"wp:term":[{"taxonomy":"category","embeddable":true,"href":"https:\/\/revistaepocadigital.com.ar\/index.php?rest_route=%2Fwp%2Fv2%2Fcategories&post=1936"},{"taxonomy":"post_tag","embeddable":true,"href":"https:\/\/revistaepocadigital.com.ar\/index.php?rest_route=%2Fwp%2Fv2%2Ftags&post=1936"}],"curies":[{"name":"wp","href":"https:\/\/api.w.org\/{rel}","templated":true}]}}