{"id":19368,"date":"2023-01-15T01:53:09","date_gmt":"2023-01-15T04:53:09","guid":{"rendered":"https:\/\/revistaepocadigital.com.ar\/?p=19368"},"modified":"2023-01-15T02:13:37","modified_gmt":"2023-01-15T05:13:37","slug":"incendio-alertas-y-recomendaciones-de-sociedad-rural","status":"publish","type":"post","link":"https:\/\/revistaepocadigital.com.ar\/?p=19368","title":{"rendered":"INCENDIO. ALERTAS Y RECOMENDACIONES DE  SOCIEDAD RURAL"},"content":{"rendered":"<table class=\"ydp61265ab3yiv5411284076tobBlock ydp61265ab3yiv5411284076tobClonable\" border=\"0\" width=\"100%\" cellspacing=\"0\" cellpadding=\"0\">\n<tbody>\n<tr>\n<td valign=\"top\"><strong>SITUACION GRAV\u00cdSIMA, ANTE LA SEQU\u00cdA Y EL VERANO<\/strong>.<\/p>\n<p>La Sociedad Rural de Exaltaci\u00f3n de la Cruz, Campana y Z\u00e1rate junto a los Bomberos Voluntarios de los tres distritos, difundieron recomendaciones para prevenir incendios.<\/p>\n<p><!--more--><\/p>\n<div class=\"ydp61265ab3yiv5411284076tobEditableHtml\">\n<div class=\"ydp61265ab3yiv5411284076WordSection1\">\n<p class=\"ydp61265ab3yiv5411284076MsoNormal\"><img decoding=\"async\" id=\"ydp61265ab3yiv5411284076Imagen_x0020_5\" src=\"https:\/\/ecp.yusercontent.com\/mail?url=https%3A%2F%2F101737.asset.dattanet.com%2Fweb_public_shared%2Fimage%2F101737%2F63c0032120a5e.jpeg&amp;t=1673725014&amp;ymreqid=a1e28384-e738-286e-1c4c-1d0022014f00&amp;sig=ynH_NOM5dqU_t5yrtInRVw--~D\" data-inlineimagemanipulating=\"true\" \/><\/p>\n<p class=\"ydp61265ab3yiv5411284076MsoNormal\"><span lang=\"ES\"><a href=\"https:\/\/101737.clicks.dattanet.com\/track\/click?u=1186979&amp;p=3130313733373a343731363a333837363a303a313a30&amp;s=daa465844b83b005a1a4d5af25423362&amp;m=516\" target=\"_blank\" rel=\"nofollow noopener\">www.ruralecz.com.ar<\/a>\u00a0\u00a0<\/span><\/p>\n<\/div>\n<\/div>\n<\/td>\n<\/tr>\n<\/tbody>\n<\/table>\n<p>&nbsp;<\/p>\n","protected":false},"excerpt":{"rendered":"<p>SITUACION GRAV\u00cdSIMA, ANTE LA SEQU\u00cdA Y EL VERANO. La Sociedad Rural de Exaltaci\u00f3n de la Cruz, Campana y Z\u00e1rate junto a los Bomberos Voluntarios de los tres distritos, difundieron recomendaciones para prevenir incendios.<\/p>\n","protected":false},"author":4,"featured_media":19372,"comment_status":"open","ping_status":"open","sticky":false,"template":"","format":"standard","meta":{"footnotes":"","jetpack_publicize_message":"","jetpack_publicize_feature_enabled":true,"jetpack_social_post_already_shared":false,"jetpack_social_options":{"image_generator_settings":{"template":"highway","default_image_id":0,"font":"","enabled":false},"version":2}},"categories":[14],"tags":[365,37,955,347],"class_list":["post-19368","post","type-post","status-publish","format-standard","has-post-thumbnail","hentry","category-la-gente","tag-bomberos","tag-destacada","tag-incendios","tag-sociedad-rural"],"jetpack_publicize_connections":[],"jetpack_featured_media_url":"https:\/\/revistaepocadigital.com.ar\/wp-content\/uploads\/2023\/01\/BOMBE-INCEN-RURAL.jpg","jetpack_likes_enabled":true,"_links":{"self":[{"href":"https:\/\/revistaepocadigital.com.ar\/index.php?rest_route=\/wp\/v2\/posts\/19368","targetHints":{"allow":["GET"]}}],"collection":[{"href":"https:\/\/revistaepocadigital.com.ar\/index.php?rest_route=\/wp\/v2\/posts"}],"about":[{"href":"https:\/\/revistaepocadigital.com.ar\/index.php?rest_route=\/wp\/v2\/types\/post"}],"author":[{"embeddable":true,"href":"https:\/\/revistaepocadigital.com.ar\/index.php?rest_route=\/wp\/v2\/users\/4"}],"replies":[{"embeddable":true,"href":"https:\/\/revistaepocadigital.com.ar\/index.php?rest_route=%2Fwp%2Fv2%2Fcomments&post=19368"}],"version-history":[{"count":0,"href":"https:\/\/revistaepocadigital.com.ar\/index.php?rest_route=\/wp\/v2\/posts\/19368\/revisions"}],"wp:featuredmedia":[{"embeddable":true,"href":"https:\/\/revistaepocadigital.com.ar\/index.php?rest_route=\/wp\/v2\/media\/19372"}],"wp:attachment":[{"href":"https:\/\/revistaepocadigital.com.ar\/index.php?rest_route=%2Fwp%2Fv2%2Fmedia&parent=19368"}],"wp:term":[{"taxonomy":"category","embeddable":true,"href":"https:\/\/revistaepocadigital.com.ar\/index.php?rest_route=%2Fwp%2Fv2%2Fcategories&post=19368"},{"taxonomy":"post_tag","embeddable":true,"href":"https:\/\/revistaepocadigital.com.ar\/index.php?rest_route=%2Fwp%2Fv2%2Ftags&post=19368"}],"curies":[{"name":"wp","href":"https:\/\/api.w.org\/{rel}","templated":true}]}}