{"id":19385,"date":"2023-01-16T16:03:42","date_gmt":"2023-01-16T19:03:42","guid":{"rendered":"https:\/\/revistaepocadigital.com.ar\/?p=19385"},"modified":"2023-01-18T08:17:16","modified_gmt":"2023-01-18T11:17:16","slug":"augusto-sanz-vive-en-robles-es-bombero-y-en-el-dakar-se-dio-el-gusto-de-su-vida","status":"publish","type":"post","link":"https:\/\/revistaepocadigital.com.ar\/?p=19385","title":{"rendered":"Augusto Sanz, vive en Robles, es bombero y en el Dakar se dio el gusto de su vida"},"content":{"rendered":"<p><strong>EN PARADA ROBLES, EN CAPILLA DEL SE\u00d1OR, DONDE MAS LO CONOCEN.<\/strong><!--more--><\/p>\n<p>Los Bomberos Voluntarios de la ciudad, los la dependencia en Robles, los compa\u00f1eros, directivos de la Asociaci\u00f3n de Bomberos local encabezados por Angel S\u00e1nchez, vecinos entusiastas de las carreras de autos y del Dakar.<\/p>\n<p>Todos aguardaron muy contentos y orgullos, la vuelta de <strong>Augusto Sanz<\/strong> desde Arabia Saudita, donde corri\u00f3 en el reciente Dakar, viviendo una de sus m\u00e1s intensas e inolvidables experiencias. Muestra de la algarab\u00eda por lo muy buen hecho por el pibe, navegante del portugu\u00e9s Ricardo Porem en la categoria UTV derivados de f\u00e1brica en el poderoso equipo Yamaha, nada menos.<\/p>\n<p><img loading=\"lazy\" decoding=\"async\" class=\"aligncenter size-full wp-image-19393\" src=\"https:\/\/revistaepocadigital.com.ar\/wp-content\/uploads\/2023\/01\/sanz-dak-bom-carby.jpg\" alt=\"\" width=\"320\" height=\"157\" srcset=\"https:\/\/revistaepocadigital.com.ar\/wp-content\/uploads\/2023\/01\/sanz-dak-bom-carby.jpg 320w, https:\/\/revistaepocadigital.com.ar\/wp-content\/uploads\/2023\/01\/sanz-dak-bom-carby-300x147.jpg 300w\" sizes=\"auto, (max-width: 320px) 100vw, 320px\" \/><\/p>\n<p>Sanz integrante de una familia afincada en Exaltaci\u00f3n de la Cruz, en su vida diaria se dedica a instalar bombas a energ\u00eda solar junto con amigos y socios en todo el pa\u00eds, forma parte de los Bomberos Voluntarios de Robles, labor que lo ocupa muy a menudo.<em> &#8220;Un d\u00eda fu\u00ed a un almac\u00e9n de Robles y v\u00ed cartelito que buscaban gente para abrir el destacamento de Parada Robles de los Bo<\/em>mberos Voluntarios, y me anot\u00e9; fue en el 2015 y desde entonces soy bombero&#8221;, cont\u00f3 a Carburando.com.<\/p>\n<p><strong>Y desde ya, es un apasionado de las carreras tipo aventuras, donde aquilata pese a su corta edad, una brillante trayectoria. Augusto <\/strong>corri\u00f3 el Campeonato Argentino de Cross Country en moto, tambi\u00e9n el Desaf\u00edo Ruta 40 y fue campe\u00f3n del Argentino de Canam T3.2 en UTV, y en tanto salio 5\u00ba en el SARR, prueba de extrema dureza simil Dakar pero de m\u00e1s corto recorrido que tiene lugar en nuestro pa\u00eds a\u00f1o a a\u00f1o.<\/p>\n<p>Sus antecedentes tan destacados, hicieron que fuera llamado por whatsaap y tel\u00e9fono El portugu\u00e9s Porem, lo convoc\u00f3 a que fuera su navegante en el Dakar iniciado el 1 de enero pasado en Arabia. Faltaban tan s\u00f3lo 45 para la largada de\u00a0gran aventura en Arabia Saudita. \u201c<em>No lo pod\u00eda creer\u201d,<\/em> record\u00f3\u00a0<strong>Augusto<\/strong>\u00a0tanto que le cost\u00f3 recuperarse de su asombro cuando recibi\u00f3 el llamado.<\/p>\n<h6 class=\"sp__Normal embed-box embed-body-photo\" data-index=\"1\"><picture class=\"pointer\"><img loading=\"lazy\" decoding=\"async\" class=\"img-expand\" src=\"https:\/\/www.clarin.com\/img\/2023\/01\/13\/OgxL_DwBW_720x0__1.jpg\" alt=\"Augusto Sanz en su rol de bombero voluntario.\" width=\"100\" height=\"100\" \/><\/picture><em>Sanz trabajando como bombero<\/em><\/h6>\n<div data-index=\"1\"><\/div>\n<div class=\"sp__Normal embed-box embed-body-photo\" data-index=\"1\">En esos momentos, cuando lo llamaron, Augusto se encontraba en la provincia de Corrientes efectuando una instalaci\u00f3n. Un amigo del otro lado del celular le dijo que le propon\u00edan correr el Dakar en un<strong> Side by Side como navegante<\/strong>. Desde ya, &#8220;<em>no lo dud\u00e9&#8221;<\/em>, dijo en la misma nota en Carburando.com. Cuando el portugu\u00e9s Porem le formaliz\u00f3 el ofrecimiento, respondi\u00f3 al toque, <em>&#8220;estoy listo<\/em>&#8220;. Pocos d\u00edas m\u00e1s tarde parti\u00f3 hacia Arabia Saudita junto a su padre y la gran aventura que lo esperaba, se concret\u00f3 y con un saldo altamente positivo, tanto que llevaron a que ganara como navegante por primera vez una etapa del Dakar sobre el\u00a0<strong>Yamaha\u00a0<\/strong>del poderoso equipo alem\u00e1n X-Raid. La historia\u00a0 continu\u00f3 y no faltaron obst\u00e1culos por superar. Sin embargo, con capacidad y mucha garra Porem y Sanz concretaron el so\u00f1ado objetivo con un gran resultado, finalizaron 12\u00ba el Dakar 2023.<\/div>\n<p>&nbsp;<\/p>\n<div class=\"sp__Normal embed-box embed-body-photo\" data-index=\"2\"><picture class=\"pointer\"><img loading=\"lazy\" decoding=\"async\" class=\"img-expand\" src=\"https:\/\/www.clarin.com\/img\/2023\/01\/13\/knmtC_A9l_720x0__1.jpg\" alt=\"\u201cSiento que soy el representante de los bomberos en esta competencia&quot;, dice Augusto Sanz.\" width=\"100\" height=\"100\" \/><\/picture><em>Arriba de una de las unidades de los Bomberos.<\/em><\/div>\n<div data-index=\"2\"><\/div>\n<div class=\"sp__Normal embed-box embed-body-photo\" data-index=\"2\">\u201c<em>Sent\u00ed que era el representante de los Bomberos en el Dakar, recib\u00ed mensajes de apoyo de todos los colegas y de cualquier lugar del pa\u00eds, ser\u00e9 un eterno agradecido; la verdad el Dakar es incre\u00edble. Fue impresionante c\u00f3mo &#8220;corri\u00f3&#8221; la noticia\u201d<\/em>, coment\u00f3 Augusto, quien a su vez tom\u00f3 contacto con un un equipo neerland\u00e9s que corri\u00f3 en la categor\u00eda Camiones, integrado por bomberos de ese pa\u00eds.<\/div>\n<p>&nbsp;<\/p>\n<p>Su primera participaci\u00f3n el Dakar, sinti\u00f3 que le demostr\u00f3 que los &#8220;j\u00f3venes que tienen pasi\u00f3n por algo, deben perseguir los sue\u00f1os porque se alcanzan y se cumplen\u201d. Adem\u00e1s le abri\u00f3 puertas a futuro, tanto que un equipo muy importante pudiera convocarlo para oficiar como navegante en otros Rally Raids en el mundo, incluso en el Dakar 2024.<\/p>\n<p>Regresado y muy satisfecho al pa\u00eds y a <strong>Robles<\/strong>, se reencontr\u00f3 con su familia, mientras que los Bomberos Voluntarios de Capilla del Se\u00f1or, dijo Angel S\u00e1nchez a\u00a0 EPOCA, le brindaban este martes a las 19 en Capilla el homenaje y reconocimiento que Augusto se gan\u00f3.<\/p>\n<p><iframe loading=\"lazy\" title=\"Augusto Sanz, vive en Robles, es bombero y en el Dakar se dio el gusto de su vida\" width=\"696\" height=\"392\" src=\"https:\/\/www.youtube.com\/embed\/KpnyPYe06Is?feature=oembed\" frameborder=\"0\" allow=\"accelerometer; autoplay; clipboard-write; encrypted-media; gyroscope; picture-in-picture; web-share\" allowfullscreen><\/iframe><\/p>\n<p>&nbsp;<\/p>\n","protected":false},"excerpt":{"rendered":"<p>EN PARADA ROBLES, EN CAPILLA DEL SE\u00d1OR, DONDE MAS LO CONOCEN.<\/p>\n","protected":false},"author":4,"featured_media":19392,"comment_status":"open","ping_status":"open","sticky":false,"template":"","format":"standard","meta":{"footnotes":"","jetpack_publicize_message":"","jetpack_publicize_feature_enabled":true,"jetpack_social_post_already_shared":false,"jetpack_social_options":{"image_generator_settings":{"template":"highway","default_image_id":0,"font":"","enabled":false},"version":2}},"categories":[13],"tags":[1592,2172,201,2171],"class_list":["post-19385","post","type-post","status-publish","format-standard","has-post-thumbnail","hentry","category-interes-general","tag-bombero","tag-dakar-2023","tag-robles","tag-sanz"],"jetpack_publicize_connections":[],"jetpack_featured_media_url":"https:\/\/revistaepocadigital.com.ar\/wp-content\/uploads\/2023\/01\/sanz-augusto-2.webp","jetpack_likes_enabled":true,"_links":{"self":[{"href":"https:\/\/revistaepocadigital.com.ar\/index.php?rest_route=\/wp\/v2\/posts\/19385","targetHints":{"allow":["GET"]}}],"collection":[{"href":"https:\/\/revistaepocadigital.com.ar\/index.php?rest_route=\/wp\/v2\/posts"}],"about":[{"href":"https:\/\/revistaepocadigital.com.ar\/index.php?rest_route=\/wp\/v2\/types\/post"}],"author":[{"embeddable":true,"href":"https:\/\/revistaepocadigital.com.ar\/index.php?rest_route=\/wp\/v2\/users\/4"}],"replies":[{"embeddable":true,"href":"https:\/\/revistaepocadigital.com.ar\/index.php?rest_route=%2Fwp%2Fv2%2Fcomments&post=19385"}],"version-history":[{"count":0,"href":"https:\/\/revistaepocadigital.com.ar\/index.php?rest_route=\/wp\/v2\/posts\/19385\/revisions"}],"wp:featuredmedia":[{"embeddable":true,"href":"https:\/\/revistaepocadigital.com.ar\/index.php?rest_route=\/wp\/v2\/media\/19392"}],"wp:attachment":[{"href":"https:\/\/revistaepocadigital.com.ar\/index.php?rest_route=%2Fwp%2Fv2%2Fmedia&parent=19385"}],"wp:term":[{"taxonomy":"category","embeddable":true,"href":"https:\/\/revistaepocadigital.com.ar\/index.php?rest_route=%2Fwp%2Fv2%2Fcategories&post=19385"},{"taxonomy":"post_tag","embeddable":true,"href":"https:\/\/revistaepocadigital.com.ar\/index.php?rest_route=%2Fwp%2Fv2%2Ftags&post=19385"}],"curies":[{"name":"wp","href":"https:\/\/api.w.org\/{rel}","templated":true}]}}