{"id":19436,"date":"2023-01-23T21:17:53","date_gmt":"2023-01-24T00:17:53","guid":{"rendered":"https:\/\/revistaepocadigital.com.ar\/?p=19436"},"modified":"2023-01-23T22:31:53","modified_gmt":"2023-01-24T01:31:53","slug":"francesca-moroni-12-anos-y-ya-dio-la-nota-en-ciclismo","status":"publish","type":"post","link":"https:\/\/revistaepocadigital.com.ar\/?p=19436","title":{"rendered":"Francesca Moroni, 12 a\u00f1os y ya dio la nota en ciclismo"},"content":{"rendered":"<div data-test-id=\"focus-group\" aria-label=\"Grupo de navegaci\u00f3n del teclado. Usa las flechas para navegar o el tabulador para pasar al siguiente grupo.\">\n<header class=\"D_F m_Z12nDQf P_Z1A2bQX I_ZkbNhI ab_CI\" data-test-id=\"message-group-header\">\n<div class=\"D_F ab_C em_N o_h A_6FsP P_3Y3Gk\"><strong><span class=\"en_N i_3mCHE c1AVi73_6LUG c1AVi7H_6MWH\" title=\"Hola buen d\u00eda Carlitos como andas te paso estas fotos que son de FRANCESCA mi hija la cual empez\u00f3 a correr en bici y este domingo pasado se consagr\u00f3 campeona del infanto juvenil de general Rodr\u00edguez y este s\u00e1bado termina el campeonato en salto que ya se consagr\u00f3 campeona pero queda la \u00faltima fecha y hay que correrla tiene 10 carreras corridas 7 ganadas y 3 segundos puestos .....FRANCESCA MORONI\" data-test-id=\"message-group-subject\">SU PADRE, EL CONOCIDO CACHO MORONI, ES UN APASIONADO DE LAS BICICLETAS, DEL CICLISMO, HA COMPETIDO Y UNO DE LOS ENTUSIASTAS QUE DESTACARON LA CONCRECI\u00d3N DEL CIRCUITO CICLISTICO LOCAL.<!--more--><\/span><\/strong><\/div>\n<div><\/div>\n<div><\/div>\n<div class=\"D_F ab_C em_N o_h A_6FsP P_3Y3Gk\"><span class=\"en_N i_3mCHE c1AVi73_6LUG c1AVi7H_6MWH\" title=\"Hola buen d\u00eda Carlitos como andas te paso estas fotos que son de FRANCESCA mi hija la cual empez\u00f3 a correr en bici y este domingo pasado se consagr\u00f3 campeona del infanto juvenil de general Rodr\u00edguez y este s\u00e1bado termina el campeonato en salto que ya se consagr\u00f3 campeona pero queda la \u00faltima fecha y hay que correrla tiene 10 carreras corridas 7 ganadas y 3 segundos puestos .....FRANCESCA MORONI\" data-test-id=\"message-group-subject\"><span data-test-id=\"message-group-subject-text\">Y en su familia habita la misma pasi\u00f3n, tanto que <strong>Francesca<\/strong> su hija, el a\u00f1o pasado comenz\u00f3 a competir en ciclismo y con muy destacadas actuaciones y logros obtenidos.<\/span><\/span><\/div>\n<\/header>\n<\/div>\n<div><\/div>\n<div>\n<figure id=\"attachment_19440\" aria-describedby=\"caption-attachment-19440\" style=\"width: 711px\" class=\"wp-caption aligncenter\"><img loading=\"lazy\" decoding=\"async\" class=\"size-full wp-image-19440\" src=\"https:\/\/revistaepocadigital.com.ar\/wp-content\/uploads\/2023\/01\/francesca-star.jpg\" alt=\"\" width=\"711\" height=\"533\" srcset=\"https:\/\/revistaepocadigital.com.ar\/wp-content\/uploads\/2023\/01\/francesca-star.jpg 711w, https:\/\/revistaepocadigital.com.ar\/wp-content\/uploads\/2023\/01\/francesca-star-300x225.jpg 300w, https:\/\/revistaepocadigital.com.ar\/wp-content\/uploads\/2023\/01\/francesca-star-80x60.jpg 80w, https:\/\/revistaepocadigital.com.ar\/wp-content\/uploads\/2023\/01\/francesca-star-160x120.jpg 160w, https:\/\/revistaepocadigital.com.ar\/wp-content\/uploads\/2023\/01\/francesca-star-265x198.jpg 265w, https:\/\/revistaepocadigital.com.ar\/wp-content\/uploads\/2023\/01\/francesca-star-530x396.jpg 530w, https:\/\/revistaepocadigital.com.ar\/wp-content\/uploads\/2023\/01\/francesca-star-696x522.jpg 696w, https:\/\/revistaepocadigital.com.ar\/wp-content\/uploads\/2023\/01\/francesca-star-560x420.jpg 560w\" sizes=\"auto, (max-width: 711px) 100vw, 711px\" \/><figcaption id=\"caption-attachment-19440\" class=\"wp-caption-text\">Una largada. Cacho Moroni\u00a0 asiste a su hija.<\/figcaption><\/figure>\n<\/div>\n<div data-test-id=\"focus-group\" aria-label=\"Grupo de navegaci\u00f3n del teclado. Usa las flechas para navegar o el tabulador para pasar al siguiente grupo.\">\n<header class=\"D_F m_Z12nDQf P_Z1A2bQX I_ZkbNhI ab_CI\" data-test-id=\"message-group-header\">\n<div class=\"D_F ab_C em_N o_h A_6FsP P_3Y3Gk\"><span class=\"en_N i_3mCHE c1AVi73_6LUG c1AVi7H_6MWH\" title=\"Hola buen d\u00eda Carlitos como andas te paso estas fotos que son de FRANCESCA mi hija la cual empez\u00f3 a correr en bici y este domingo pasado se consagr\u00f3 campeona del infanto juvenil de general Rodr\u00edguez y este s\u00e1bado termina el campeonato en salto que ya se consagr\u00f3 campeona pero queda la \u00faltima fecha y hay que correrla tiene 10 carreras corridas 7 ganadas y 3 segundos puestos .....FRANCESCA MORONI\" data-test-id=\"message-group-subject\"><span data-test-id=\"message-group-subject-text\">La joven ciclista capillense se consagr\u00f3 campeona por anticipado del campeonato infanto juvenil realizado en la ciudad de General Rodr\u00edguez y luego corri\u00f3 en la ciudad de Salto, donde finaliz\u00f3 la temporada.\u00a0<\/span><\/span><span class=\"en_N i_3mCHE c1AVi73_6LUG c1AVi7H_6MWH\" title=\"Hola buen d\u00eda Carlitos como andas te paso estas fotos que son de FRANCESCA mi hija la cual empez\u00f3 a correr en bici y este domingo pasado se consagr\u00f3 campeona del infanto juvenil de general Rodr\u00edguez y este s\u00e1bado termina el campeonato en salto que ya se consagr\u00f3 campeona pero queda la \u00faltima fecha y hay que correrla tiene 10 carreras corridas 7 ganadas y 3 segundos puestos .....FRANCESCA MORONI\" data-test-id=\"message-group-subject\"><span data-test-id=\"message-group-subject-text\">Hab\u00eda participado en 10 competencias, de las que gan\u00f3 nada menos que 7 y en las 3 restantes arrib\u00f3 segunda.<\/span><\/span><\/div>\n<\/header>\n<\/div>\n<p>&nbsp;<\/p>\n<p><strong>fffFrancesca Moroni<\/strong> tiene tan s\u00f3lo 12 a\u00f1os, categor\u00eda 2010 y en 2022 compiti\u00f3 en el campeonato primavera de la categor\u00eda, en el que se impuso en 5 de las 6 fechas llevadas a cabo, a la vez 2 segundos puestos, por lo que con 70 puntos se consagr\u00f3 campeona.<\/p>\n<div data-test-id=\"focus-group\" aria-label=\"Grupo de navegaci\u00f3n del teclado. Usa las flechas para navegar o el tabulador para pasar al siguiente grupo.\">\n<div class=\"p_R b_2w4lU5 I_ZkbNhI em_N it_689y X_fq7 N_6LEV iu_FJ is_Z2bg7IA iv_0 iv3_dRA cZdTOHS_28Otf4 j_ZUs0f0 message-view\" tabindex=\"40\" data-test-id=\"message-view\" data-test-expanded=\"true\" data-iskeynav=\"true\">\n<div data-test-id=\"message-body-container\">\n<div class=\"I_ZkbNhI D_FY W_6D6F\" data-test-id=\"message-view-body\">\n<div class=\"msg-body P_wpofO mq_AS\" data-test-id=\"message-view-body-content\">\n<div class=\"jb_0 X_6MGW N_6Fd5\">\n<div dir=\"ltr\">Tambi\u00e9n corri\u00f3 en San Andr\u00e9s de Giles y alcanz\u00f3 una victoria m\u00e1s, en tanto en General Rodr\u00edguez al cabo de 2 carreras disputadas, se llev\u00f3 otro campeonato en la categor\u00eda infanto juvenil 2022 femenino. La precoz deportista local, adem\u00e1s, particip\u00f3 en Z\u00e1rate en 3 pruebas, de las que triunf\u00f3 en 2 y result\u00f3. Para destacar sin dudas, fue que Francesca apenas comenzada sus participaciones en ciclismo, en s\u00f3lo dos meses y medios y al cabo de 11 carreras en total, alcanz\u00f3 magn\u00edficos resultados que, sin dudas, aguardaba con optimismo y preparaci\u00f3n, reiterarlos y sumar nuevos logros en 2023.<\/div>\n<\/div>\n<div dir=\"ltr\">\n<figure id=\"attachment_19442\" aria-describedby=\"caption-attachment-19442\" style=\"width: 432px\" class=\"wp-caption alignleft\"><img loading=\"lazy\" decoding=\"async\" class=\"size-full wp-image-19442\" src=\"https:\/\/revistaepocadigital.com.ar\/wp-content\/uploads\/2023\/01\/francesca-copac.jpg\" alt=\"\" width=\"432\" height=\"563\" srcset=\"https:\/\/revistaepocadigital.com.ar\/wp-content\/uploads\/2023\/01\/francesca-copac.jpg 432w, https:\/\/revistaepocadigital.com.ar\/wp-content\/uploads\/2023\/01\/francesca-copac-230x300.jpg 230w, https:\/\/revistaepocadigital.com.ar\/wp-content\/uploads\/2023\/01\/francesca-copac-322x420.jpg 322w\" sizes=\"auto, (max-width: 432px) 100vw, 432px\" \/><figcaption id=\"caption-attachment-19442\" class=\"wp-caption-text\">Junto a su herramienta, la bicicleta.<\/figcaption><\/figure>\n<\/div>\n<div class=\"jb_0 X_6MGW N_6Fd5\">\n<div dir=\"ltr\"><\/div>\n<div dir=\"ltr\">Las competidoras se dividen en categor\u00edas seg\u00fan sus edades y se dan pruebas en las que intervienen varones y mujeres con una clasificaci\u00f3n final general y tambi\u00e9n la subdivisi\u00f3n de mujeres.<\/div>\n<p>En estos d\u00edas, la chica -seg\u00fan la comentado su padre Cacho a EPOCA- entrena junto a ciclistas mayores en el circuito capillense &#8220;para que agarre ritmo&#8221;. Era probable que compitiera en pruebas en Z\u00e1rate y Salto, a modo de continuar la preparaci\u00f3n con vistas al 4 de febrero en el que tendr\u00e1 lugar el primer campeonato.<\/p>\n<\/div>\n<\/div>\n<div dir=\"ltr\"><\/div>\n<\/div>\n<\/div>\n<\/div>\n<\/div>\n","protected":false},"excerpt":{"rendered":"<p>SU PADRE, EL CONOCIDO CACHO MORONI, ES UN APASIONADO DE LAS BICICLETAS, DEL CICLISMO, HA COMPETIDO Y UNO DE LOS ENTUSIASTAS QUE DESTACARON LA CONCRECI\u00d3N DEL CIRCUITO CICLISTICO LOCAL.<\/p>\n","protected":false},"author":4,"featured_media":19439,"comment_status":"open","ping_status":"open","sticky":false,"template":"","format":"standard","meta":{"footnotes":"","jetpack_publicize_message":"","jetpack_publicize_feature_enabled":true,"jetpack_social_post_already_shared":false,"jetpack_social_options":{"image_generator_settings":{"template":"highway","default_image_id":0,"font":"","enabled":false},"version":2}},"categories":[9],"tags":[324,2176],"class_list":["post-19436","post","type-post","status-publish","format-standard","has-post-thumbnail","hentry","category-deportes","tag-ciclismo","tag-francesca-moroni"],"jetpack_publicize_connections":[],"jetpack_featured_media_url":"https:\/\/revistaepocadigital.com.ar\/wp-content\/uploads\/2023\/01\/francesca-copa-b.jpg","jetpack_likes_enabled":true,"_links":{"self":[{"href":"https:\/\/revistaepocadigital.com.ar\/index.php?rest_route=\/wp\/v2\/posts\/19436","targetHints":{"allow":["GET"]}}],"collection":[{"href":"https:\/\/revistaepocadigital.com.ar\/index.php?rest_route=\/wp\/v2\/posts"}],"about":[{"href":"https:\/\/revistaepocadigital.com.ar\/index.php?rest_route=\/wp\/v2\/types\/post"}],"author":[{"embeddable":true,"href":"https:\/\/revistaepocadigital.com.ar\/index.php?rest_route=\/wp\/v2\/users\/4"}],"replies":[{"embeddable":true,"href":"https:\/\/revistaepocadigital.com.ar\/index.php?rest_route=%2Fwp%2Fv2%2Fcomments&post=19436"}],"version-history":[{"count":0,"href":"https:\/\/revistaepocadigital.com.ar\/index.php?rest_route=\/wp\/v2\/posts\/19436\/revisions"}],"wp:featuredmedia":[{"embeddable":true,"href":"https:\/\/revistaepocadigital.com.ar\/index.php?rest_route=\/wp\/v2\/media\/19439"}],"wp:attachment":[{"href":"https:\/\/revistaepocadigital.com.ar\/index.php?rest_route=%2Fwp%2Fv2%2Fmedia&parent=19436"}],"wp:term":[{"taxonomy":"category","embeddable":true,"href":"https:\/\/revistaepocadigital.com.ar\/index.php?rest_route=%2Fwp%2Fv2%2Fcategories&post=19436"},{"taxonomy":"post_tag","embeddable":true,"href":"https:\/\/revistaepocadigital.com.ar\/index.php?rest_route=%2Fwp%2Fv2%2Ftags&post=19436"}],"curies":[{"name":"wp","href":"https:\/\/api.w.org\/{rel}","templated":true}]}}