{"id":19447,"date":"2023-01-23T22:08:08","date_gmt":"2023-01-24T01:08:08","guid":{"rendered":"https:\/\/revistaepocadigital.com.ar\/?p=19447"},"modified":"2023-01-23T22:08:08","modified_gmt":"2023-01-24T01:08:08","slug":"los-premios-de-la-sociedad-rural-a-los-destacados-2022","status":"publish","type":"post","link":"https:\/\/revistaepocadigital.com.ar\/?p=19447","title":{"rendered":"LOS PREMIOS DE LA SOCIEDAD RURAL A LOS DESTACADOS 2022"},"content":{"rendered":"<div class=\"ydp51b797d9yahoo-style-wrap\">\n<div>\n<div><strong>UNA TRADICI\u00d3N EN CADA CIERRE DE A\u00d1O, SE REITERO.<\/strong><\/div>\n<div class=\"ydp51b797d9signature\">\n<div>\n<div dir=\"ltr\"><\/div>\n<div dir=\"ltr\"><b>\u00a0<\/b><\/div>\n<\/div>\n<\/div>\n<\/div>\n<\/div>\n<p><!--more--><\/p>\n<div id=\"ydp56cab4b1yahoo_quoted_4894686001\" class=\"ydp56cab4b1yahoo_quoted\">\n<div><\/div>\n<div>\n<div id=\"ydp56cab4b1yiv4980853531\">\n<div class=\"ydp56cab4b1yiv4980853531templateBoundary\">\n<table class=\"ydp56cab4b1yiv4980853531tobBlock ydp56cab4b1yiv4980853531tobClonable\" border=\"0\" width=\"100%\" cellspacing=\"0\" cellpadding=\"0\">\n<tbody>\n<tr>\n<td valign=\"top\">&nbsp;<\/p>\n<div class=\"ydp56cab4b1yiv4980853531tobEditableHtml\">\n<div class=\"ydp56cab4b1yiv4980853531WordSection1\">\n<p class=\"ydp56cab4b1yiv4980853531MsoNormal\"><img decoding=\"async\" id=\"ydp56cab4b1yiv4980853531Imagen_x0020_1\" src=\"https:\/\/ecp.yusercontent.com\/mail?url=https%3A%2F%2F101737.asset.dattanet.com%2Fweb_public_shared%2Fimage%2F101737%2F63912e913e75b.png&amp;t=1674520409&amp;ymreqid=a1e28384-e738-286e-1c84-500048012c00&amp;sig=N2rCpDI6d30Bxgbjc1BE3A--~D\" alt=\"cid:image001.png@01D8BDDE.B79C68E0\" data-inlineimagemanipulating=\"true\" \/><\/p>\n<p class=\"ydp56cab4b1yiv4980853531MsoNormal\"><img decoding=\"async\" id=\"ydp56cab4b1yiv4980853531Imagen_x0020_5\" src=\"https:\/\/ecp.yusercontent.com\/mail?url=https%3A%2F%2F101737.asset.dattanet.com%2Fweb_public_shared%2Fimage%2F101737%2F63912e9150bf1.jpeg&amp;t=1674520409&amp;ymreqid=a1e28384-e738-286e-1c84-500048012c00&amp;sig=C5NteCZWl9f2ZiESB11aYg--~D\" data-inlineimagemanipulating=\"true\" \/><\/p>\n<p class=\"ydp56cab4b1yiv4980853531MsoNormal\">\n<\/div>\n<\/div>\n<div class=\"I_ZkbNhI D_FY W_6D6F\" data-test-id=\"message-view-body\">\n<div class=\"msg-body P_wpofO mq_AS\" data-test-id=\"message-view-body-content\">\n<div class=\"jb_0 X_6MGW N_6Fd5\">\n<div id=\"yiv4595447382\">\n<div class=\"yiv4595447382templateBoundary\"><\/div>\n<\/div>\n<\/div>\n<\/div>\n<div class=\"jb_0 X_6MGW N_6Fd5\"><\/div>\n<\/div>\n<div class=\"H_7jIs D_F ab_C Q_69H5 E_36RhU\" data-test-id=\"toolbar-hover-area\">\n<div class=\"D_F W_6D6F r_BN gl_C\" data-test-id=\"card-toolbar\">\n<div class=\"D_F ab_C en_0 b_Z14vXdP e_3mS2U I_ZkbNhI P_Z1otBpf\">\n<hr class=\"M_0 P_0 cn_0\" \/>\n<p>En la sede Capilla del Se\u00f1or se desarroll\u00f3 la ceremonia anual de entrega de premios SOCIEDAD RURAL 2022.<\/p>\n<p>La conducci\u00f3n estuvo a cargo del socio y periodista agropecuario Jos\u00e9 Casado, habl\u00f3 el vicepresidente 1\u00b0 de la entidar ruralista, Fernando Boracchia, quien dio la bienvenida a los presentes y felicit\u00f3 a los ganadores por el trabajo, el compromiso y el esfuerzo demostrado durante el a\u00f1o.<\/p>\n<p><strong>Los premiados, en las distintas categor\u00edas fueron:<\/strong><\/p>\n<p>MENCION ESPECIAL \u201cMANUEL BELGRANO\u201d 2022(PRODUCTORES\/INSTITUCIONES DESTACADAS):<\/p>\n<p>Caba\u00f1a La Cotidiana de Italo Lattanti<\/p>\n<p>Manuel Leon Lastra<\/p>\n<p>Escuela de Ense\u00f1anza Superior Agraria N\u00b0 1 &#8220;Carlos Von Bernard&#8221;<\/p>\n<p>MENCION \u201cGAUCHO\u201d 2022 (BOMBEROS)<\/p>\n<p>Ayte Primero Felipe Orlando Ramos Bomberos Voluntarios de Capilla del Se\u00f1or<\/p>\n<p>Suboficial Carlos Urbina Bomberos Voluntarios de Campana<\/p>\n<p>Ayudante Ra\u00fal Hern\u00e1ndez Bomberos Voluntarios de Los Cardales<\/p>\n<p><img loading=\"lazy\" decoding=\"async\" class=\"alignleft size-full wp-image-19455\" src=\"https:\/\/revistaepocadigital.com.ar\/wp-content\/uploads\/2023\/01\/rura-pre-bo.jpg\" alt=\"\" width=\"567\" height=\"425\" srcset=\"https:\/\/revistaepocadigital.com.ar\/wp-content\/uploads\/2023\/01\/rura-pre-bo.jpg 567w, https:\/\/revistaepocadigital.com.ar\/wp-content\/uploads\/2023\/01\/rura-pre-bo-300x225.jpg 300w, https:\/\/revistaepocadigital.com.ar\/wp-content\/uploads\/2023\/01\/rura-pre-bo-80x60.jpg 80w, https:\/\/revistaepocadigital.com.ar\/wp-content\/uploads\/2023\/01\/rura-pre-bo-160x120.jpg 160w, https:\/\/revistaepocadigital.com.ar\/wp-content\/uploads\/2023\/01\/rura-pre-bo-265x198.jpg 265w, https:\/\/revistaepocadigital.com.ar\/wp-content\/uploads\/2023\/01\/rura-pre-bo-530x396.jpg 530w, https:\/\/revistaepocadigital.com.ar\/wp-content\/uploads\/2023\/01\/rura-pre-bo-560x420.jpg 560w\" sizes=\"auto, (max-width: 567px) 100vw, 567px\" \/><\/p>\n<p>MENCION \u201cOMBU\u201d2022 (POLICIA RURAL)<\/p>\n<p>Oficial Ayudante Liliana Alejandra Virag . Comando de Prevenci\u00f3n Rural Exaltaci\u00f3n de la Cruz.<\/p>\n<p>Oficial Ayudante Jonathan Ezequiel Rojas. Comando de Prevenci\u00f3n Rural Exaltaci\u00f3n de la Cruz.<\/p>\n<p>Oficial Inspector Victor Dar\u00edo Basavilbaso . Comando de Prevenci\u00f3n Rural Z\u00e1rate-Campana.<\/p>\n<p>&nbsp;<\/p>\n<p><img loading=\"lazy\" decoding=\"async\" class=\"alignleft size-full wp-image-19454\" src=\"https:\/\/revistaepocadigital.com.ar\/wp-content\/uploads\/2023\/01\/rura-pre-chic.jpg\" alt=\"\" width=\"567\" height=\"425\" srcset=\"https:\/\/revistaepocadigital.com.ar\/wp-content\/uploads\/2023\/01\/rura-pre-chic.jpg 567w, https:\/\/revistaepocadigital.com.ar\/wp-content\/uploads\/2023\/01\/rura-pre-chic-300x225.jpg 300w, https:\/\/revistaepocadigital.com.ar\/wp-content\/uploads\/2023\/01\/rura-pre-chic-80x60.jpg 80w, https:\/\/revistaepocadigital.com.ar\/wp-content\/uploads\/2023\/01\/rura-pre-chic-160x120.jpg 160w, https:\/\/revistaepocadigital.com.ar\/wp-content\/uploads\/2023\/01\/rura-pre-chic-265x198.jpg 265w, https:\/\/revistaepocadigital.com.ar\/wp-content\/uploads\/2023\/01\/rura-pre-chic-530x396.jpg 530w, https:\/\/revistaepocadigital.com.ar\/wp-content\/uploads\/2023\/01\/rura-pre-chic-560x420.jpg 560w\" sizes=\"auto, (max-width: 567px) 100vw, 567px\" \/><\/p>\n<p>&nbsp;<\/p>\n<p>MENCION \u201cDOMINGO FAUSTINO SARMIENTO\u201d 2022 (MEJOR ALUMNO)<\/p>\n<p>Martina Imenson Escuela N\u00b0 8 &#8211; Coronel F\u00e9lix Bogado \u2013 Z\u00e1rate<\/p>\n<p>Vicente Cesario Escuela N\u00b0 13 &#8211; Gabriela Mistral \u2013 Z\u00e1rate<\/p>\n<p>Luka Voney Escuela N\u00ba 14 &#8211; Nuestra Se\u00f1ora de Luj\u00e1n \u2013 Z\u00e1rate<\/p>\n<p>Florentino Flores Escuela N\u00b0 16 &#8211; Fragata Sarmiento \u2013 Z\u00e1rate<\/p>\n<p>Francesco Pittorino Escuela N\u00b0 16 &#8211; Fragata Sarmiento \u2013 Z\u00e1rate<\/p>\n<p>Ailen Nicole Butta E.E.A. N\u00ba 1 &#8211; Carlos von Bernard \u2013 Z\u00e1rate<\/p>\n<p>Lucia Elizabeth Amicone E.E.A. N\u00ba 1 &#8211; Carlos von Bernard \u2013 Z\u00e1rate<\/p>\n<p>Lisandro Eloy Bertrand E.E.A. N\u00ba 1 &#8211; Carlos von Bernard \u2013 Z\u00e1rate<\/p>\n<p>Tania Huanca Mamani Escuela N\u00b0 18 -Fray Mamerto Esquiu \u2013 Z\u00e1rate<\/p>\n<p>Caleb Perez Gonzalez Escuela N\u00b0 31 &#8211; Mart\u00edn Miguel de Guemes \u2013 Z\u00e1rate<\/p>\n<p>Franco Telecheco Escuela N\u00b0 32 &#8211; Almafuerte \u2013 Z\u00e1rate<\/p>\n<p>Tiara Mu\u00f1oz Escuela N\u00b0 11 &#8211; Almafuerte \u2013 Campana<\/p>\n<p>Melany Rodriguez Escuela N\u00b0 18 &#8211; Manuel Estrada \u2013 Campana<\/p>\n<p>Tiago Leonel Caceres Escuela N\u00b0 24 &#8211; Carlos Saavedra Lamas \u2013 Campana<\/p>\n<p>Ana Laura Hernandez Escuela N\u00b0 24 &#8211; Carlos Saavedra Lamas \u2013 Campana<\/p>\n<p>Benjamin Cardozo Escuela N\u00b0 3 &#8211; Gabriela Mistral &#8211; Ex. de la Cruz<\/p>\n<p>Victoria Canaglic Escuela N\u00b0 4 &#8211; Gral. Jos\u00e9 de San Mart\u00edn &#8211; Ex. de la Cruz<\/p>\n<p>Luciano Valent\u00edn Alvarez Escuela N\u00ba 5 &#8211; Gral. Manuel Belgrano &#8211; Ex. de la Cruz<\/p>\n<p>Keira Amanda Sanz Escuela N\u00ba 6 &#8211; Alte. Guillermo Brown &#8211; Ex. de la Cruz<\/p>\n<p>Mia Massanti Izaguirre Escuela N\u00b0 7 &#8211; Roque S\u00e1enz Pe\u00f1a &#8211; Ex. de la Cruz<\/p>\n<p>Giuliana Geraldine Franco Escuela N\u00ba 9 &#8211; Fray Mamerto Esqui\u00fa &#8211; Ex. de la Cruz<\/p>\n<p>Santiago Rano Escuela N\u00ba 10 &#8211; Dalmasio V\u00e9lez Sarfield &#8211; Ex. de la Cruz<\/p>\n<p>Gabriel Alberto Odda Escuela N\u00ba 10 &#8211; Dalmasio V\u00e9lez Sarfield &#8211; Ex. de la Cruz<\/p>\n<p>Nazareno Grecco Escuela N\u00b0 14 &#8211; Juan Jos\u00e9 Paso &#8211; Ex. de la Cruz<\/p>\n<p>Maxima Felicitas Paez Escuela N\u00b0 16 &#8211; Justo Jos\u00e9 Urquiza &#8211; Ex. de la Cruz<\/p>\n<p>Melany Condori Llanos Escuela N\u00b0 19 &#8211; Alicia Moreau de Justo &#8211; Ex. de la Cruz<\/p>\n<p>Catalina Lemarie CEPT N\u00b0 32 &#8211; Diego Gaynor &#8211; Ex. de la Cruz<\/p>\n<p>PREMIO &#8220;DOMINGO FAUSTINO SARMIENTO\u201d 2022 AL MEJOR PROMEDIO<\/p>\n<p>Luka Voney Promedio 10 &#8211; Escuela N\u00b0 14 &#8211; Nuestra Se\u00f1ora de Lujan \u2013 Z\u00e1rate<\/p>\n<p>Florentino Flores Promedio 10 &#8211; Escuela N\u00b0 16 &#8211; Fragata Sarmiento \u2013 Z\u00e1rate<\/p>\n<p>Francesco Pittorino Promedio 10 &#8211; Escuela N\u00b0 16 &#8211; Fragata Sarmiento \u2013 Z\u00e1rate<\/p>\n<p>Caleb Perez Gonzalez Promedio 10 &#8211; Escuela N\u00b0 31 &#8211; Mart\u00edn Miguel de Guemes \u2013 Z\u00e1rate<\/p>\n<p>Benjamin Cardozo Promedio 10 &#8211; Escuela N\u00b0 3 Gabriela Mistral &#8211; Ex. de la Cruz<\/p>\n<p>Victoria Canaglic Promedio 10 &#8211; Escuela N\u00ba 4 &#8211; Gral. Jos\u00e9 de San Mart\u00edn &#8211; Ex. de la Cruz<\/p>\n<p>Giuliana Geraldine Franco Promedio 10 &#8211; Escuela N\u00b0 9 &#8211; Fray Mamerto Esquiu &#8211; Ex. de la Cruz<\/p>\n<p>Melany Rodriguez Promedio 9,30 &#8211; Escuela N\u00b0 18 &#8211; Manuel Estrada &#8211; Campana<\/p>\n<p>En la \u00faltima foto, todos los merecidos ganadores de los premios.<\/p>\n<p>___________________________________________________________________________________________________________________________________________________________________________________<\/p>\n<\/div>\n<\/div>\n<\/div>\n<\/td>\n<\/tr>\n<\/tbody>\n<\/table>\n<\/div>\n<\/div>\n<\/div>\n<\/div>\n","protected":false},"excerpt":{"rendered":"<p>UNA TRADICI\u00d3N EN CADA CIERRE DE A\u00d1O, SE REITERO. \u00a0<\/p>\n","protected":false},"author":4,"featured_media":19453,"comment_status":"open","ping_status":"open","sticky":false,"template":"","format":"standard","meta":{"footnotes":"","jetpack_publicize_message":"","jetpack_publicize_feature_enabled":true,"jetpack_social_post_already_shared":false,"jetpack_social_options":{"image_generator_settings":{"template":"highway","default_image_id":0,"font":"","enabled":false},"version":2}},"categories":[11],"tags":[2177,347],"class_list":["post-19447","post","type-post","status-publish","format-standard","has-post-thumbnail","hentry","category-entidades","tag-premios","tag-sociedad-rural"],"jetpack_publicize_connections":[],"jetpack_featured_media_url":"https:\/\/revistaepocadigital.com.ar\/wp-content\/uploads\/2023\/01\/rural-premios-22.jpg","jetpack_likes_enabled":true,"_links":{"self":[{"href":"https:\/\/revistaepocadigital.com.ar\/index.php?rest_route=\/wp\/v2\/posts\/19447","targetHints":{"allow":["GET"]}}],"collection":[{"href":"https:\/\/revistaepocadigital.com.ar\/index.php?rest_route=\/wp\/v2\/posts"}],"about":[{"href":"https:\/\/revistaepocadigital.com.ar\/index.php?rest_route=\/wp\/v2\/types\/post"}],"author":[{"embeddable":true,"href":"https:\/\/revistaepocadigital.com.ar\/index.php?rest_route=\/wp\/v2\/users\/4"}],"replies":[{"embeddable":true,"href":"https:\/\/revistaepocadigital.com.ar\/index.php?rest_route=%2Fwp%2Fv2%2Fcomments&post=19447"}],"version-history":[{"count":0,"href":"https:\/\/revistaepocadigital.com.ar\/index.php?rest_route=\/wp\/v2\/posts\/19447\/revisions"}],"wp:featuredmedia":[{"embeddable":true,"href":"https:\/\/revistaepocadigital.com.ar\/index.php?rest_route=\/wp\/v2\/media\/19453"}],"wp:attachment":[{"href":"https:\/\/revistaepocadigital.com.ar\/index.php?rest_route=%2Fwp%2Fv2%2Fmedia&parent=19447"}],"wp:term":[{"taxonomy":"category","embeddable":true,"href":"https:\/\/revistaepocadigital.com.ar\/index.php?rest_route=%2Fwp%2Fv2%2Fcategories&post=19447"},{"taxonomy":"post_tag","embeddable":true,"href":"https:\/\/revistaepocadigital.com.ar\/index.php?rest_route=%2Fwp%2Fv2%2Ftags&post=19447"}],"curies":[{"name":"wp","href":"https:\/\/api.w.org\/{rel}","templated":true}]}}